{"id":78628,"date":"2017-04-28T06:04:33","date_gmt":"2017-04-28T10:04:33","guid":{"rendered":"http:\/\/www.eltrabajo.cl\/2017\/?p=78628"},"modified":"2017-04-28T06:04:33","modified_gmt":"2017-04-28T10:04:33","slug":"alcalde-edgardo-gonzalez-anuncio-eliminacion-de-parquimetros-en-llay-llay","status":"publish","type":"post","link":"https:\/\/eltrabajo.cl\/portal\/alcalde-edgardo-gonzalez-anuncio-eliminacion-de-parquimetros-en-llay-llay\/","title":{"rendered":"Alcalde Edgardo Gonz\u00e1lez anunci\u00f3 eliminaci\u00f3n de parqu\u00edmetros en Llay Llay"},"content":{"rendered":"<figure id=\"attachment_78630\" aria-describedby=\"caption-attachment-78630\" style=\"width: 580px\" class=\"wp-caption alignnone\"><img data-recalc-dims=\"1\" loading=\"lazy\" decoding=\"async\" class=\"size-full wp-image-78630\" src=\"https:\/\/i0.wp.com\/www.eltrabajo.cl\/2017\/wp-content\/uploads\/2017\/04\/cuenta-publica-llayllay.jpg?resize=580%2C349\" alt=\"Importantes autoridades y un inmenso marco de p\u00fablico durante la cuenta p\u00fablica realizada este mi\u00e9rcoles por el alcalde de Llay Llay.\" width=\"580\" height=\"349\" srcset=\"https:\/\/i0.wp.com\/eltrabajo.cl\/portal\/wp-content\/uploads\/2017\/04\/cuenta-publica-llayllay.jpg?w=580&amp;ssl=1 580w, https:\/\/i0.wp.com\/eltrabajo.cl\/portal\/wp-content\/uploads\/2017\/04\/cuenta-publica-llayllay.jpg?resize=200%2C120&amp;ssl=1 200w, https:\/\/i0.wp.com\/eltrabajo.cl\/portal\/wp-content\/uploads\/2017\/04\/cuenta-publica-llayllay.jpg?resize=300%2C181&amp;ssl=1 300w, https:\/\/i0.wp.com\/eltrabajo.cl\/portal\/wp-content\/uploads\/2017\/04\/cuenta-publica-llayllay.jpg?resize=150%2C90&amp;ssl=1 150w\" sizes=\"auto, (max-width: 580px) 100vw, 580px\" \/><figcaption id=\"caption-attachment-78630\" class=\"wp-caption-text\">Importantes autoridades y un inmenso marco de p\u00fablico durante la cuenta p\u00fablica realizada este mi\u00e9rcoles por el alcalde de Llay Llay.<\/figcaption><\/figure>\n<ul>\n<li><span style=\"color: #ff0000;\"><strong>La medida, que regir\u00e1 a partir del segundo semestre, fue informada a la comunidad mientras la m\u00e1xima autoridad local rend\u00eda cuenta p\u00fablica.<\/strong><\/span><\/li>\n<\/ul>\n<p><strong>LLAY LLAY.-<\/strong> En una medida ejemplar, digna de imitar por los dem\u00e1s alcaldes del Valle de Aconcagua, el Alcalde Edgardo Gonz\u00e1lez entreg\u00f3 una excelente noticia este mi\u00e9rcoles a la comunidad de Llay Llay, mientras presentaba su Cuenta P\u00fablica. Se trata de la eliminaci\u00f3n del cobro de estacionamientos en la comuna, noticia que fue fuertemente aplaudida por todos los presentes.<br \/>\nEl edil inform\u00f3 que la medida comenzar\u00e1 a regir a partir del segundo semestre, fecha en que concluye el contrato de la empresa con la municipalidad.<br \/>\nAl respecto, la m\u00e1xima autoridad local dijo que con esto se busca beneficiar a toda la comunidad: \u201cTomamos la decisi\u00f3n de no renovar la licitaci\u00f3n de los parqu\u00edmetros y de esta forma recuperar las calles de Llay Llay para todos los vecinos y vecinas, esto lo hacemos porque entendemos que no hay raz\u00f3n para pagar a un privado por estacionarse en un Bien Nacional de uso p\u00fablico, para lo cual este privado no hace ninguna inversi\u00f3n, adem\u00e1s el aporte que hace al municipio es m\u00ednimo, por lo tanto no es significativo en el presupuesto municipal. Adicionalmente quiero se\u00f1alar que nos vamos a reunir con los doce trabajadores que se podr\u00edan ver afectados a partir del segundo semestre, para buscar intermediar laboralmente sus puestos de trabajos y brindarles alguna posibilidad. Con esta medida, creemos estar tomando la decisi\u00f3n correcta, porque esto busca y va a beneficiar a toda la comunidad de Llay Llay\u201d, enfatiz\u00f3 el edil.<\/p>\n<figure id=\"attachment_78629\" aria-describedby=\"caption-attachment-78629\" style=\"width: 580px\" class=\"wp-caption alignnone\"><img data-recalc-dims=\"1\" loading=\"lazy\" decoding=\"async\" class=\"size-full wp-image-78629\" src=\"https:\/\/i0.wp.com\/www.eltrabajo.cl\/2017\/wp-content\/uploads\/2017\/04\/cuenta-publica-llayllay-no-parquimetros.jpg?resize=580%2C350\" alt=\"El Alcalde Edgardo Gonz\u00e1lez durante su cuenta p\u00fablica entreg\u00f3 una excelente noticia a los vecinos de Llay Llay.\" width=\"580\" height=\"350\" srcset=\"https:\/\/i0.wp.com\/eltrabajo.cl\/portal\/wp-content\/uploads\/2017\/04\/cuenta-publica-llayllay-no-parquimetros.jpg?w=580&amp;ssl=1 580w, https:\/\/i0.wp.com\/eltrabajo.cl\/portal\/wp-content\/uploads\/2017\/04\/cuenta-publica-llayllay-no-parquimetros.jpg?resize=200%2C121&amp;ssl=1 200w, https:\/\/i0.wp.com\/eltrabajo.cl\/portal\/wp-content\/uploads\/2017\/04\/cuenta-publica-llayllay-no-parquimetros.jpg?resize=300%2C181&amp;ssl=1 300w, https:\/\/i0.wp.com\/eltrabajo.cl\/portal\/wp-content\/uploads\/2017\/04\/cuenta-publica-llayllay-no-parquimetros.jpg?resize=150%2C91&amp;ssl=1 150w\" sizes=\"auto, (max-width: 580px) 100vw, 580px\" \/><figcaption id=\"caption-attachment-78629\" class=\"wp-caption-text\">El Alcalde Edgardo Gonz\u00e1lez durante su cuenta p\u00fablica entreg\u00f3 una excelente noticia a los vecinos de Llay Llay.<\/figcaption><\/figure>\n","protected":false},"excerpt":{"rendered":"<p>La medida, que regir\u00e1 a partir del segundo semestre, fue informada a la comunidad mientras la m\u00e1xima autoridad local rend\u00eda cuenta p\u00fablica. LLAY LLAY.- En una medida ejemplar, digna de imitar por&#8230;<\/p>\n","protected":false},"author":1,"featured_media":78629,"comment_status":"open","ping_status":"open","sticky":false,"template":"","format":"standard","meta":{"advanced_seo_description":"","jetpack_seo_html_title":"","jetpack_seo_noindex":false,"_jetpack_memberships_contains_paid_content":false,"footnotes":""},"categories":[1],"tags":[],"class_list":["post-78628","post","type-post","status-publish","format-standard","has-post-thumbnail","hentry","category-cronica"],"jetpack_featured_media_url":"https:\/\/i0.wp.com\/eltrabajo.cl\/portal\/wp-content\/uploads\/2017\/04\/cuenta-publica-llayllay-no-parquimetros.jpg?fit=580%2C350&ssl=1","jetpack_sharing_enabled":true,"jetpack_likes_enabled":true,"jetpack-related-posts":[],"_links":{"self":[{"href":"https:\/\/eltrabajo.cl\/portal\/wp-json\/wp\/v2\/posts\/78628","targetHints":{"allow":["GET"]}}],"collection":[{"href":"https:\/\/eltrabajo.cl\/portal\/wp-json\/wp\/v2\/posts"}],"about":[{"href":"https:\/\/eltrabajo.cl\/portal\/wp-json\/wp\/v2\/types\/post"}],"author":[{"embeddable":true,"href":"https:\/\/eltrabajo.cl\/portal\/wp-json\/wp\/v2\/users\/1"}],"replies":[{"embeddable":true,"href":"https:\/\/eltrabajo.cl\/portal\/wp-json\/wp\/v2\/comments?post=78628"}],"version-history":[{"count":0,"href":"https:\/\/eltrabajo.cl\/portal\/wp-json\/wp\/v2\/posts\/78628\/revisions"}],"wp:featuredmedia":[{"embeddable":true,"href":"https:\/\/eltrabajo.cl\/portal\/wp-json\/wp\/v2\/media\/78629"}],"wp:attachment":[{"href":"https:\/\/eltrabajo.cl\/portal\/wp-json\/wp\/v2\/media?parent=78628"}],"wp:term":[{"taxonomy":"category","embeddable":true,"href":"https:\/\/eltrabajo.cl\/portal\/wp-json\/wp\/v2\/categories?post=78628"},{"taxonomy":"post_tag","embeddable":true,"href":"https:\/\/eltrabajo.cl\/portal\/wp-json\/wp\/v2\/tags?post=78628"}],"curies":[{"name":"wp","href":"https:\/\/api.w.org\/{rel}","templated":true}]}}