{"id":78636,"date":"2017-05-02T06:00:20","date_gmt":"2017-05-02T10:00:20","guid":{"rendered":"http:\/\/www.eltrabajo.cl\/2017\/?p=78636"},"modified":"2017-05-02T06:00:20","modified_gmt":"2017-05-02T10:00:20","slug":"comprometen-estacion-itinerante-de-monitoreo-de-la-calidad-del-aire","status":"publish","type":"post","link":"https:\/\/eltrabajo.cl\/portal\/comprometen-estacion-itinerante-de-monitoreo-de-la-calidad-del-aire\/","title":{"rendered":"Comprometen estaci\u00f3n itinerante de monitoreo de la calidad del aire"},"content":{"rendered":"<figure id=\"attachment_78638\" aria-describedby=\"caption-attachment-78638\" style=\"width: 580px\" class=\"wp-caption alignnone\"><img data-recalc-dims=\"1\" loading=\"lazy\" decoding=\"async\" class=\"size-full wp-image-78638\" src=\"https:\/\/i0.wp.com\/www.eltrabajo.cl\/2017\/wp-content\/uploads\/2017\/05\/Tania-Bertoglio.jpg?resize=580%2C707\" alt=\"Tania Bertoglio, Seremi de Medioambiente de la Regi\u00f3n de Valpara\u00edso.\" width=\"580\" height=\"707\" srcset=\"https:\/\/i0.wp.com\/eltrabajo.cl\/portal\/wp-content\/uploads\/2017\/05\/Tania-Bertoglio.jpg?w=580&amp;ssl=1 580w, https:\/\/i0.wp.com\/eltrabajo.cl\/portal\/wp-content\/uploads\/2017\/05\/Tania-Bertoglio.jpg?resize=123%2C150&amp;ssl=1 123w, https:\/\/i0.wp.com\/eltrabajo.cl\/portal\/wp-content\/uploads\/2017\/05\/Tania-Bertoglio.jpg?resize=246%2C300&amp;ssl=1 246w, https:\/\/i0.wp.com\/eltrabajo.cl\/portal\/wp-content\/uploads\/2017\/05\/Tania-Bertoglio.jpg?resize=400%2C488&amp;ssl=1 400w\" sizes=\"auto, (max-width: 580px) 100vw, 580px\" \/><figcaption id=\"caption-attachment-78638\" class=\"wp-caption-text\">Tania Bertoglio, Seremi de Medioambiente de la Regi\u00f3n de Valpara\u00edso.<\/figcaption><\/figure>\n<ul>\n<li><strong><span style=\"color: #ff0000;\">S\u00f3lo existe una estaci\u00f3n en Catemu:<\/span>\u00a0Seremi de Medioambiente asegur\u00f3 que gestionar\u00e1 una unidad de medici\u00f3n \u2018intermitente\u2019, que al menos durante el invierno permita conocer si en la zona existe saturaci\u00f3n por material particulado.<\/strong><\/li>\n<\/ul>\n<p>Con la llegada del invierno, los term\u00f3metros del Valle Aconcagua suelen descender hasta temperaturas bajo cero: madrugadas g\u00e9lidas, d\u00edas fr\u00edos y tardes igualmente heladas, han desencadenado durante los \u00faltimos a\u00f1os la proliferaci\u00f3n de los sistemas de calefacci\u00f3n a le\u00f1a y con ello el empeoramiento de la calidad del aire que se respira.<br \/>\nEso al menos se aprecia a simple vista, \u00bfpero en realidad sabemos a ciencia cierta qu\u00e9 tipo de aire estamos respirando? o \u00bfcu\u00e1les son las acciones a realizar para mermar la contaminaci\u00f3n durante el invierno que se avecina? Lamentablemente en la provincia de San Felipe s\u00f3lo Catemu cuenta con una estaci\u00f3n de monitoreo permanente para medir de la calidad del aire, mientras que los habitantes de San Felipe y otras comunas -sin par\u00e1metros objetivos- deben soportar no s\u00f3lo el uso indiscriminado de estos sistemas de calefacci\u00f3n, sino que adem\u00e1s la quema de pastizales y la contaminaci\u00f3n que generan las distintas industrias de la zona.<br \/>\nAs\u00ed lo confirm\u00f3 Tania Bertoglio, Seremi de Medioambiente de la Regi\u00f3n de Valpara\u00edso, quien asegur\u00f3 que la inexistencia de una unidad especializada en medici\u00f3n de la calidad del aire, impide conocer si en San Felipe y sus alrededores hay \u2018alg\u00fan tipo de saturaci\u00f3n por material particulado\u2019.<br \/>\n\u00abLamentablemente como aqu\u00ed no existe reporte de una estaci\u00f3n de monitoreo, es muy dif\u00edcil reportarla como una zona saturada o elaborar planes de prevenci\u00f3n, porque para esto debemos tener datos estad\u00edsticos por m\u00e1s de cinco a\u00f1os\u00bb, explic\u00f3 Bertoglio, agregando que -de todas formas \u2013 el cuidado del aire es una responsabilidad conjunta, en donde las Municipalidades tambi\u00e9n deben tomar cartas en el asunto.<br \/>\n\u00abExiste mucha quema agr\u00edcola, la cual, cuando no est\u00e1 autorizada por Conaf (Corporaci\u00f3n Nacional Forestal), debe ser fiscalizada, entonces aqu\u00ed tambi\u00e9n debe tomar un rol importante del municipio, para que solicite a Carabineros que impida ese tipo de quemas\u00bb, sostuvo la personera de Gobierno, argumentando que \u00abhay pr\u00e1cticas de los propios habitantes, a las que deben estar asociadas ordenanzas municipales que restrinjan ese uso\u00bb, afirm\u00f3.<br \/>\nAun as\u00ed, la Seremi de Medioambiente de Valpara\u00edso reconoci\u00f3 que para establecer planes hay que declarar zonas saturadas, por lo tanto \u00abdesde el Ministerio de Medioambiente nos falta un compromiso no s\u00f3lo de hacer informes para saber c\u00f3mo est\u00e1 la calidad del aire, sino que, hacer un poco lo que estamos haciendo en Quintero, Con-Con y Puchuncav\u00ed, en donde tenemos una estaci\u00f3n m\u00f3vil que est\u00e1 recorriendo estos lugares, est\u00e1 reevaluando si las estaciones de esos puntos deben estar ah\u00ed, readecuarse o colocar otras\u00bb, a\u00f1adi\u00f3.<br \/>\nEn virtud de que a futuro exista un plan de descontaminaci\u00f3n para Aconcagua, Bertoglio se comprometi\u00f3 a gestionar una estaci\u00f3n de monitoreo intermitente que permita obtener ciertas referencias de la calidad del aire y as\u00ed guiar las acciones que deben realizar las autoridades locales.<br \/>\n\u00abYo voy a averiguar en el Ministerio de Medioambiente si pudi\u00e9semos ir midiendo en algunas zonas donde hay un excesivo uso de combusti\u00f3n a le\u00f1a y quema agr\u00edcola, no para instalarla permanentemente pero al menos que en invierno disminuye la calidad del aire que respiramos en esta ciudad y Provincia, as\u00ed que tendr\u00edamos que hacer un esfuerzo para al menos determinar qu\u00e9 est\u00e1 pasando\u00bb, concluy\u00f3 la Seremi.<\/p>\n<figure id=\"attachment_78637\" aria-describedby=\"caption-attachment-78637\" style=\"width: 580px\" class=\"wp-caption alignnone\"><img data-recalc-dims=\"1\" loading=\"lazy\" decoding=\"async\" class=\"size-full wp-image-78637\" src=\"https:\/\/i0.wp.com\/www.eltrabajo.cl\/2017\/wp-content\/uploads\/2017\/05\/Humo1.jpg?resize=580%2C349\" alt=\"San Felipe no cuenta con una estaci\u00f3n de monitoreo que permita dimensionar c\u00f3mo el uso de calefacci\u00f3n a le\u00f1a, las quemas agr\u00edcolas y la contaminaci\u00f3n industrial, afectan la calidad del aire que respiran sus habitantes.\" width=\"580\" height=\"349\" srcset=\"https:\/\/i0.wp.com\/eltrabajo.cl\/portal\/wp-content\/uploads\/2017\/05\/Humo1.jpg?w=580&amp;ssl=1 580w, https:\/\/i0.wp.com\/eltrabajo.cl\/portal\/wp-content\/uploads\/2017\/05\/Humo1.jpg?resize=200%2C120&amp;ssl=1 200w, https:\/\/i0.wp.com\/eltrabajo.cl\/portal\/wp-content\/uploads\/2017\/05\/Humo1.jpg?resize=300%2C181&amp;ssl=1 300w, https:\/\/i0.wp.com\/eltrabajo.cl\/portal\/wp-content\/uploads\/2017\/05\/Humo1.jpg?resize=249%2C150&amp;ssl=1 249w, https:\/\/i0.wp.com\/eltrabajo.cl\/portal\/wp-content\/uploads\/2017\/05\/Humo1.jpg?resize=400%2C241&amp;ssl=1 400w\" sizes=\"auto, (max-width: 580px) 100vw, 580px\" \/><figcaption id=\"caption-attachment-78637\" class=\"wp-caption-text\">San Felipe no cuenta con una estaci\u00f3n de monitoreo que permita dimensionar c\u00f3mo el uso de calefacci\u00f3n a le\u00f1a, las quemas agr\u00edcolas y la contaminaci\u00f3n industrial, afectan la calidad del aire que respiran sus habitantes.<\/figcaption><\/figure>\n","protected":false},"excerpt":{"rendered":"<p>S\u00f3lo existe una estaci\u00f3n en Catemu:\u00a0Seremi de Medioambiente asegur\u00f3 que gestionar\u00e1 una unidad de medici\u00f3n \u2018intermitente\u2019, que al menos durante el invierno permita conocer si en la zona existe saturaci\u00f3n por material&#8230;<\/p>\n","protected":false},"author":482,"featured_media":78637,"comment_status":"open","ping_status":"open","sticky":false,"template":"","format":"standard","meta":{"advanced_seo_description":"","jetpack_seo_html_title":"","jetpack_seo_noindex":false,"_jetpack_memberships_contains_paid_content":false,"footnotes":""},"categories":[1],"tags":[],"class_list":["post-78636","post","type-post","status-publish","format-standard","has-post-thumbnail","hentry","category-cronica"],"jetpack_featured_media_url":"https:\/\/i0.wp.com\/eltrabajo.cl\/portal\/wp-content\/uploads\/2017\/05\/Humo1.jpg?fit=580%2C349&ssl=1","jetpack_sharing_enabled":true,"jetpack_likes_enabled":true,"jetpack-related-posts":[],"_links":{"self":[{"href":"https:\/\/eltrabajo.cl\/portal\/wp-json\/wp\/v2\/posts\/78636","targetHints":{"allow":["GET"]}}],"collection":[{"href":"https:\/\/eltrabajo.cl\/portal\/wp-json\/wp\/v2\/posts"}],"about":[{"href":"https:\/\/eltrabajo.cl\/portal\/wp-json\/wp\/v2\/types\/post"}],"author":[{"embeddable":true,"href":"https:\/\/eltrabajo.cl\/portal\/wp-json\/wp\/v2\/users\/482"}],"replies":[{"embeddable":true,"href":"https:\/\/eltrabajo.cl\/portal\/wp-json\/wp\/v2\/comments?post=78636"}],"version-history":[{"count":0,"href":"https:\/\/eltrabajo.cl\/portal\/wp-json\/wp\/v2\/posts\/78636\/revisions"}],"wp:featuredmedia":[{"embeddable":true,"href":"https:\/\/eltrabajo.cl\/portal\/wp-json\/wp\/v2\/media\/78637"}],"wp:attachment":[{"href":"https:\/\/eltrabajo.cl\/portal\/wp-json\/wp\/v2\/media?parent=78636"}],"wp:term":[{"taxonomy":"category","embeddable":true,"href":"https:\/\/eltrabajo.cl\/portal\/wp-json\/wp\/v2\/categories?post=78636"},{"taxonomy":"post_tag","embeddable":true,"href":"https:\/\/eltrabajo.cl\/portal\/wp-json\/wp\/v2\/tags?post=78636"}],"curies":[{"name":"wp","href":"https:\/\/api.w.org\/{rel}","templated":true}]}}