{"id":78640,"date":"2017-05-02T06:01:03","date_gmt":"2017-05-02T10:01:03","guid":{"rendered":"http:\/\/www.eltrabajo.cl\/2017\/?p=78640"},"modified":"2017-05-02T06:01:03","modified_gmt":"2017-05-02T10:01:03","slug":"servel-llama-a-verificar-domicilio-electoral-para-elecciones-2017","status":"publish","type":"post","link":"https:\/\/eltrabajo.cl\/portal\/servel-llama-a-verificar-domicilio-electoral-para-elecciones-2017\/","title":{"rendered":"Servel llama a verificar domicilio electoral para elecciones 2017"},"content":{"rendered":"<figure id=\"attachment_78642\" aria-describedby=\"caption-attachment-78642\" style=\"width: 579px\" class=\"wp-caption alignnone\"><img data-recalc-dims=\"1\" loading=\"lazy\" decoding=\"async\" class=\"size-full wp-image-78642\" src=\"https:\/\/i0.wp.com\/www.eltrabajo.cl\/2017\/wp-content\/uploads\/2017\/05\/Servel-Katy-Cortes.jpg?resize=579%2C583\" alt=\"Directora regional de Servel, Katy Cort\u00e9s Valenzuela.\" width=\"579\" height=\"583\" srcset=\"https:\/\/i0.wp.com\/eltrabajo.cl\/portal\/wp-content\/uploads\/2017\/05\/Servel-Katy-Cortes.jpg?w=579&amp;ssl=1 579w, https:\/\/i0.wp.com\/eltrabajo.cl\/portal\/wp-content\/uploads\/2017\/05\/Servel-Katy-Cortes.jpg?resize=149%2C150&amp;ssl=1 149w, https:\/\/i0.wp.com\/eltrabajo.cl\/portal\/wp-content\/uploads\/2017\/05\/Servel-Katy-Cortes.jpg?resize=298%2C300&amp;ssl=1 298w, https:\/\/i0.wp.com\/eltrabajo.cl\/portal\/wp-content\/uploads\/2017\/05\/Servel-Katy-Cortes.jpg?resize=400%2C403&amp;ssl=1 400w\" sizes=\"auto, (max-width: 579px) 100vw, 579px\" \/><figcaption id=\"caption-attachment-78642\" class=\"wp-caption-text\">Directora regional de Servel, Katy Cort\u00e9s Valenzuela.<\/figcaption><\/figure>\n<p>ChileAtiende y Registro Civil habilitados para este tr\u00e1mite:\u00a0Hasta ma\u00f1ana martes 3 de mayo quienes deseen votar en las primarias del 2 de julio, tendr\u00e1n plazo para cambiar su domicilio electoral, y para las elecciones del 19 de noviembre ser\u00e1 hasta el 1 de julio.<\/p>\n<p>El Servicio Electoral (Servel) llam\u00f3 a los ciudadanos a verificar sus domicilios electorales para participar de las pr\u00f3ximas elecciones. Para ello, se han habilitado diversos mecanismos que incluyen un acercamiento del servicio a la ciudadan\u00eda en las regiones, pues hasta ma\u00f1ana martes 3 de mayo quienes deseen votar en las primarias del 2 de julio, tendr\u00e1n plazo para cambiar su domicilio electoral, y para las elecciones del 19 de noviembre, ser\u00e1 hasta el 1 de julio.<br \/>\nFue con miras a conocer los pasos a seguir en relaci\u00f3n a este tema, que un equipo period\u00edstico de Diario El Trabajo viaj\u00f3 hasta Valpara\u00edso para poder entrevistar a la directora regional de Servel, Katy Cort\u00e9s Valenzuela.<br \/>\n\u00abEntre las acciones que como Servicio estamos desarrollando para asegurar que todos los ciudadanos habilitados para votar puedan ejercer su derecho sin contratiempos en las Elecciones 2017, los estamos invitando a revisar su domicilio electoral, para lo cual se han dispuesto todas las instancias pertinentes, tanto presenciales como electr\u00f3nicas\u00bb, asegur\u00f3 Cort\u00e9s.<\/p>\n<p><strong>\u00bfPOR QU\u00c9 OCURRE?<\/strong><br \/>\nEste tema toma relevancia luego que el proceso de las \u00faltimas Elecciones Municipales casi 500.000 personas fueron cambiadas de domicilio sin su consentimiento, tras renovar en el Registro Civil su c\u00e9dula de identidad o pasaporte, entre 2014 y 2016. Esto signific\u00f3 que muchos de ellos, eventualmente, no pudieron votar en la comuna donde viv\u00edan, trabajaban o estudiaban.<br \/>\nEntre los miles de electores a los que habr\u00eda perjudicado esta situaci\u00f3n, a la fecha cerca de 6.000 han hecho la solicitud de reversa. Debido al bajo porcentaje de requerimientos de cambio de domicilio electoral que se ha recibido, es por ello que el Servicio est\u00e1 desarrollando una nueva campa\u00f1a comunicacional con el objetivo que los ciudadanos afectados verifiquen su domicilio electoral y realicen la reversa cuando corresponda.<\/p>\n<p><strong>EN INVESTIGACI\u00d3N<\/strong><br \/>\nAl ser consultada por las responsabilidades de este cambio involuntario de domicilios electorales, la jefa regional de Servel asegur\u00f3 que \u00abnosotros no somos los llamados a delegar responsabilidades, sabemos que hay una comisi\u00f3n investigadora en el Congreso Nacional, este tema se est\u00e1 investigando y sabemos tambi\u00e9n que hay procesos en los Tribunales de Justicia, nosotros estamos concentrados en resolver este tema y eso lo podemos lograr es reversarlo o cambiar el domicilio de quienes as\u00ed lo soliciten\u00bb, dijo Cort\u00e9s a Diario El Trabajo.<br \/>\nEn el caso de los sanfelipe\u00f1os, los cambios de domicilio electoral podr\u00e1n hacerse en ChileAtiende (Merced 872), o bien en el Registro Civil si se tramita un cambio de c\u00e9dula de identidad. En el caso de San Felipe y Los Andes, habr\u00e1 visitas en terreno de personeros de Servel, pero a\u00fan la fecha no ha sido anunciada.<br \/>\n<strong>Roberto Gonz\u00e1lez Short<\/strong><br \/>\n<strong>ENVIADO ESPECIAL<\/strong><\/p>\n<figure id=\"attachment_78641\" aria-describedby=\"caption-attachment-78641\" style=\"width: 580px\" class=\"wp-caption alignnone\"><img data-recalc-dims=\"1\" loading=\"lazy\" decoding=\"async\" class=\"size-full wp-image-78641\" src=\"https:\/\/i0.wp.com\/www.eltrabajo.cl\/2017\/wp-content\/uploads\/2017\/05\/Servel-Terreno1.jpg?resize=580%2C350\" alt=\"CAMPA\u00d1A NACIONAL.- Rony N\u00fa\u00f1ez, vecino de Valpara\u00edso, aprovech\u00f3 las atenciones en terreno que la propia directora regional de Servel, Katy Cort\u00e9s Valenzuela, estaba realizando en el centro de la ciudad.\" width=\"580\" height=\"350\" srcset=\"https:\/\/i0.wp.com\/eltrabajo.cl\/portal\/wp-content\/uploads\/2017\/05\/Servel-Terreno1.jpg?w=580&amp;ssl=1 580w, https:\/\/i0.wp.com\/eltrabajo.cl\/portal\/wp-content\/uploads\/2017\/05\/Servel-Terreno1.jpg?resize=200%2C121&amp;ssl=1 200w, https:\/\/i0.wp.com\/eltrabajo.cl\/portal\/wp-content\/uploads\/2017\/05\/Servel-Terreno1.jpg?resize=300%2C181&amp;ssl=1 300w, https:\/\/i0.wp.com\/eltrabajo.cl\/portal\/wp-content\/uploads\/2017\/05\/Servel-Terreno1.jpg?resize=249%2C150&amp;ssl=1 249w, https:\/\/i0.wp.com\/eltrabajo.cl\/portal\/wp-content\/uploads\/2017\/05\/Servel-Terreno1.jpg?resize=400%2C241&amp;ssl=1 400w\" sizes=\"auto, (max-width: 580px) 100vw, 580px\" \/><figcaption id=\"caption-attachment-78641\" class=\"wp-caption-text\">CAMPA\u00d1A NACIONAL.- Rony N\u00fa\u00f1ez, vecino de Valpara\u00edso, aprovech\u00f3 las atenciones en terreno que la propia directora regional de Servel, Katy Cort\u00e9s Valenzuela, estaba realizando en el centro de la ciudad.<\/figcaption><\/figure>\n","protected":false},"excerpt":{"rendered":"<p>ChileAtiende y Registro Civil habilitados para este tr\u00e1mite:\u00a0Hasta ma\u00f1ana martes 3 de mayo quienes deseen votar en las primarias del 2 de julio, tendr\u00e1n plazo para cambiar su domicilio electoral, y para&#8230;<\/p>\n","protected":false},"author":482,"featured_media":78641,"comment_status":"open","ping_status":"open","sticky":false,"template":"","format":"standard","meta":{"advanced_seo_description":"","jetpack_seo_html_title":"","jetpack_seo_noindex":false,"_jetpack_memberships_contains_paid_content":false,"footnotes":""},"categories":[1],"tags":[],"class_list":["post-78640","post","type-post","status-publish","format-standard","has-post-thumbnail","hentry","category-cronica"],"jetpack_featured_media_url":"https:\/\/i0.wp.com\/eltrabajo.cl\/portal\/wp-content\/uploads\/2017\/05\/Servel-Terreno1.jpg?fit=580%2C350&ssl=1","jetpack_sharing_enabled":true,"jetpack_likes_enabled":true,"jetpack-related-posts":[],"_links":{"self":[{"href":"https:\/\/eltrabajo.cl\/portal\/wp-json\/wp\/v2\/posts\/78640","targetHints":{"allow":["GET"]}}],"collection":[{"href":"https:\/\/eltrabajo.cl\/portal\/wp-json\/wp\/v2\/posts"}],"about":[{"href":"https:\/\/eltrabajo.cl\/portal\/wp-json\/wp\/v2\/types\/post"}],"author":[{"embeddable":true,"href":"https:\/\/eltrabajo.cl\/portal\/wp-json\/wp\/v2\/users\/482"}],"replies":[{"embeddable":true,"href":"https:\/\/eltrabajo.cl\/portal\/wp-json\/wp\/v2\/comments?post=78640"}],"version-history":[{"count":0,"href":"https:\/\/eltrabajo.cl\/portal\/wp-json\/wp\/v2\/posts\/78640\/revisions"}],"wp:featuredmedia":[{"embeddable":true,"href":"https:\/\/eltrabajo.cl\/portal\/wp-json\/wp\/v2\/media\/78641"}],"wp:attachment":[{"href":"https:\/\/eltrabajo.cl\/portal\/wp-json\/wp\/v2\/media?parent=78640"}],"wp:term":[{"taxonomy":"category","embeddable":true,"href":"https:\/\/eltrabajo.cl\/portal\/wp-json\/wp\/v2\/categories?post=78640"},{"taxonomy":"post_tag","embeddable":true,"href":"https:\/\/eltrabajo.cl\/portal\/wp-json\/wp\/v2\/tags?post=78640"}],"curies":[{"name":"wp","href":"https:\/\/api.w.org\/{rel}","templated":true}]}}