{"id":78663,"date":"2017-05-03T06:00:10","date_gmt":"2017-05-03T10:00:10","guid":{"rendered":"http:\/\/www.eltrabajo.cl\/2017\/?p=78663"},"modified":"2017-05-03T06:00:10","modified_gmt":"2017-05-03T10:00:10","slug":"proxima-semana-habilitarian-transito-vehicular-en-yungay-prat-tocornal","status":"publish","type":"post","link":"https:\/\/eltrabajo.cl\/portal\/proxima-semana-habilitarian-transito-vehicular-en-yungay-prat-tocornal\/","title":{"rendered":"Pr\u00f3xima semana habilitar\u00edan tr\u00e1nsito vehicular en Yungay-Prat-Tocornal"},"content":{"rendered":"<ul>\n<li><strong><span style=\"color: #ff0000;\">No se trataba de estanques de combustibles, ni tampoco se hizo el trabajo dos veces<\/span> \u2013aseguran desde Serviu-, sino que, el proyecto inicial (por alguna raz\u00f3n) no consideraba el estilo \u201cadoqu\u00edn\u201d en este bandej\u00f3n, como s\u00ed lo hac\u00eda en las otras calles tangenciales a la plaza de Armas.<\/strong><\/li>\n<\/ul>\n<p>Muchas hip\u00f3tesis y rumores surgieron a partir de la postergaci\u00f3n de la entrega de las obras que se est\u00e1n realizando en avenida Yungay producto de la construcci\u00f3n de ciclov\u00edas, puntualmente en la intersecci\u00f3n de Tocornal y Arturo Prat en San Felipe. La conjetura que m\u00e1s fuerte se escuch\u00f3, argumentaba que la empresa a cargo de los trabajos, tuvo que romper el pavimento reci\u00e9n hecho, debido al hallazgo de unos estanques de combustibles existentes en ese lugar.<br \/>\nNahuel Salas, Constructor Civil y Encargado de Obras del Proyecto de construcci\u00f3n de ciclov\u00edas del Servicio de Vivienda y Urbanismo (Serviu), descart\u00f3 de plano aquella hip\u00f3tesis y se encarg\u00f3 de aclarar que en ese punto no se demoli\u00f3 el pavimento nuevo, sino que s\u00f3lo se reemplaz\u00f3 el existente hasta antes de la ejecuci\u00f3n de los trabajos.<br \/>\n\u201cEste proyecto originalmente no consideraba pavimento en ese bandej\u00f3n, sin embargo, consideramos que era necesario igualarlo con el otro circuito de calles tangentes a la plaza de Armas (O\u00b4Higgins y Chacabuco con Coimas y Salinas; y Yungay con Merced), de tal modo que se consiguieron los fondos para realizar el hormig\u00f3n estampado que hace el s\u00edmil del adoqu\u00edn y que se est\u00e1 actualizando por razones de tiempo, porque es m\u00e1s r\u00e1pido su secado y a las vista mucho m\u00e1s bonito\u201d, detall\u00f3 el profesional.<br \/>\nRespecto de la hip\u00f3tesis que dec\u00eda relaci\u00f3n con el hallazgo de estanques de combustibles, Salas refut\u00f3 esta informaci\u00f3n se\u00f1alando que en el lugar se realiz\u00f3 una excavaci\u00f3n de aproximadamente 70 cent\u00edmetros de profundidad, en la cual no se encontraron indicios de que existiese tal estaci\u00f3n de servicios.<br \/>\n\u201cDesconocemos si es que antiguamente hubo ah\u00ed una estaci\u00f3n de servicios, al menos yo no recuerdo que existiera o haber visto fotos al respecto, seguramente si es que la hubo, alguien podr\u00e1 atestiguarlo. De todas formas, cuando nosotros hicimos el pavimento nuevo, el cual est\u00e1 en ejecuci\u00f3n, llegamos a una etapa de excavaci\u00f3n donde debi\u00e9ramos haber encontrado la existencia de estanques o ca\u00f1er\u00edas y la verdad es que no apareci\u00f3 absolutamente nada, por lo tanto descarto esa existencia absolutamente\u201d, sostuvo Salas.<br \/>\nEn definitiva y, de no mediar otros imponderables que retrasen los trabajos -como el factor clim\u00e1tico-, el encargado del proyecto asegur\u00f3 que durante la pr\u00f3xima semana debiera quedar habilitado el paso de veh\u00edculos al menos de forma parcial, ya que \u201cestos son hormigones de secado r\u00e1pido, por lo tanto podr\u00edamos estar dando tr\u00e1nsito a una faja o a dos si es posible\u201d, sentenci\u00f3.<\/p>\n<figure id=\"attachment_78665\" aria-describedby=\"caption-attachment-78665\" style=\"width: 580px\" class=\"wp-caption alignnone\"><img data-recalc-dims=\"1\" loading=\"lazy\" decoding=\"async\" class=\"size-full wp-image-78665\" src=\"https:\/\/i0.wp.com\/www.eltrabajo.cl\/2017\/wp-content\/uploads\/2017\/05\/yungay-prat-2.jpg?resize=580%2C350\" alt=\"La pavimentaci\u00f3n con hormig\u00f3n estampado habr\u00eda desencadenado finalmente la postergaci\u00f3n de la habilitaci\u00f3n de esta intersecci\u00f3n.\" width=\"580\" height=\"350\" srcset=\"https:\/\/i0.wp.com\/eltrabajo.cl\/portal\/wp-content\/uploads\/2017\/05\/yungay-prat-2.jpg?w=580&amp;ssl=1 580w, https:\/\/i0.wp.com\/eltrabajo.cl\/portal\/wp-content\/uploads\/2017\/05\/yungay-prat-2.jpg?resize=200%2C121&amp;ssl=1 200w, https:\/\/i0.wp.com\/eltrabajo.cl\/portal\/wp-content\/uploads\/2017\/05\/yungay-prat-2.jpg?resize=300%2C181&amp;ssl=1 300w, https:\/\/i0.wp.com\/eltrabajo.cl\/portal\/wp-content\/uploads\/2017\/05\/yungay-prat-2.jpg?resize=249%2C150&amp;ssl=1 249w, https:\/\/i0.wp.com\/eltrabajo.cl\/portal\/wp-content\/uploads\/2017\/05\/yungay-prat-2.jpg?resize=400%2C241&amp;ssl=1 400w\" sizes=\"auto, (max-width: 580px) 100vw, 580px\" \/><figcaption id=\"caption-attachment-78665\" class=\"wp-caption-text\">La pavimentaci\u00f3n con hormig\u00f3n estampado habr\u00eda desencadenado finalmente la postergaci\u00f3n de la habilitaci\u00f3n de esta intersecci\u00f3n.<\/figcaption><\/figure>\n<figure id=\"attachment_78664\" aria-describedby=\"caption-attachment-78664\" style=\"width: 580px\" class=\"wp-caption alignnone\"><img data-recalc-dims=\"1\" loading=\"lazy\" decoding=\"async\" class=\"size-full wp-image-78664\" src=\"https:\/\/i0.wp.com\/www.eltrabajo.cl\/2017\/wp-content\/uploads\/2017\/05\/Nahuel-Salas.jpg?resize=580%2C349\" alt=\"Nahuel Salas, Constructor Civil y Encargado de Obras del Proyecto de construcci\u00f3n de ciclov\u00edas del Servicio de Vivienda y Urbanismo (SERVIU)\" width=\"580\" height=\"349\" srcset=\"https:\/\/i0.wp.com\/eltrabajo.cl\/portal\/wp-content\/uploads\/2017\/05\/Nahuel-Salas.jpg?w=580&amp;ssl=1 580w, https:\/\/i0.wp.com\/eltrabajo.cl\/portal\/wp-content\/uploads\/2017\/05\/Nahuel-Salas.jpg?resize=200%2C120&amp;ssl=1 200w, https:\/\/i0.wp.com\/eltrabajo.cl\/portal\/wp-content\/uploads\/2017\/05\/Nahuel-Salas.jpg?resize=300%2C181&amp;ssl=1 300w, https:\/\/i0.wp.com\/eltrabajo.cl\/portal\/wp-content\/uploads\/2017\/05\/Nahuel-Salas.jpg?resize=249%2C150&amp;ssl=1 249w, https:\/\/i0.wp.com\/eltrabajo.cl\/portal\/wp-content\/uploads\/2017\/05\/Nahuel-Salas.jpg?resize=400%2C241&amp;ssl=1 400w\" sizes=\"auto, (max-width: 580px) 100vw, 580px\" \/><figcaption id=\"caption-attachment-78664\" class=\"wp-caption-text\">Nahuel Salas, Constructor Civil y Encargado de Obras del Proyecto de construcci\u00f3n de ciclov\u00edas del Servicio de Vivienda y Urbanismo (SERVIU)<\/figcaption><\/figure>\n","protected":false},"excerpt":{"rendered":"<p>No se trataba de estanques de combustibles, ni tampoco se hizo el trabajo dos veces \u2013aseguran desde Serviu-, sino que, el proyecto inicial (por alguna raz\u00f3n) no consideraba el estilo \u201cadoqu\u00edn\u201d en&#8230;<\/p>\n","protected":false},"author":482,"featured_media":78665,"comment_status":"open","ping_status":"open","sticky":false,"template":"","format":"standard","meta":{"advanced_seo_description":"","jetpack_seo_html_title":"","jetpack_seo_noindex":false,"_jetpack_memberships_contains_paid_content":false,"footnotes":""},"categories":[1],"tags":[],"class_list":["post-78663","post","type-post","status-publish","format-standard","has-post-thumbnail","hentry","category-cronica"],"jetpack_featured_media_url":"https:\/\/i0.wp.com\/eltrabajo.cl\/portal\/wp-content\/uploads\/2017\/05\/yungay-prat-2.jpg?fit=580%2C350&ssl=1","jetpack_sharing_enabled":true,"jetpack_likes_enabled":true,"jetpack-related-posts":[],"_links":{"self":[{"href":"https:\/\/eltrabajo.cl\/portal\/wp-json\/wp\/v2\/posts\/78663","targetHints":{"allow":["GET"]}}],"collection":[{"href":"https:\/\/eltrabajo.cl\/portal\/wp-json\/wp\/v2\/posts"}],"about":[{"href":"https:\/\/eltrabajo.cl\/portal\/wp-json\/wp\/v2\/types\/post"}],"author":[{"embeddable":true,"href":"https:\/\/eltrabajo.cl\/portal\/wp-json\/wp\/v2\/users\/482"}],"replies":[{"embeddable":true,"href":"https:\/\/eltrabajo.cl\/portal\/wp-json\/wp\/v2\/comments?post=78663"}],"version-history":[{"count":0,"href":"https:\/\/eltrabajo.cl\/portal\/wp-json\/wp\/v2\/posts\/78663\/revisions"}],"wp:featuredmedia":[{"embeddable":true,"href":"https:\/\/eltrabajo.cl\/portal\/wp-json\/wp\/v2\/media\/78665"}],"wp:attachment":[{"href":"https:\/\/eltrabajo.cl\/portal\/wp-json\/wp\/v2\/media?parent=78663"}],"wp:term":[{"taxonomy":"category","embeddable":true,"href":"https:\/\/eltrabajo.cl\/portal\/wp-json\/wp\/v2\/categories?post=78663"},{"taxonomy":"post_tag","embeddable":true,"href":"https:\/\/eltrabajo.cl\/portal\/wp-json\/wp\/v2\/tags?post=78663"}],"curies":[{"name":"wp","href":"https:\/\/api.w.org\/{rel}","templated":true}]}}