{"id":78672,"date":"2017-05-03T06:02:39","date_gmt":"2017-05-03T10:02:39","guid":{"rendered":"http:\/\/www.eltrabajo.cl\/2017\/?p=78672"},"modified":"2017-05-03T06:02:39","modified_gmt":"2017-05-03T10:02:39","slug":"con-nota-7-se-vivio-el-11o-carnaval-batuquero-de-aconcagua-2017","status":"publish","type":"post","link":"https:\/\/eltrabajo.cl\/portal\/con-nota-7-se-vivio-el-11o-carnaval-batuquero-de-aconcagua-2017\/","title":{"rendered":"Con Nota 7 se vivi\u00f3 el 11\u00ba Carnaval Batuquero de Aconcagua 2017"},"content":{"rendered":"<figure id=\"attachment_78675\" aria-describedby=\"caption-attachment-78675\" style=\"width: 580px\" class=\"wp-caption alignnone\"><img data-recalc-dims=\"1\" loading=\"lazy\" decoding=\"async\" class=\"size-full wp-image-78675\" src=\"https:\/\/i0.wp.com\/www.eltrabajo.cl\/2017\/wp-content\/uploads\/2017\/05\/Batu2.jpg?resize=580%2C349\" alt=\"INCASABLES.- Por horas estos batuqueros sorprendieron a los sanfelipe\u00f1os, pues los ritmos y bater\u00edas se escucharon en todo el damero de nuestra ciudad.\" width=\"580\" height=\"349\" srcset=\"https:\/\/i0.wp.com\/eltrabajo.cl\/portal\/wp-content\/uploads\/2017\/05\/Batu2.jpg?w=580&amp;ssl=1 580w, https:\/\/i0.wp.com\/eltrabajo.cl\/portal\/wp-content\/uploads\/2017\/05\/Batu2.jpg?resize=200%2C120&amp;ssl=1 200w, https:\/\/i0.wp.com\/eltrabajo.cl\/portal\/wp-content\/uploads\/2017\/05\/Batu2.jpg?resize=300%2C181&amp;ssl=1 300w, https:\/\/i0.wp.com\/eltrabajo.cl\/portal\/wp-content\/uploads\/2017\/05\/Batu2.jpg?resize=249%2C150&amp;ssl=1 249w, https:\/\/i0.wp.com\/eltrabajo.cl\/portal\/wp-content\/uploads\/2017\/05\/Batu2.jpg?resize=400%2C241&amp;ssl=1 400w\" sizes=\"auto, (max-width: 580px) 100vw, 580px\" \/><figcaption id=\"caption-attachment-78675\" class=\"wp-caption-text\">INCASABLES.- Por horas estos batuqueros sorprendieron a los sanfelipe\u00f1os, pues los ritmos y bater\u00edas se escucharon en todo el damero de nuestra ciudad.<\/figcaption><\/figure>\n<p>Un estruendoso carnaval urbano fue el que se vivi\u00f3 por las principales calles de San Felipe durante el pasado fin de semana largo. Esta actividad se desarroll\u00f3 en el marco del 11\u00ba Carnaval Batuquero de Aconcagua 2017, cita a la que llegaron al menos diez batucadas de Chile.<br \/>\n\u00abFue un carnaval muy intenso, lo iniciamos el viernes a las 16:00 horas con batucazo en la Plaza de Armas, luego a las 18:00 horas seguimos con un pasacalle especial, llegaron batucadas de Copiap\u00f3, Vallenar, Arica, Puerto Mont, Santiago y hasta de Concepci\u00f3n\u00bb, report\u00f3 a Diario El Trabajo el director de Cora\u00e7\u00e3o Batuqueiros de San Felipe, agrupaci\u00f3n anfitriona del carnaval, Sergio Castro.<br \/>\nLuego estos chicos ofrecieron otra presentaci\u00f3n frente al Tottus, siguiendo despu\u00e9s por O\u2019Higgins y Coimas hasta nuestra Plaza de Armas, el d\u00eda s\u00e1bado. Las c\u00e1maras de Diario El Trabajo tomaron registro de las actividades de este 11\u00ba Carnaval Batuquero de Aconcagua 2017.<br \/>\nLa batucada que se desarroll\u00f3 en nuestra ciudad es un subestilo de samba y hace referencia a un estilo de percusi\u00f3n brasile\u00f1a de influencias africanas, generalmente interpretado por un conjunto, conocido como bater\u00eda. La batucada se caracteriza por su estilo repetitivo y su ritmo acelerado. Tiene como caracter\u00edstica principal la acentuaci\u00f3n del segundo tiempo en los compases. Se la considera a veces una derivaci\u00f3n de la samba.<br \/>\n<strong>Roberto Gonz\u00e1lez Short<\/strong><\/p>\n<figure id=\"attachment_78673\" aria-describedby=\"caption-attachment-78673\" style=\"width: 580px\" class=\"wp-caption alignnone\"><img data-recalc-dims=\"1\" loading=\"lazy\" decoding=\"async\" class=\"size-full wp-image-78673\" src=\"https:\/\/i0.wp.com\/www.eltrabajo.cl\/2017\/wp-content\/uploads\/2017\/05\/Batu-Principal1.jpg?resize=580%2C349\" alt=\"SABOR Y RITMO.- Las calles de San Felipe fueron sacudidas durante el pasado fin de semana por estos batuqueros, quienes llegaron de varias partes del pa\u00eds.\" width=\"580\" height=\"349\" srcset=\"https:\/\/i0.wp.com\/eltrabajo.cl\/portal\/wp-content\/uploads\/2017\/05\/Batu-Principal1.jpg?w=580&amp;ssl=1 580w, https:\/\/i0.wp.com\/eltrabajo.cl\/portal\/wp-content\/uploads\/2017\/05\/Batu-Principal1.jpg?resize=200%2C120&amp;ssl=1 200w, https:\/\/i0.wp.com\/eltrabajo.cl\/portal\/wp-content\/uploads\/2017\/05\/Batu-Principal1.jpg?resize=300%2C181&amp;ssl=1 300w, https:\/\/i0.wp.com\/eltrabajo.cl\/portal\/wp-content\/uploads\/2017\/05\/Batu-Principal1.jpg?resize=249%2C150&amp;ssl=1 249w, https:\/\/i0.wp.com\/eltrabajo.cl\/portal\/wp-content\/uploads\/2017\/05\/Batu-Principal1.jpg?resize=400%2C241&amp;ssl=1 400w\" sizes=\"auto, (max-width: 580px) 100vw, 580px\" \/><figcaption id=\"caption-attachment-78673\" class=\"wp-caption-text\">SABOR Y RITMO.- Las calles de San Felipe fueron sacudidas durante el pasado fin de semana por estos batuqueros, quienes llegaron de varias partes del pa\u00eds.<\/figcaption><\/figure>\n<figure id=\"attachment_78674\" aria-describedby=\"caption-attachment-78674\" style=\"width: 580px\" class=\"wp-caption alignnone\"><img data-recalc-dims=\"1\" loading=\"lazy\" decoding=\"async\" class=\"size-full wp-image-78674\" src=\"https:\/\/i0.wp.com\/www.eltrabajo.cl\/2017\/wp-content\/uploads\/2017\/05\/Batu1.jpg?resize=580%2C349\" alt=\"VIBRANTE PRESENTACI\u00d3N.- Estos j\u00f3venes mostraron su mejor experticia art\u00edstica durante el pasado 11\u00ba Carnaval Batuquero de Aconcagua 2017, desarrollado en nuestra comuna.\" width=\"580\" height=\"349\" srcset=\"https:\/\/i0.wp.com\/eltrabajo.cl\/portal\/wp-content\/uploads\/2017\/05\/Batu1.jpg?w=580&amp;ssl=1 580w, https:\/\/i0.wp.com\/eltrabajo.cl\/portal\/wp-content\/uploads\/2017\/05\/Batu1.jpg?resize=200%2C120&amp;ssl=1 200w, https:\/\/i0.wp.com\/eltrabajo.cl\/portal\/wp-content\/uploads\/2017\/05\/Batu1.jpg?resize=300%2C181&amp;ssl=1 300w, https:\/\/i0.wp.com\/eltrabajo.cl\/portal\/wp-content\/uploads\/2017\/05\/Batu1.jpg?resize=249%2C150&amp;ssl=1 249w, https:\/\/i0.wp.com\/eltrabajo.cl\/portal\/wp-content\/uploads\/2017\/05\/Batu1.jpg?resize=400%2C241&amp;ssl=1 400w\" sizes=\"auto, (max-width: 580px) 100vw, 580px\" \/><figcaption id=\"caption-attachment-78674\" class=\"wp-caption-text\">VIBRANTE PRESENTACI\u00d3N.- Estos j\u00f3venes mostraron su mejor experticia art\u00edstica durante el pasado 11\u00ba Carnaval Batuquero de Aconcagua 2017, desarrollado en nuestra comuna.<\/figcaption><\/figure>\n<figure id=\"attachment_78676\" aria-describedby=\"caption-attachment-78676\" style=\"width: 580px\" class=\"wp-caption alignnone\"><img data-recalc-dims=\"1\" loading=\"lazy\" decoding=\"async\" class=\"size-full wp-image-78676\" src=\"https:\/\/i0.wp.com\/www.eltrabajo.cl\/2017\/wp-content\/uploads\/2017\/05\/Batu3.jpg?resize=580%2C348\" alt=\"\u00c9XITO TOTAL.- Juventud y alegr\u00eda se fundieron con los ritmos de este 11\u00ba Carnaval Batuquero de Aconcagua 2017.\" width=\"580\" height=\"348\" srcset=\"https:\/\/i0.wp.com\/eltrabajo.cl\/portal\/wp-content\/uploads\/2017\/05\/Batu3.jpg?w=580&amp;ssl=1 580w, https:\/\/i0.wp.com\/eltrabajo.cl\/portal\/wp-content\/uploads\/2017\/05\/Batu3.jpg?resize=200%2C120&amp;ssl=1 200w, https:\/\/i0.wp.com\/eltrabajo.cl\/portal\/wp-content\/uploads\/2017\/05\/Batu3.jpg?resize=300%2C180&amp;ssl=1 300w, https:\/\/i0.wp.com\/eltrabajo.cl\/portal\/wp-content\/uploads\/2017\/05\/Batu3.jpg?resize=250%2C150&amp;ssl=1 250w, https:\/\/i0.wp.com\/eltrabajo.cl\/portal\/wp-content\/uploads\/2017\/05\/Batu3.jpg?resize=400%2C240&amp;ssl=1 400w\" sizes=\"auto, (max-width: 580px) 100vw, 580px\" \/><figcaption id=\"caption-attachment-78676\" class=\"wp-caption-text\">\u00c9XITO TOTAL.- Juventud y alegr\u00eda se fundieron con los ritmos de este 11\u00ba Carnaval Batuquero de Aconcagua 2017.<\/figcaption><\/figure>\n","protected":false},"excerpt":{"rendered":"<p>Un estruendoso carnaval urbano fue el que se vivi\u00f3 por las principales calles de San Felipe durante el pasado fin de semana largo. Esta actividad se desarroll\u00f3 en el marco del 11\u00ba&#8230;<\/p>\n","protected":false},"author":482,"featured_media":78673,"comment_status":"open","ping_status":"open","sticky":false,"template":"","format":"standard","meta":{"advanced_seo_description":"","jetpack_seo_html_title":"","jetpack_seo_noindex":false,"_jetpack_memberships_contains_paid_content":false,"footnotes":""},"categories":[15],"tags":[],"class_list":["post-78672","post","type-post","status-publish","format-standard","has-post-thumbnail","hentry","category-comunidad"],"jetpack_featured_media_url":"https:\/\/i0.wp.com\/eltrabajo.cl\/portal\/wp-content\/uploads\/2017\/05\/Batu-Principal1.jpg?fit=580%2C349&ssl=1","jetpack_sharing_enabled":true,"jetpack_likes_enabled":true,"jetpack-related-posts":[],"_links":{"self":[{"href":"https:\/\/eltrabajo.cl\/portal\/wp-json\/wp\/v2\/posts\/78672","targetHints":{"allow":["GET"]}}],"collection":[{"href":"https:\/\/eltrabajo.cl\/portal\/wp-json\/wp\/v2\/posts"}],"about":[{"href":"https:\/\/eltrabajo.cl\/portal\/wp-json\/wp\/v2\/types\/post"}],"author":[{"embeddable":true,"href":"https:\/\/eltrabajo.cl\/portal\/wp-json\/wp\/v2\/users\/482"}],"replies":[{"embeddable":true,"href":"https:\/\/eltrabajo.cl\/portal\/wp-json\/wp\/v2\/comments?post=78672"}],"version-history":[{"count":0,"href":"https:\/\/eltrabajo.cl\/portal\/wp-json\/wp\/v2\/posts\/78672\/revisions"}],"wp:featuredmedia":[{"embeddable":true,"href":"https:\/\/eltrabajo.cl\/portal\/wp-json\/wp\/v2\/media\/78673"}],"wp:attachment":[{"href":"https:\/\/eltrabajo.cl\/portal\/wp-json\/wp\/v2\/media?parent=78672"}],"wp:term":[{"taxonomy":"category","embeddable":true,"href":"https:\/\/eltrabajo.cl\/portal\/wp-json\/wp\/v2\/categories?post=78672"},{"taxonomy":"post_tag","embeddable":true,"href":"https:\/\/eltrabajo.cl\/portal\/wp-json\/wp\/v2\/tags?post=78672"}],"curies":[{"name":"wp","href":"https:\/\/api.w.org\/{rel}","templated":true}]}}