{"id":78681,"date":"2017-05-03T06:04:28","date_gmt":"2017-05-03T10:04:28","guid":{"rendered":"http:\/\/www.eltrabajo.cl\/2017\/?p=78681"},"modified":"2017-05-03T06:04:28","modified_gmt":"2017-05-03T10:04:28","slug":"cadetes-de-union-san-felipe-integraron-a-la-seleccion-chilena-u17","status":"publish","type":"post","link":"https:\/\/eltrabajo.cl\/portal\/cadetes-de-union-san-felipe-integraron-a-la-seleccion-chilena-u17\/","title":{"rendered":"Cadetes de Uni\u00f3n San Felipe integraron a la Selecci\u00f3n Chilena U17"},"content":{"rendered":"<figure id=\"attachment_78682\" aria-describedby=\"caption-attachment-78682\" style=\"width: 580px\" class=\"wp-caption alignnone\"><img data-recalc-dims=\"1\" loading=\"lazy\" decoding=\"async\" class=\"size-full wp-image-78682\" src=\"https:\/\/i0.wp.com\/www.eltrabajo.cl\/2017\/wp-content\/uploads\/2017\/05\/silva-y-mesias.jpg?resize=580%2C349\" alt=\"Los cadetes pertenecientes a las canteras de Uni\u00f3n San Felipe, Mat\u00edas Silva (a la derecha) e Ignacio Mes\u00edas fueron convocados a la selecci\u00f3n chilena sub-17.\" width=\"580\" height=\"349\" srcset=\"https:\/\/i0.wp.com\/eltrabajo.cl\/portal\/wp-content\/uploads\/2017\/05\/silva-y-mesias.jpg?w=580&amp;ssl=1 580w, https:\/\/i0.wp.com\/eltrabajo.cl\/portal\/wp-content\/uploads\/2017\/05\/silva-y-mesias.jpg?resize=200%2C120&amp;ssl=1 200w, https:\/\/i0.wp.com\/eltrabajo.cl\/portal\/wp-content\/uploads\/2017\/05\/silva-y-mesias.jpg?resize=300%2C181&amp;ssl=1 300w, https:\/\/i0.wp.com\/eltrabajo.cl\/portal\/wp-content\/uploads\/2017\/05\/silva-y-mesias.jpg?resize=249%2C150&amp;ssl=1 249w, https:\/\/i0.wp.com\/eltrabajo.cl\/portal\/wp-content\/uploads\/2017\/05\/silva-y-mesias.jpg?resize=400%2C241&amp;ssl=1 400w\" sizes=\"auto, (max-width: 580px) 100vw, 580px\" \/><figcaption id=\"caption-attachment-78682\" class=\"wp-caption-text\">Los cadetes pertenecientes a las canteras de Uni\u00f3n San Felipe, Mat\u00edas Silva (a la derecha) e Ignacio Mes\u00edas fueron convocados a la selecci\u00f3n chilena sub-17.<\/figcaption><\/figure>\n<p>Durante la jornada de ayer la Selecci\u00f3n Chilena menor de 17 a\u00f1os que en el mes de octubre competir\u00e1 en el Mundial de la categor\u00eda en la India, inici\u00f3 un micro ciclo de entrenamientos que forma parte de su proceso de preparaci\u00f3n para la justa internacional en la cual intervendr\u00e1n las mejores selecciones del orbe en la serie Sub 17.<br \/>\nPara los entrenamientos de esta semana que se prolongar\u00e1n hasta hoy, fueron incluidos los jugadores cadetes de Uni\u00f3n San Felipe, Mat\u00edas Silva (defensa) e Ignacio Mes\u00edas (delantero), quienes luchar\u00e1n para quedar en la n\u00f3mina definitiva del combinado nacional que dirige t\u00e9cnicamente Hern\u00e1n Caputo.<br \/>\nEl micro ciclo de pr\u00e1cticas en las que formar\u00e1n parte las dos promesas de Uni\u00f3n San Felipe, se estar\u00e1 llevando a cabo en el Complejo Deportivo Quil\u00edn.<\/p>\n","protected":false},"excerpt":{"rendered":"<p>Durante la jornada de ayer la Selecci\u00f3n Chilena menor de 17 a\u00f1os que en el mes de octubre competir\u00e1 en el Mundial de la categor\u00eda en la India, inici\u00f3 un micro ciclo&#8230;<\/p>\n","protected":false},"author":482,"featured_media":78682,"comment_status":"open","ping_status":"open","sticky":false,"template":"","format":"standard","meta":{"advanced_seo_description":"","jetpack_seo_html_title":"","jetpack_seo_noindex":false,"_jetpack_memberships_contains_paid_content":false,"footnotes":""},"categories":[19],"tags":[],"class_list":["post-78681","post","type-post","status-publish","format-standard","has-post-thumbnail","hentry","category-deportes"],"jetpack_featured_media_url":"https:\/\/i0.wp.com\/eltrabajo.cl\/portal\/wp-content\/uploads\/2017\/05\/silva-y-mesias.jpg?fit=580%2C349&ssl=1","jetpack_sharing_enabled":true,"jetpack_likes_enabled":true,"jetpack-related-posts":[],"_links":{"self":[{"href":"https:\/\/eltrabajo.cl\/portal\/wp-json\/wp\/v2\/posts\/78681","targetHints":{"allow":["GET"]}}],"collection":[{"href":"https:\/\/eltrabajo.cl\/portal\/wp-json\/wp\/v2\/posts"}],"about":[{"href":"https:\/\/eltrabajo.cl\/portal\/wp-json\/wp\/v2\/types\/post"}],"author":[{"embeddable":true,"href":"https:\/\/eltrabajo.cl\/portal\/wp-json\/wp\/v2\/users\/482"}],"replies":[{"embeddable":true,"href":"https:\/\/eltrabajo.cl\/portal\/wp-json\/wp\/v2\/comments?post=78681"}],"version-history":[{"count":0,"href":"https:\/\/eltrabajo.cl\/portal\/wp-json\/wp\/v2\/posts\/78681\/revisions"}],"wp:featuredmedia":[{"embeddable":true,"href":"https:\/\/eltrabajo.cl\/portal\/wp-json\/wp\/v2\/media\/78682"}],"wp:attachment":[{"href":"https:\/\/eltrabajo.cl\/portal\/wp-json\/wp\/v2\/media?parent=78681"}],"wp:term":[{"taxonomy":"category","embeddable":true,"href":"https:\/\/eltrabajo.cl\/portal\/wp-json\/wp\/v2\/categories?post=78681"},{"taxonomy":"post_tag","embeddable":true,"href":"https:\/\/eltrabajo.cl\/portal\/wp-json\/wp\/v2\/tags?post=78681"}],"curies":[{"name":"wp","href":"https:\/\/api.w.org\/{rel}","templated":true}]}}