{"id":78684,"date":"2017-05-03T06:05:47","date_gmt":"2017-05-03T10:05:47","guid":{"rendered":"http:\/\/www.eltrabajo.cl\/2017\/?p=78684"},"modified":"2017-05-03T06:05:47","modified_gmt":"2017-05-03T10:05:47","slug":"almendral-alto-dio-el-primer-paso-hacia-la-final-de-la-copa-de-campeones","status":"publish","type":"post","link":"https:\/\/eltrabajo.cl\/portal\/almendral-alto-dio-el-primer-paso-hacia-la-final-de-la-copa-de-campeones\/","title":{"rendered":"Almendral Alto dio el primer paso hacia la final de la Copa de Campeones"},"content":{"rendered":"<figure id=\"attachment_78685\" aria-describedby=\"caption-attachment-78685\" style=\"width: 580px\" class=\"wp-caption alignnone\"><img data-recalc-dims=\"1\" loading=\"lazy\" decoding=\"async\" class=\"size-full wp-image-78685\" src=\"https:\/\/i0.wp.com\/www.eltrabajo.cl\/2017\/wp-content\/uploads\/2017\/05\/almendral-alt0-monjas.jpg?resize=580%2C349\" alt=\"Los sanfelipe\u00f1os de Almendral Alto se hicieron muy fuertes en el Municipal para imponerse al Monjas por 3 a 0.\" width=\"580\" height=\"349\" srcset=\"https:\/\/i0.wp.com\/eltrabajo.cl\/portal\/wp-content\/uploads\/2017\/05\/almendral-alt0-monjas.jpg?w=580&amp;ssl=1 580w, https:\/\/i0.wp.com\/eltrabajo.cl\/portal\/wp-content\/uploads\/2017\/05\/almendral-alt0-monjas.jpg?resize=200%2C120&amp;ssl=1 200w, https:\/\/i0.wp.com\/eltrabajo.cl\/portal\/wp-content\/uploads\/2017\/05\/almendral-alt0-monjas.jpg?resize=300%2C181&amp;ssl=1 300w, https:\/\/i0.wp.com\/eltrabajo.cl\/portal\/wp-content\/uploads\/2017\/05\/almendral-alt0-monjas.jpg?resize=249%2C150&amp;ssl=1 249w, https:\/\/i0.wp.com\/eltrabajo.cl\/portal\/wp-content\/uploads\/2017\/05\/almendral-alt0-monjas.jpg?resize=400%2C241&amp;ssl=1 400w\" sizes=\"auto, (max-width: 580px) 100vw, 580px\" \/><figcaption id=\"caption-attachment-78685\" class=\"wp-caption-text\">Los sanfelipe\u00f1os de Almendral Alto se hicieron muy fuertes en el Municipal para imponerse al Monjas por 3 a 0.<\/figcaption><\/figure>\n<p>En un Estadio Municipal que luci\u00f3 galer\u00edas con mucho p\u00fablico, el cuadro de Almendral Alto venci\u00f3 3 a 0 al Monjas de la Asociaci\u00f3n P\u00e9rez Freire, con lo que dio un gran paso con destino a la gran final del campeonato de f\u00fatbol aficionado m\u00e1s importante de la Quinta Regi\u00f3n.<br \/>\nCon este triunfo el equipo sanfelipe\u00f1o est\u00e1 a las puertas de repetir lo hecho el a\u00f1o pasado por Juventud San Mar\u00eda, lo que habla a las claras del buen nivel del balompi\u00e9 amateur santamariano (juega en esa asociaci\u00f3n) y el valle de Aconcagua en general.<br \/>\nEn la otra llave de semifinales en el puerto de San Antonio se midieron, El C\u00f3ndor y Glorias Navales de Vi\u00f1a del Mar, imponi\u00e9ndose los primeros por 2 goles a 1.<br \/>\nResultados:<br \/>\nAlmendral Alto 3 \u2013 Monjas 0; El C\u00f3ndor 2 \u2013 Glorias Navales 1.<\/p>\n","protected":false},"excerpt":{"rendered":"<p>En un Estadio Municipal que luci\u00f3 galer\u00edas con mucho p\u00fablico, el cuadro de Almendral Alto venci\u00f3 3 a 0 al Monjas de la Asociaci\u00f3n P\u00e9rez Freire, con lo que dio un gran&#8230;<\/p>\n","protected":false},"author":482,"featured_media":78685,"comment_status":"open","ping_status":"open","sticky":false,"template":"","format":"standard","meta":{"advanced_seo_description":"","jetpack_seo_html_title":"","jetpack_seo_noindex":false,"_jetpack_memberships_contains_paid_content":false,"footnotes":""},"categories":[19],"tags":[],"class_list":["post-78684","post","type-post","status-publish","format-standard","has-post-thumbnail","hentry","category-deportes"],"jetpack_featured_media_url":"https:\/\/i0.wp.com\/eltrabajo.cl\/portal\/wp-content\/uploads\/2017\/05\/almendral-alt0-monjas.jpg?fit=580%2C349&ssl=1","jetpack_sharing_enabled":true,"jetpack_likes_enabled":true,"jetpack-related-posts":[],"_links":{"self":[{"href":"https:\/\/eltrabajo.cl\/portal\/wp-json\/wp\/v2\/posts\/78684","targetHints":{"allow":["GET"]}}],"collection":[{"href":"https:\/\/eltrabajo.cl\/portal\/wp-json\/wp\/v2\/posts"}],"about":[{"href":"https:\/\/eltrabajo.cl\/portal\/wp-json\/wp\/v2\/types\/post"}],"author":[{"embeddable":true,"href":"https:\/\/eltrabajo.cl\/portal\/wp-json\/wp\/v2\/users\/482"}],"replies":[{"embeddable":true,"href":"https:\/\/eltrabajo.cl\/portal\/wp-json\/wp\/v2\/comments?post=78684"}],"version-history":[{"count":0,"href":"https:\/\/eltrabajo.cl\/portal\/wp-json\/wp\/v2\/posts\/78684\/revisions"}],"wp:featuredmedia":[{"embeddable":true,"href":"https:\/\/eltrabajo.cl\/portal\/wp-json\/wp\/v2\/media\/78685"}],"wp:attachment":[{"href":"https:\/\/eltrabajo.cl\/portal\/wp-json\/wp\/v2\/media?parent=78684"}],"wp:term":[{"taxonomy":"category","embeddable":true,"href":"https:\/\/eltrabajo.cl\/portal\/wp-json\/wp\/v2\/categories?post=78684"},{"taxonomy":"post_tag","embeddable":true,"href":"https:\/\/eltrabajo.cl\/portal\/wp-json\/wp\/v2\/tags?post=78684"}],"curies":[{"name":"wp","href":"https:\/\/api.w.org\/{rel}","templated":true}]}}