{"id":78687,"date":"2017-05-03T06:06:54","date_gmt":"2017-05-03T10:06:54","guid":{"rendered":"http:\/\/www.eltrabajo.cl\/2017\/?p=78687"},"modified":"2017-05-03T06:06:54","modified_gmt":"2017-05-03T10:06:54","slug":"fundacion-somos-uno-realizo-operativo-social-en-el-totoral","status":"publish","type":"post","link":"https:\/\/eltrabajo.cl\/portal\/fundacion-somos-uno-realizo-operativo-social-en-el-totoral\/","title":{"rendered":"Fundaci\u00f3n \u2018Somos Uno\u2019 realiz\u00f3 operativo social en El Totoral"},"content":{"rendered":"<figure id=\"attachment_78689\" aria-describedby=\"caption-attachment-78689\" style=\"width: 580px\" class=\"wp-caption alignnone\"><img data-recalc-dims=\"1\" loading=\"lazy\" decoding=\"async\" class=\"size-full wp-image-78689\" src=\"https:\/\/i0.wp.com\/www.eltrabajo.cl\/2017\/wp-content\/uploads\/2017\/05\/Somos-Payaso1.jpg?resize=580%2C349\" alt=\"TRABAJO INFANTIL.- Aqu\u00ed tenemos a uno de los profesionales haci\u00e9ndola de payaso, los peque\u00f1itos de El Totoral estaban locos de alegr\u00eda con sus ocurrencias.\" width=\"580\" height=\"349\" srcset=\"https:\/\/i0.wp.com\/eltrabajo.cl\/portal\/wp-content\/uploads\/2017\/05\/Somos-Payaso1.jpg?w=580&amp;ssl=1 580w, https:\/\/i0.wp.com\/eltrabajo.cl\/portal\/wp-content\/uploads\/2017\/05\/Somos-Payaso1.jpg?resize=200%2C120&amp;ssl=1 200w, https:\/\/i0.wp.com\/eltrabajo.cl\/portal\/wp-content\/uploads\/2017\/05\/Somos-Payaso1.jpg?resize=300%2C181&amp;ssl=1 300w, https:\/\/i0.wp.com\/eltrabajo.cl\/portal\/wp-content\/uploads\/2017\/05\/Somos-Payaso1.jpg?resize=249%2C150&amp;ssl=1 249w, https:\/\/i0.wp.com\/eltrabajo.cl\/portal\/wp-content\/uploads\/2017\/05\/Somos-Payaso1.jpg?resize=400%2C241&amp;ssl=1 400w\" sizes=\"auto, (max-width: 580px) 100vw, 580px\" \/><figcaption id=\"caption-attachment-78689\" class=\"wp-caption-text\">TRABAJO INFANTIL.- Aqu\u00ed tenemos a uno de los profesionales haci\u00e9ndola de payaso, los peque\u00f1itos de El Totoral estaban locos de alegr\u00eda con sus ocurrencias.<\/figcaption><\/figure>\n<p>Desde hace dos a\u00f1os naci\u00f3 en el Valle Aconcagua la Fundaci\u00f3n \u2018Somos Uno\u2019, instituci\u00f3n conformada por profesionales de medicina, abogac\u00eda, desarrollo social y otros campos, quienes regularmente desarrollan operativos de trabajo psicosocial en nuestra comunidad de manera gratuita. Ese fue el objetivo que se busc\u00f3 el pasado fin de semana en El Totoral, poblaci\u00f3n en donde fueron atendidas unas 200 personas.<br \/>\n\u00abSomos como 50 profesionales los que participamos este fin de semana, nuestra fundaci\u00f3n ofreci\u00f3 ayuda socio-cultural con mucho gusto, t\u00e9cnicos en enfermer\u00eda, salud mental, asesor\u00edas en leyes, medicina general, odontolog\u00eda y pediatr\u00eda es lo que desarrollamos, este es el primer operativo 2017, seguiremos con el segundo en agosto y para octubre desarrollaremos el tercero\u00bb, asegur\u00f3 a Diario El Trabajo el director cultural de Somos Uno, Allan Oyarz\u00fan.<br \/>\nFue una jornada de payasos, enfermeras, dentistas y trabajadores sociales en escena, a nadie se le cobr\u00f3 por lo brindado y la respuesta fue bastante positiva.<br \/>\n<strong>Roberto Gonz\u00e1lez Short<\/strong><\/p>\n<figure id=\"attachment_78688\" aria-describedby=\"caption-attachment-78688\" style=\"width: 580px\" class=\"wp-caption alignnone\"><img data-recalc-dims=\"1\" loading=\"lazy\" decoding=\"async\" class=\"size-full wp-image-78688\" src=\"https:\/\/i0.wp.com\/www.eltrabajo.cl\/2017\/wp-content\/uploads\/2017\/05\/Somos-Allan-Oyarzun.jpg?resize=580%2C349\" alt=\"Director cultural de Somos Uno, Allan Oyarz\u00fan.\" width=\"580\" height=\"349\" srcset=\"https:\/\/i0.wp.com\/eltrabajo.cl\/portal\/wp-content\/uploads\/2017\/05\/Somos-Allan-Oyarzun.jpg?w=580&amp;ssl=1 580w, https:\/\/i0.wp.com\/eltrabajo.cl\/portal\/wp-content\/uploads\/2017\/05\/Somos-Allan-Oyarzun.jpg?resize=200%2C120&amp;ssl=1 200w, https:\/\/i0.wp.com\/eltrabajo.cl\/portal\/wp-content\/uploads\/2017\/05\/Somos-Allan-Oyarzun.jpg?resize=300%2C181&amp;ssl=1 300w, https:\/\/i0.wp.com\/eltrabajo.cl\/portal\/wp-content\/uploads\/2017\/05\/Somos-Allan-Oyarzun.jpg?resize=249%2C150&amp;ssl=1 249w, https:\/\/i0.wp.com\/eltrabajo.cl\/portal\/wp-content\/uploads\/2017\/05\/Somos-Allan-Oyarzun.jpg?resize=400%2C241&amp;ssl=1 400w\" sizes=\"auto, (max-width: 580px) 100vw, 580px\" \/><figcaption id=\"caption-attachment-78688\" class=\"wp-caption-text\">Director cultural de Somos Uno, Allan Oyarz\u00fan.<\/figcaption><\/figure>\n<figure id=\"attachment_78690\" aria-describedby=\"caption-attachment-78690\" style=\"width: 580px\" class=\"wp-caption alignnone\"><img data-recalc-dims=\"1\" loading=\"lazy\" decoding=\"async\" class=\"size-full wp-image-78690\" src=\"https:\/\/i0.wp.com\/www.eltrabajo.cl\/2017\/wp-content\/uploads\/2017\/05\/Somos-Voluntarios1.jpg?resize=580%2C348\" alt=\"SOMOS UNO ACONCAGUA.- Ellos son parte del equipo de profesionales de Fundaci\u00f3n \u2018Somos Uno\u2019, quienes desarrollan operativos de trabajo social varias veces al a\u00f1o.\" width=\"580\" height=\"348\" srcset=\"https:\/\/i0.wp.com\/eltrabajo.cl\/portal\/wp-content\/uploads\/2017\/05\/Somos-Voluntarios1.jpg?w=580&amp;ssl=1 580w, https:\/\/i0.wp.com\/eltrabajo.cl\/portal\/wp-content\/uploads\/2017\/05\/Somos-Voluntarios1.jpg?resize=200%2C120&amp;ssl=1 200w, https:\/\/i0.wp.com\/eltrabajo.cl\/portal\/wp-content\/uploads\/2017\/05\/Somos-Voluntarios1.jpg?resize=300%2C180&amp;ssl=1 300w, https:\/\/i0.wp.com\/eltrabajo.cl\/portal\/wp-content\/uploads\/2017\/05\/Somos-Voluntarios1.jpg?resize=250%2C150&amp;ssl=1 250w, https:\/\/i0.wp.com\/eltrabajo.cl\/portal\/wp-content\/uploads\/2017\/05\/Somos-Voluntarios1.jpg?resize=400%2C240&amp;ssl=1 400w\" sizes=\"auto, (max-width: 580px) 100vw, 580px\" \/><figcaption id=\"caption-attachment-78690\" class=\"wp-caption-text\">SOMOS UNO ACONCAGUA.- Ellos son parte del equipo de profesionales de Fundaci\u00f3n \u2018Somos Uno\u2019, quienes desarrollan operativos de trabajo social varias veces al a\u00f1o.<\/figcaption><\/figure>\n<figure id=\"attachment_78691\" aria-describedby=\"caption-attachment-78691\" style=\"width: 580px\" class=\"wp-caption alignnone\"><img data-recalc-dims=\"1\" loading=\"lazy\" decoding=\"async\" class=\"size-full wp-image-78691\" src=\"https:\/\/i0.wp.com\/www.eltrabajo.cl\/2017\/wp-content\/uploads\/2017\/05\/Somos.jpg?resize=580%2C348\" alt=\"REGALONEADAS.- Las vecinas de esta poblaci\u00f3n sanfelipe\u00f1a tambi\u00e9n fueron regaloneadas con varios tratamientos de belleza y salud.\" width=\"580\" height=\"348\" srcset=\"https:\/\/i0.wp.com\/eltrabajo.cl\/portal\/wp-content\/uploads\/2017\/05\/Somos.jpg?w=580&amp;ssl=1 580w, https:\/\/i0.wp.com\/eltrabajo.cl\/portal\/wp-content\/uploads\/2017\/05\/Somos.jpg?resize=200%2C120&amp;ssl=1 200w, https:\/\/i0.wp.com\/eltrabajo.cl\/portal\/wp-content\/uploads\/2017\/05\/Somos.jpg?resize=300%2C180&amp;ssl=1 300w, https:\/\/i0.wp.com\/eltrabajo.cl\/portal\/wp-content\/uploads\/2017\/05\/Somos.jpg?resize=250%2C150&amp;ssl=1 250w, https:\/\/i0.wp.com\/eltrabajo.cl\/portal\/wp-content\/uploads\/2017\/05\/Somos.jpg?resize=400%2C240&amp;ssl=1 400w\" sizes=\"auto, (max-width: 580px) 100vw, 580px\" \/><figcaption id=\"caption-attachment-78691\" class=\"wp-caption-text\">REGALONEADAS.- Las vecinas de esta poblaci\u00f3n sanfelipe\u00f1a tambi\u00e9n fueron regaloneadas con varios tratamientos de belleza y salud.<\/figcaption><\/figure>\n","protected":false},"excerpt":{"rendered":"<p>Desde hace dos a\u00f1os naci\u00f3 en el Valle Aconcagua la Fundaci\u00f3n \u2018Somos Uno\u2019, instituci\u00f3n conformada por profesionales de medicina, abogac\u00eda, desarrollo social y otros campos, quienes regularmente desarrollan operativos de trabajo psicosocial&#8230;<\/p>\n","protected":false},"author":482,"featured_media":78690,"comment_status":"open","ping_status":"open","sticky":false,"template":"","format":"standard","meta":{"advanced_seo_description":"","jetpack_seo_html_title":"","jetpack_seo_noindex":false,"_jetpack_memberships_contains_paid_content":false,"footnotes":""},"categories":[15],"tags":[],"class_list":["post-78687","post","type-post","status-publish","format-standard","has-post-thumbnail","hentry","category-comunidad"],"jetpack_featured_media_url":"https:\/\/i0.wp.com\/eltrabajo.cl\/portal\/wp-content\/uploads\/2017\/05\/Somos-Voluntarios1.jpg?fit=580%2C348&ssl=1","jetpack_sharing_enabled":true,"jetpack_likes_enabled":true,"jetpack-related-posts":[],"_links":{"self":[{"href":"https:\/\/eltrabajo.cl\/portal\/wp-json\/wp\/v2\/posts\/78687","targetHints":{"allow":["GET"]}}],"collection":[{"href":"https:\/\/eltrabajo.cl\/portal\/wp-json\/wp\/v2\/posts"}],"about":[{"href":"https:\/\/eltrabajo.cl\/portal\/wp-json\/wp\/v2\/types\/post"}],"author":[{"embeddable":true,"href":"https:\/\/eltrabajo.cl\/portal\/wp-json\/wp\/v2\/users\/482"}],"replies":[{"embeddable":true,"href":"https:\/\/eltrabajo.cl\/portal\/wp-json\/wp\/v2\/comments?post=78687"}],"version-history":[{"count":0,"href":"https:\/\/eltrabajo.cl\/portal\/wp-json\/wp\/v2\/posts\/78687\/revisions"}],"wp:featuredmedia":[{"embeddable":true,"href":"https:\/\/eltrabajo.cl\/portal\/wp-json\/wp\/v2\/media\/78690"}],"wp:attachment":[{"href":"https:\/\/eltrabajo.cl\/portal\/wp-json\/wp\/v2\/media?parent=78687"}],"wp:term":[{"taxonomy":"category","embeddable":true,"href":"https:\/\/eltrabajo.cl\/portal\/wp-json\/wp\/v2\/categories?post=78687"},{"taxonomy":"post_tag","embeddable":true,"href":"https:\/\/eltrabajo.cl\/portal\/wp-json\/wp\/v2\/tags?post=78687"}],"curies":[{"name":"wp","href":"https:\/\/api.w.org\/{rel}","templated":true}]}}