{"id":78699,"date":"2017-05-04T06:00:44","date_gmt":"2017-05-04T10:00:44","guid":{"rendered":"http:\/\/www.eltrabajo.cl\/2017\/?p=78699"},"modified":"2017-05-04T06:00:44","modified_gmt":"2017-05-04T10:00:44","slug":"hasta-el-viernes-12-realizaran-mamografias-en-forma-gratuita","status":"publish","type":"post","link":"https:\/\/eltrabajo.cl\/portal\/hasta-el-viernes-12-realizaran-mamografias-en-forma-gratuita\/","title":{"rendered":"Hasta el viernes 12 realizar\u00e1n\u00a0mamograf\u00edas en forma gratuita"},"content":{"rendered":"<figure id=\"attachment_78703\" aria-describedby=\"caption-attachment-78703\" style=\"width: 580px\" class=\"wp-caption alignnone\"><img data-recalc-dims=\"1\" loading=\"lazy\" decoding=\"async\" class=\"size-full wp-image-78703\" src=\"https:\/\/i0.wp.com\/www.eltrabajo.cl\/2017\/wp-content\/uploads\/2017\/05\/clinica-movil-Mar%C3%ADa-Teresa-Olivares.jpg?resize=580%2C349\" alt=\"Mar\u00eda Teresa Olivares, vecina sanfelipe\u00f1a.\" width=\"580\" height=\"349\" srcset=\"https:\/\/i0.wp.com\/eltrabajo.cl\/portal\/wp-content\/uploads\/2017\/05\/clinica-movil-Mar%C3%ADa-Teresa-Olivares.jpg?w=580&amp;ssl=1 580w, https:\/\/i0.wp.com\/eltrabajo.cl\/portal\/wp-content\/uploads\/2017\/05\/clinica-movil-Mar%C3%ADa-Teresa-Olivares.jpg?resize=200%2C120&amp;ssl=1 200w, https:\/\/i0.wp.com\/eltrabajo.cl\/portal\/wp-content\/uploads\/2017\/05\/clinica-movil-Mar%C3%ADa-Teresa-Olivares.jpg?resize=300%2C181&amp;ssl=1 300w, https:\/\/i0.wp.com\/eltrabajo.cl\/portal\/wp-content\/uploads\/2017\/05\/clinica-movil-Mar%C3%ADa-Teresa-Olivares.jpg?resize=249%2C150&amp;ssl=1 249w, https:\/\/i0.wp.com\/eltrabajo.cl\/portal\/wp-content\/uploads\/2017\/05\/clinica-movil-Mar%C3%ADa-Teresa-Olivares.jpg?resize=400%2C241&amp;ssl=1 400w\" sizes=\"auto, (max-width: 580px) 100vw, 580px\" \/><figcaption id=\"caption-attachment-78703\" class=\"wp-caption-text\">Mar\u00eda Teresa Olivares, vecina sanfelipe\u00f1a.<\/figcaption><\/figure>\n<ul>\n<li><span style=\"color: #ff0000;\"><strong>Cl\u00ednica m\u00f3vil en Plaza de Armas de San Felipe:<\/strong><\/span><\/li>\n<\/ul>\n<p>Desde este mi\u00e9rcoles 3 de mayo y hasta el pr\u00f3ximo viernes 12 del presente mes, nuevamente estar\u00e1 operando en San Felipe el mam\u00f3grafo digital m\u00f3vil, dispositivo donde las sanfelipe\u00f1as entre los 50 y 69 a\u00f1os podr\u00e1n hacerse una mamograf\u00eda gratuita con el objetivo de no transformarse en v\u00edctima del c\u00e1ncer de mamas, enfermedad que se ha convertido en una de las principales causas de muerte en las mujeres chilenas.<br \/>\nEste instrumento funcionar\u00e1 de lunes a viernes de 9.30 a 16 horas. A diferencia del a\u00f1o 2016, cuando esta cl\u00ednica itinerante estuvo atendiendo en el Estadio Municipal de San Felipe, en esta oportunidad se ha instalado en pleno centro de la ciudad, espec\u00edficamente en calle Salinas frente al municipio, esto con el prop\u00f3sito de facilitar el acceso y lograr una cobertura a\u00fan mayor de lo conseguido durante las dos intervenciones realizadas el a\u00f1o pasado en la comuna.<br \/>\nMarcela Brito, Directora de Salud municipal de San Felipe, se mostr\u00f3 feliz de ver la positiva recepci\u00f3n que mostraron las mujeres durante las primeras horas de atenci\u00f3n del recinto m\u00f3vil, y argument\u00f3 que \u00abeste instrumento nos permite actuar oportunamente frente a la presencia de este c\u00e1ncer que mata a las mujeres chilenas cada a\u00f1o, por eso es que nosotros buscamos estrategias permanentes, a trav\u00e9s de los recursos que nos traspasa el ministerio, pero que sean de un impacto oportuno para hacer esta pesquisa\u00bb, enfatiz\u00f3 la enfermera.<br \/>\nEn t\u00e9rminos del universo de mujeres que pueden acceder a la mamograf\u00eda, Brito sostuvo que \u00abse est\u00e1 trabajando con una agenda de las usuarias inscritas en el Cesfam Segismundo Iturra, no obstante, tambi\u00e9n tenemos cupo para aquellas vecinas que se quieran realizar el examen en forma espont\u00e1nea\u00bb, aclar\u00f3 la profesional, agregando que \u00absi usted tiene antecedentes de mam\u00e1 que haya fallecido por causa de un c\u00e1ncer de mamas, o que en el autoexamen se haya detectado alg\u00fan porotito raro, venga porque igual podemos hacer una excepci\u00f3n si no est\u00e1 dentro del margen de edad para la atenci\u00f3n\u00bb, indic\u00f3.<br \/>\nSeg\u00fan narr\u00f3 Brito, durante la intervenci\u00f3n realizada el a\u00f1o pasado por la Cl\u00ednica de la Falp, se pudieron detectar dos casos en mujeres que presentaban esta patolog\u00eda; \u00abuno que se pudo tratar oportunamente y otro que lleg\u00f3 en una fase tard\u00eda\u00bb, detall\u00f3 la profesional.<br \/>\nMar\u00eda Teresa Olivares, vecina sanfelipe\u00f1a, cont\u00f3 que esta es segunda vez que se realiza el examen en este dispositivo, anteriormente accedi\u00f3 a \u00e9l en la comuna de Los Andes, detallando que no es doloroso y recomend\u00e1ndolo al resto de las mujeres aconcag\u00fcinas: \u00abEncuentro fabuloso esto porque para que nos den hora es un poquito complicado, adem\u00e1s es caro\u2026 adem\u00e1s que las mujeres somos un poco dejadas para disponer de tiempo y de plata, esta es una excelente idea y hay que aprovecharla\u2026 H\u00e1ganse este examen porque es necesario y as\u00ed por lo menos uno queda tranquila\u00bb, sugiri\u00f3.<br \/>\nDel mismo modo, Berta Cadenas valor\u00f3 la oportunidad que se presenta y manifest\u00f3 que \u00aben el consultorio a uno le dan hora muy lejana, as\u00ed que decirle a las mujeres que esto no duele, que no presenta ning\u00fan problema y que deben hac\u00e9rsela, no hay elecci\u00f3n\u00bb, sostuvo la vecina.<br \/>\nUna vez realizada la mamograf\u00eda, dentro de los 10 d\u00edas siguientes, es la misma Falp quien env\u00eda -con respaldo de im\u00e1genes-, los resultados de los ex\u00e1menes al Cesfam correspondiente, desde donde se adoptar\u00e1 el procedimiento que corresponda, esto es, en caso de presentar alguna alteraci\u00f3n, el equipo m\u00e9dico encargado ubicar\u00e1 a la paciente para poder detallar mediante otras instancias cl\u00ednicas, la gravedad de la situaci\u00f3n.<br \/>\nSe espera que la cl\u00ednica m\u00f3vil pueda realizar unas 50 mamograf\u00edas diarias, y que entre esta y la pr\u00f3xima intervenci\u00f3n que se realizar\u00e1 durante el mes de junio, pueda alcanzar una cobertura cercana a las mil mujeres en San Felipe.<\/p>\n<figure id=\"attachment_78702\" aria-describedby=\"caption-attachment-78702\" style=\"width: 580px\" class=\"wp-caption alignnone\"><img data-recalc-dims=\"1\" loading=\"lazy\" decoding=\"async\" class=\"size-full wp-image-78702\" src=\"https:\/\/i0.wp.com\/www.eltrabajo.cl\/2017\/wp-content\/uploads\/2017\/05\/clinica-movil-Marcela-Brito.jpg?resize=580%2C349\" alt=\"Marcela Brito, Directora de Salud municipal de San Felipe.\" width=\"580\" height=\"349\" srcset=\"https:\/\/i0.wp.com\/eltrabajo.cl\/portal\/wp-content\/uploads\/2017\/05\/clinica-movil-Marcela-Brito.jpg?w=580&amp;ssl=1 580w, https:\/\/i0.wp.com\/eltrabajo.cl\/portal\/wp-content\/uploads\/2017\/05\/clinica-movil-Marcela-Brito.jpg?resize=200%2C120&amp;ssl=1 200w, https:\/\/i0.wp.com\/eltrabajo.cl\/portal\/wp-content\/uploads\/2017\/05\/clinica-movil-Marcela-Brito.jpg?resize=300%2C181&amp;ssl=1 300w, https:\/\/i0.wp.com\/eltrabajo.cl\/portal\/wp-content\/uploads\/2017\/05\/clinica-movil-Marcela-Brito.jpg?resize=249%2C150&amp;ssl=1 249w, https:\/\/i0.wp.com\/eltrabajo.cl\/portal\/wp-content\/uploads\/2017\/05\/clinica-movil-Marcela-Brito.jpg?resize=400%2C241&amp;ssl=1 400w\" sizes=\"auto, (max-width: 580px) 100vw, 580px\" \/><figcaption id=\"caption-attachment-78702\" class=\"wp-caption-text\">Marcela Brito, Directora de Salud municipal de San Felipe.<\/figcaption><\/figure>\n<figure id=\"attachment_78701\" aria-describedby=\"caption-attachment-78701\" style=\"width: 580px\" class=\"wp-caption alignnone\"><img data-recalc-dims=\"1\" loading=\"lazy\" decoding=\"async\" class=\"size-full wp-image-78701\" src=\"https:\/\/i0.wp.com\/www.eltrabajo.cl\/2017\/wp-content\/uploads\/2017\/05\/clinica-movil-Berta-Cadenas.jpg?resize=580%2C349\" alt=\"Berta Cadenas, vecina sanfelipe\u00f1a.\" width=\"580\" height=\"349\" srcset=\"https:\/\/i0.wp.com\/eltrabajo.cl\/portal\/wp-content\/uploads\/2017\/05\/clinica-movil-Berta-Cadenas.jpg?w=580&amp;ssl=1 580w, https:\/\/i0.wp.com\/eltrabajo.cl\/portal\/wp-content\/uploads\/2017\/05\/clinica-movil-Berta-Cadenas.jpg?resize=200%2C120&amp;ssl=1 200w, https:\/\/i0.wp.com\/eltrabajo.cl\/portal\/wp-content\/uploads\/2017\/05\/clinica-movil-Berta-Cadenas.jpg?resize=300%2C181&amp;ssl=1 300w, https:\/\/i0.wp.com\/eltrabajo.cl\/portal\/wp-content\/uploads\/2017\/05\/clinica-movil-Berta-Cadenas.jpg?resize=249%2C150&amp;ssl=1 249w, https:\/\/i0.wp.com\/eltrabajo.cl\/portal\/wp-content\/uploads\/2017\/05\/clinica-movil-Berta-Cadenas.jpg?resize=400%2C241&amp;ssl=1 400w\" sizes=\"auto, (max-width: 580px) 100vw, 580px\" \/><figcaption id=\"caption-attachment-78701\" class=\"wp-caption-text\">Berta Cadenas, vecina sanfelipe\u00f1a.<\/figcaption><\/figure>\n<figure id=\"attachment_78700\" aria-describedby=\"caption-attachment-78700\" style=\"width: 580px\" class=\"wp-caption alignnone\"><img data-recalc-dims=\"1\" loading=\"lazy\" decoding=\"async\" class=\"size-full wp-image-78700\" src=\"https:\/\/i0.wp.com\/www.eltrabajo.cl\/2017\/wp-content\/uploads\/2017\/05\/clinica-movil-4.jpg?resize=580%2C349\" alt=\"Cl\u00ednica m\u00f3vil de la Fundaci\u00f3n Arturo L\u00f3pez P\u00e9rez, para realizar mamograf\u00edas.\" width=\"580\" height=\"349\" srcset=\"https:\/\/i0.wp.com\/eltrabajo.cl\/portal\/wp-content\/uploads\/2017\/05\/clinica-movil-4.jpg?w=580&amp;ssl=1 580w, https:\/\/i0.wp.com\/eltrabajo.cl\/portal\/wp-content\/uploads\/2017\/05\/clinica-movil-4.jpg?resize=200%2C120&amp;ssl=1 200w, https:\/\/i0.wp.com\/eltrabajo.cl\/portal\/wp-content\/uploads\/2017\/05\/clinica-movil-4.jpg?resize=300%2C181&amp;ssl=1 300w, https:\/\/i0.wp.com\/eltrabajo.cl\/portal\/wp-content\/uploads\/2017\/05\/clinica-movil-4.jpg?resize=249%2C150&amp;ssl=1 249w, https:\/\/i0.wp.com\/eltrabajo.cl\/portal\/wp-content\/uploads\/2017\/05\/clinica-movil-4.jpg?resize=400%2C241&amp;ssl=1 400w\" sizes=\"auto, (max-width: 580px) 100vw, 580px\" \/><figcaption id=\"caption-attachment-78700\" class=\"wp-caption-text\">Cl\u00ednica m\u00f3vil de la Fundaci\u00f3n Arturo L\u00f3pez P\u00e9rez, para realizar mamograf\u00edas.<\/figcaption><\/figure>\n","protected":false},"excerpt":{"rendered":"<p>Cl\u00ednica m\u00f3vil en Plaza de Armas de San Felipe: Desde este mi\u00e9rcoles 3 de mayo y hasta el pr\u00f3ximo viernes 12 del presente mes, nuevamente estar\u00e1 operando en San Felipe el mam\u00f3grafo&#8230;<\/p>\n","protected":false},"author":482,"featured_media":78700,"comment_status":"open","ping_status":"open","sticky":false,"template":"","format":"standard","meta":{"advanced_seo_description":"","jetpack_seo_html_title":"","jetpack_seo_noindex":false,"_jetpack_memberships_contains_paid_content":false,"footnotes":""},"categories":[1],"tags":[],"class_list":["post-78699","post","type-post","status-publish","format-standard","has-post-thumbnail","hentry","category-cronica"],"jetpack_featured_media_url":"https:\/\/i0.wp.com\/eltrabajo.cl\/portal\/wp-content\/uploads\/2017\/05\/clinica-movil-4.jpg?fit=580%2C349&ssl=1","jetpack_sharing_enabled":true,"jetpack_likes_enabled":true,"jetpack-related-posts":[],"_links":{"self":[{"href":"https:\/\/eltrabajo.cl\/portal\/wp-json\/wp\/v2\/posts\/78699","targetHints":{"allow":["GET"]}}],"collection":[{"href":"https:\/\/eltrabajo.cl\/portal\/wp-json\/wp\/v2\/posts"}],"about":[{"href":"https:\/\/eltrabajo.cl\/portal\/wp-json\/wp\/v2\/types\/post"}],"author":[{"embeddable":true,"href":"https:\/\/eltrabajo.cl\/portal\/wp-json\/wp\/v2\/users\/482"}],"replies":[{"embeddable":true,"href":"https:\/\/eltrabajo.cl\/portal\/wp-json\/wp\/v2\/comments?post=78699"}],"version-history":[{"count":0,"href":"https:\/\/eltrabajo.cl\/portal\/wp-json\/wp\/v2\/posts\/78699\/revisions"}],"wp:featuredmedia":[{"embeddable":true,"href":"https:\/\/eltrabajo.cl\/portal\/wp-json\/wp\/v2\/media\/78700"}],"wp:attachment":[{"href":"https:\/\/eltrabajo.cl\/portal\/wp-json\/wp\/v2\/media?parent=78699"}],"wp:term":[{"taxonomy":"category","embeddable":true,"href":"https:\/\/eltrabajo.cl\/portal\/wp-json\/wp\/v2\/categories?post=78699"},{"taxonomy":"post_tag","embeddable":true,"href":"https:\/\/eltrabajo.cl\/portal\/wp-json\/wp\/v2\/tags?post=78699"}],"curies":[{"name":"wp","href":"https:\/\/api.w.org\/{rel}","templated":true}]}}