{"id":78705,"date":"2017-05-04T06:01:00","date_gmt":"2017-05-04T10:01:00","guid":{"rendered":"http:\/\/www.eltrabajo.cl\/2017\/?p=78705"},"modified":"2017-05-04T06:01:00","modified_gmt":"2017-05-04T10:01:00","slug":"nino-promesa-del-futbol-quiere-triunfar-para-sacar-a-su-familia-de-la-pobreza","status":"publish","type":"post","link":"https:\/\/eltrabajo.cl\/portal\/nino-promesa-del-futbol-quiere-triunfar-para-sacar-a-su-familia-de-la-pobreza\/","title":{"rendered":"Ni\u00f1o promesa del f\u00fatbol quiere triunfar para sacar a su familia de la pobreza"},"content":{"rendered":"<figure id=\"attachment_78709\" aria-describedby=\"caption-attachment-78709\" style=\"width: 580px\" class=\"wp-caption alignnone\"><img data-recalc-dims=\"1\" loading=\"lazy\" decoding=\"async\" class=\"size-full wp-image-78709\" src=\"https:\/\/i0.wp.com\/www.eltrabajo.cl\/2017\/wp-content\/uploads\/2017\/05\/Ariel-uniuni.jpg?resize=580%2C348\" alt=\"DEJANDO HUELLA.- La flecha negra se\u00f1ala al jugador infantil U14, cuando militaba para las juveniles del Un\u00ed.\" width=\"580\" height=\"348\" srcset=\"https:\/\/i0.wp.com\/eltrabajo.cl\/portal\/wp-content\/uploads\/2017\/05\/Ariel-uniuni.jpg?w=580&amp;ssl=1 580w, https:\/\/i0.wp.com\/eltrabajo.cl\/portal\/wp-content\/uploads\/2017\/05\/Ariel-uniuni.jpg?resize=200%2C120&amp;ssl=1 200w, https:\/\/i0.wp.com\/eltrabajo.cl\/portal\/wp-content\/uploads\/2017\/05\/Ariel-uniuni.jpg?resize=300%2C180&amp;ssl=1 300w, https:\/\/i0.wp.com\/eltrabajo.cl\/portal\/wp-content\/uploads\/2017\/05\/Ariel-uniuni.jpg?resize=250%2C150&amp;ssl=1 250w, https:\/\/i0.wp.com\/eltrabajo.cl\/portal\/wp-content\/uploads\/2017\/05\/Ariel-uniuni.jpg?resize=400%2C240&amp;ssl=1 400w\" sizes=\"auto, (max-width: 580px) 100vw, 580px\" \/><figcaption id=\"caption-attachment-78709\" class=\"wp-caption-text\">DEJANDO HUELLA.- La flecha negra se\u00f1ala al jugador infantil U14, cuando militaba para las juveniles del Un\u00ed.<\/figcaption><\/figure>\n<ul>\n<li><span style=\"color: #ff0000;\"><strong>Ariel Montenegro brilla con luz propia en Uni\u00f3n Espa\u00f1ola:<\/strong><\/span><\/li>\n<\/ul>\n<p>Hoy en Diario El Trabajo compartimos con nuestros lectores una historia de lucha, esfuerzo, anhelos por cumplir y promesas del coraz\u00f3n. Se trata de un joven matrimonio conformado por agricultores que trabajan honradamente para sacar a adelante a sus hijos, y se trata tambi\u00e9n de c\u00f3mo uno de estos hijos est\u00e1 d\u00e1ndolo todo para poder sacar a sus padres de la dura vida de trabajo que tienen que enfrentar.<br \/>\nEstamos hablando de un jovencito de apenas 14 a\u00f1os, quien ya despunta en la U14 del club Uni\u00f3n Espa\u00f1ola, luego que diera sus primeros pasos en la 2\u00aa liga infantil de El Almendral, destac\u00e1ndose prominentemente y llegando muy pronto a las filas juveniles de Uni\u00f3n San Felipe, en donde tambi\u00e9n demostr\u00f3 gran potencia y dominio del bal\u00f3n, al punto de ser insertado en la plana U14 de Uni\u00f3n Espa\u00f1ola, sin que se necesitara para ello hacer pruebas ni largas esperas.<\/p>\n<p><strong>UN SUE\u00d1O DIGNO<\/strong><br \/>\nComo ayer el joven Ariel Alejandro Montenegro Henr\u00edquez estaba en el plantel de su club haciendo sus entrenamientos, s\u00f3lo pudimos hablar con \u00e9l por tel\u00e9fono.<br \/>\n<strong>&#8211; \u00bfPor qu\u00e9 te gusta tanto el f\u00fatbol?<\/strong><br \/>\n&#8211; Me encanta el f\u00fatbol, desde muy chico que vengo haciendo las cosas bien y aprovechando tambi\u00e9n las puertas que se me han abierto. Yo juego f\u00fatbol porque esta profesi\u00f3n es un veh\u00edculo para superarme y posiblemente llegar muy lejos.<br \/>\n<strong>&#8211; \u00bfSi triunfaras y ganaras bastante dinero, qu\u00e9 har\u00edas con \u00e9l?<\/strong><br \/>\n&#8211; Yo veo que a muchos j\u00f3venes como yo les ilusiona la idea de llegar a ser ricos, comprar autos y posesiones, viajar y muchas chicas, a m\u00ed en cambio lo que me gustar\u00eda hacer, si llego a profesionalizarme, es poder sacar a mis padres de la pobreza, ellos tienen que trabajar much\u00edsimo para que yo pueda cumplir con mis estudios y entrenamientos, espero triunfar para ayudarles a lograr una mejor calidad de vida.<\/p>\n<p><strong>PARTIENDO NUECES<\/strong><br \/>\nDiario El Trabajo tambi\u00e9n visit\u00f3 la casa de esta familia sanfelipe\u00f1a, ellos viven en Villa Las Tacas de Almendral Alto.<br \/>\n\u00abVeo que nuestro hijo ha cambiado mucho desde que ingres\u00f3 a Uni\u00f3n Espa\u00f1ola, estamos contentos de sus logros, ojala que tambi\u00e9n \u00e9l sea un ejemplo para sus amigos, doy las gracias a Uni\u00f3n San Felipe que le dio la oportunidad de mostrarse, nos gustar\u00eda verlo triunfar y \u00e9l sabe que tiene todo nuestro apoyo\u00bb, coment\u00f3 emocionado el pap\u00e1 de Ariel, Sergio Montenegro.<br \/>\n<strong>Roberto Gonz\u00e1lez Short<\/strong><\/p>\n<figure id=\"attachment_78706\" aria-describedby=\"caption-attachment-78706\" style=\"width: 580px\" class=\"wp-caption alignnone\"><img data-recalc-dims=\"1\" loading=\"lazy\" decoding=\"async\" class=\"size-full wp-image-78706\" src=\"https:\/\/i0.wp.com\/www.eltrabajo.cl\/2017\/wp-content\/uploads\/2017\/05\/Ariel-Montenegro.jpg?resize=580%2C350\" alt=\"\u00c9l es el joven Ariel Montenegro, quien ya milita en la U14 de Uni\u00f3n Espa\u00f1ola.\" width=\"580\" height=\"350\" srcset=\"https:\/\/i0.wp.com\/eltrabajo.cl\/portal\/wp-content\/uploads\/2017\/05\/Ariel-Montenegro.jpg?w=580&amp;ssl=1 580w, https:\/\/i0.wp.com\/eltrabajo.cl\/portal\/wp-content\/uploads\/2017\/05\/Ariel-Montenegro.jpg?resize=200%2C121&amp;ssl=1 200w, https:\/\/i0.wp.com\/eltrabajo.cl\/portal\/wp-content\/uploads\/2017\/05\/Ariel-Montenegro.jpg?resize=300%2C181&amp;ssl=1 300w, https:\/\/i0.wp.com\/eltrabajo.cl\/portal\/wp-content\/uploads\/2017\/05\/Ariel-Montenegro.jpg?resize=249%2C150&amp;ssl=1 249w, https:\/\/i0.wp.com\/eltrabajo.cl\/portal\/wp-content\/uploads\/2017\/05\/Ariel-Montenegro.jpg?resize=400%2C241&amp;ssl=1 400w\" sizes=\"auto, (max-width: 580px) 100vw, 580px\" \/><figcaption id=\"caption-attachment-78706\" class=\"wp-caption-text\">\u00c9l es el joven Ariel Montenegro, quien ya milita en la U14 de Uni\u00f3n Espa\u00f1ola.<\/figcaption><\/figure>\n<figure id=\"attachment_78707\" aria-describedby=\"caption-attachment-78707\" style=\"width: 580px\" class=\"wp-caption alignnone\"><img data-recalc-dims=\"1\" loading=\"lazy\" decoding=\"async\" class=\"size-full wp-image-78707\" src=\"https:\/\/i0.wp.com\/www.eltrabajo.cl\/2017\/wp-content\/uploads\/2017\/05\/Ariel-Nueces1.jpg?resize=580%2C348\" alt=\"TRABAJO DIGNO.- Mientras este joven se somete a duros entrenamientos en Uni\u00f3n Espa\u00f1ola, sus padres Sergio y do\u00f1a Alejandra parten nueces para sacar adelante a sus hijos.\" width=\"580\" height=\"348\" srcset=\"https:\/\/i0.wp.com\/eltrabajo.cl\/portal\/wp-content\/uploads\/2017\/05\/Ariel-Nueces1.jpg?w=580&amp;ssl=1 580w, https:\/\/i0.wp.com\/eltrabajo.cl\/portal\/wp-content\/uploads\/2017\/05\/Ariel-Nueces1.jpg?resize=200%2C120&amp;ssl=1 200w, https:\/\/i0.wp.com\/eltrabajo.cl\/portal\/wp-content\/uploads\/2017\/05\/Ariel-Nueces1.jpg?resize=300%2C180&amp;ssl=1 300w, https:\/\/i0.wp.com\/eltrabajo.cl\/portal\/wp-content\/uploads\/2017\/05\/Ariel-Nueces1.jpg?resize=250%2C150&amp;ssl=1 250w, https:\/\/i0.wp.com\/eltrabajo.cl\/portal\/wp-content\/uploads\/2017\/05\/Ariel-Nueces1.jpg?resize=400%2C240&amp;ssl=1 400w\" sizes=\"auto, (max-width: 580px) 100vw, 580px\" \/><figcaption id=\"caption-attachment-78707\" class=\"wp-caption-text\">TRABAJO DIGNO.- Mientras este joven se somete a duros entrenamientos en Uni\u00f3n Espa\u00f1ola, sus padres Sergio y do\u00f1a Alejandra parten nueces para sacar adelante a sus hijos.<\/figcaption><\/figure>\n<figure id=\"attachment_78708\" aria-describedby=\"caption-attachment-78708\" style=\"width: 580px\" class=\"wp-caption alignnone\"><img data-recalc-dims=\"1\" loading=\"lazy\" decoding=\"async\" class=\"size-full wp-image-78708\" src=\"https:\/\/i0.wp.com\/www.eltrabajo.cl\/2017\/wp-content\/uploads\/2017\/05\/Ariel-Sergio-Montenegro.jpg?resize=580%2C349\" alt=\"Sergio Montenegro anhela ver a su hijo triunfar como futbolista.\" width=\"580\" height=\"349\" srcset=\"https:\/\/i0.wp.com\/eltrabajo.cl\/portal\/wp-content\/uploads\/2017\/05\/Ariel-Sergio-Montenegro.jpg?w=580&amp;ssl=1 580w, https:\/\/i0.wp.com\/eltrabajo.cl\/portal\/wp-content\/uploads\/2017\/05\/Ariel-Sergio-Montenegro.jpg?resize=200%2C120&amp;ssl=1 200w, https:\/\/i0.wp.com\/eltrabajo.cl\/portal\/wp-content\/uploads\/2017\/05\/Ariel-Sergio-Montenegro.jpg?resize=300%2C181&amp;ssl=1 300w, https:\/\/i0.wp.com\/eltrabajo.cl\/portal\/wp-content\/uploads\/2017\/05\/Ariel-Sergio-Montenegro.jpg?resize=249%2C150&amp;ssl=1 249w, https:\/\/i0.wp.com\/eltrabajo.cl\/portal\/wp-content\/uploads\/2017\/05\/Ariel-Sergio-Montenegro.jpg?resize=400%2C241&amp;ssl=1 400w\" sizes=\"auto, (max-width: 580px) 100vw, 580px\" \/><figcaption id=\"caption-attachment-78708\" class=\"wp-caption-text\">Sergio Montenegro anhela ver a su hijo triunfar como futbolista.<\/figcaption><\/figure>\n<figure id=\"attachment_78710\" aria-describedby=\"caption-attachment-78710\" style=\"width: 580px\" class=\"wp-caption alignnone\"><img data-recalc-dims=\"1\" loading=\"lazy\" decoding=\"async\" class=\"size-full wp-image-78710\" src=\"https:\/\/i0.wp.com\/www.eltrabajo.cl\/2017\/wp-content\/uploads\/2017\/05\/Ariel1.jpg?resize=580%2C348\" alt=\"PURA ENERG\u00cdA.- Aqu\u00ed vemos de polera roja, al joven Ariel Montenegro jugar como stopper del Uni\u00f3n Espa\u00f1ola en Santiago.\" width=\"580\" height=\"348\" srcset=\"https:\/\/i0.wp.com\/eltrabajo.cl\/portal\/wp-content\/uploads\/2017\/05\/Ariel1.jpg?w=580&amp;ssl=1 580w, https:\/\/i0.wp.com\/eltrabajo.cl\/portal\/wp-content\/uploads\/2017\/05\/Ariel1.jpg?resize=200%2C120&amp;ssl=1 200w, https:\/\/i0.wp.com\/eltrabajo.cl\/portal\/wp-content\/uploads\/2017\/05\/Ariel1.jpg?resize=300%2C180&amp;ssl=1 300w, https:\/\/i0.wp.com\/eltrabajo.cl\/portal\/wp-content\/uploads\/2017\/05\/Ariel1.jpg?resize=250%2C150&amp;ssl=1 250w, https:\/\/i0.wp.com\/eltrabajo.cl\/portal\/wp-content\/uploads\/2017\/05\/Ariel1.jpg?resize=400%2C240&amp;ssl=1 400w\" sizes=\"auto, (max-width: 580px) 100vw, 580px\" \/><figcaption id=\"caption-attachment-78710\" class=\"wp-caption-text\">PURA ENERG\u00cdA.- Aqu\u00ed vemos de polera roja, al joven Ariel Montenegro jugar como stopper del Uni\u00f3n Espa\u00f1ola en Santiago.<\/figcaption><\/figure>\n<figure id=\"attachment_78711\" aria-describedby=\"caption-attachment-78711\" style=\"width: 580px\" class=\"wp-caption alignnone\"><img data-recalc-dims=\"1\" loading=\"lazy\" decoding=\"async\" class=\"size-full wp-image-78711\" src=\"https:\/\/i0.wp.com\/www.eltrabajo.cl\/2017\/wp-content\/uploads\/2017\/05\/Ariel2.jpg?resize=580%2C348\" alt=\"LA JUVENTUD IMPONE.- Pero con m\u00e1s potencia lo vemos en esta foto con polera azul, una de las j\u00f3venes promesas aconcag\u00fcinas que sue\u00f1a con volar muy alto.\" width=\"580\" height=\"348\" srcset=\"https:\/\/i0.wp.com\/eltrabajo.cl\/portal\/wp-content\/uploads\/2017\/05\/Ariel2.jpg?w=580&amp;ssl=1 580w, https:\/\/i0.wp.com\/eltrabajo.cl\/portal\/wp-content\/uploads\/2017\/05\/Ariel2.jpg?resize=200%2C120&amp;ssl=1 200w, https:\/\/i0.wp.com\/eltrabajo.cl\/portal\/wp-content\/uploads\/2017\/05\/Ariel2.jpg?resize=300%2C180&amp;ssl=1 300w, https:\/\/i0.wp.com\/eltrabajo.cl\/portal\/wp-content\/uploads\/2017\/05\/Ariel2.jpg?resize=250%2C150&amp;ssl=1 250w, https:\/\/i0.wp.com\/eltrabajo.cl\/portal\/wp-content\/uploads\/2017\/05\/Ariel2.jpg?resize=400%2C240&amp;ssl=1 400w\" sizes=\"auto, (max-width: 580px) 100vw, 580px\" \/><figcaption id=\"caption-attachment-78711\" class=\"wp-caption-text\">LA JUVENTUD IMPONE.- Pero con m\u00e1s potencia lo vemos en esta foto con polera azul, una de las j\u00f3venes promesas aconcag\u00fcinas que sue\u00f1a con volar muy alto.<\/figcaption><\/figure>\n","protected":false},"excerpt":{"rendered":"<p>Ariel Montenegro brilla con luz propia en Uni\u00f3n Espa\u00f1ola: Hoy en Diario El Trabajo compartimos con nuestros lectores una historia de lucha, esfuerzo, anhelos por cumplir y promesas del coraz\u00f3n. Se trata&#8230;<\/p>\n","protected":false},"author":482,"featured_media":78706,"comment_status":"open","ping_status":"open","sticky":false,"template":"","format":"standard","meta":{"advanced_seo_description":"","jetpack_seo_html_title":"","jetpack_seo_noindex":false,"_jetpack_memberships_contains_paid_content":false,"footnotes":""},"categories":[15],"tags":[],"class_list":["post-78705","post","type-post","status-publish","format-standard","has-post-thumbnail","hentry","category-comunidad"],"jetpack_featured_media_url":"https:\/\/i0.wp.com\/eltrabajo.cl\/portal\/wp-content\/uploads\/2017\/05\/Ariel-Montenegro.jpg?fit=580%2C350&ssl=1","jetpack_sharing_enabled":true,"jetpack_likes_enabled":true,"jetpack-related-posts":[],"_links":{"self":[{"href":"https:\/\/eltrabajo.cl\/portal\/wp-json\/wp\/v2\/posts\/78705","targetHints":{"allow":["GET"]}}],"collection":[{"href":"https:\/\/eltrabajo.cl\/portal\/wp-json\/wp\/v2\/posts"}],"about":[{"href":"https:\/\/eltrabajo.cl\/portal\/wp-json\/wp\/v2\/types\/post"}],"author":[{"embeddable":true,"href":"https:\/\/eltrabajo.cl\/portal\/wp-json\/wp\/v2\/users\/482"}],"replies":[{"embeddable":true,"href":"https:\/\/eltrabajo.cl\/portal\/wp-json\/wp\/v2\/comments?post=78705"}],"version-history":[{"count":0,"href":"https:\/\/eltrabajo.cl\/portal\/wp-json\/wp\/v2\/posts\/78705\/revisions"}],"wp:featuredmedia":[{"embeddable":true,"href":"https:\/\/eltrabajo.cl\/portal\/wp-json\/wp\/v2\/media\/78706"}],"wp:attachment":[{"href":"https:\/\/eltrabajo.cl\/portal\/wp-json\/wp\/v2\/media?parent=78705"}],"wp:term":[{"taxonomy":"category","embeddable":true,"href":"https:\/\/eltrabajo.cl\/portal\/wp-json\/wp\/v2\/categories?post=78705"},{"taxonomy":"post_tag","embeddable":true,"href":"https:\/\/eltrabajo.cl\/portal\/wp-json\/wp\/v2\/tags?post=78705"}],"curies":[{"name":"wp","href":"https:\/\/api.w.org\/{rel}","templated":true}]}}