{"id":78713,"date":"2017-05-04T06:02:25","date_gmt":"2017-05-04T10:02:25","guid":{"rendered":"http:\/\/www.eltrabajo.cl\/2017\/?p=78713"},"modified":"2017-05-04T06:02:25","modified_gmt":"2017-05-04T10:02:25","slug":"san-felipe-volley-gana-clasificatorio-femenino-u12-en-el-sur","status":"publish","type":"post","link":"https:\/\/eltrabajo.cl\/portal\/san-felipe-volley-gana-clasificatorio-femenino-u12-en-el-sur\/","title":{"rendered":"San Felipe Volley gana clasificatorio femenino U12 en el sur"},"content":{"rendered":"<figure id=\"attachment_78714\" aria-describedby=\"caption-attachment-78714\" style=\"width: 580px\" class=\"wp-caption alignnone\"><img data-recalc-dims=\"1\" loading=\"lazy\" decoding=\"async\" class=\"size-full wp-image-78714\" src=\"https:\/\/i0.wp.com\/www.eltrabajo.cl\/2017\/wp-content\/uploads\/2017\/05\/san-felip-voley.jpg?resize=580%2C350\" alt=\"El conjunto menor de 12 a\u00f1os de San Felipe Volley gan\u00f3 con categor\u00eda el clasificatorio jugado en la ciudad de Victoria.\" width=\"580\" height=\"350\" srcset=\"https:\/\/i0.wp.com\/eltrabajo.cl\/portal\/wp-content\/uploads\/2017\/05\/san-felip-voley.jpg?w=580&amp;ssl=1 580w, https:\/\/i0.wp.com\/eltrabajo.cl\/portal\/wp-content\/uploads\/2017\/05\/san-felip-voley.jpg?resize=200%2C121&amp;ssl=1 200w, https:\/\/i0.wp.com\/eltrabajo.cl\/portal\/wp-content\/uploads\/2017\/05\/san-felip-voley.jpg?resize=300%2C181&amp;ssl=1 300w, https:\/\/i0.wp.com\/eltrabajo.cl\/portal\/wp-content\/uploads\/2017\/05\/san-felip-voley.jpg?resize=249%2C150&amp;ssl=1 249w, https:\/\/i0.wp.com\/eltrabajo.cl\/portal\/wp-content\/uploads\/2017\/05\/san-felip-voley.jpg?resize=400%2C241&amp;ssl=1 400w\" sizes=\"auto, (max-width: 580px) 100vw, 580px\" \/><figcaption id=\"caption-attachment-78714\" class=\"wp-caption-text\">El conjunto menor de 12 a\u00f1os de San Felipe Volley gan\u00f3 con categor\u00eda el clasificatorio jugado en la ciudad de Victoria.<\/figcaption><\/figure>\n<p>El largo, planificado y profesional trabajo a cargo de los profesores Carlos Mercado y Ernesto S\u00e1nchez, ha permitido que el equipo femenino menor de 12 a\u00f1os del club San Felipe Volley, se haya posicionado con propiedad dentro de los mejores en el pa\u00eds, algo que se ratific\u00f3 en la ciudad de Victoria, donde el sexteto sanfelipe\u00f1o fue el mejor del clasificatorio de la Liga Nacional de Menores (Liname).<br \/>\nEn la regi\u00f3n de la Araucan\u00eda, donde se vivieron intensas 48 horas de voleibol, San Felipe Volley se alz\u00f3 como el mejor entre conjuntos de mucha calidad como lo eran: Ingl\u00e9s de Talca, Trekan de Los \u00c1ngeles, Alem\u00e1n de Concepci\u00f3n, Giba de Requ\u00ednoa y Vivo de Victoria.<br \/>\nEste \u00e9xito permitir\u00e1 al equipo aconcag\u00fcino jugar en la Serie A donde estar\u00e1n presentes los mejores 6 sextetos del pa\u00eds. Ya el a\u00f1o pasado San Felipe Volley fue el mejor y por lo mismo su objetivo es revalidar el t\u00edtulo, y tiene como hacerlo ya que por ejemplo en el pasado clasificatorio, dos de sus jugadoras fueron elegidas como las mejores. As\u00ed Emilia Villalobos y Valentina Bianchini, se convirtieron en la mejor armadora y mejor defensa respectivamente, siendo premiadas por su gran rendimiento.<br \/>\nEl equipo sub 12 de San Felipe Volley, se compone de jugadoras que pertenecen a los colegios Verdruna, Jos\u00e9 Agust\u00edn G\u00f3mez y Pumanque.<\/p>\n","protected":false},"excerpt":{"rendered":"<p>El largo, planificado y profesional trabajo a cargo de los profesores Carlos Mercado y Ernesto S\u00e1nchez, ha permitido que el equipo femenino menor de 12 a\u00f1os del club San Felipe Volley, se&#8230;<\/p>\n","protected":false},"author":482,"featured_media":78714,"comment_status":"open","ping_status":"open","sticky":false,"template":"","format":"standard","meta":{"advanced_seo_description":"","jetpack_seo_html_title":"","jetpack_seo_noindex":false,"_jetpack_memberships_contains_paid_content":false,"footnotes":""},"categories":[19],"tags":[],"class_list":["post-78713","post","type-post","status-publish","format-standard","has-post-thumbnail","hentry","category-deportes"],"jetpack_featured_media_url":"https:\/\/i0.wp.com\/eltrabajo.cl\/portal\/wp-content\/uploads\/2017\/05\/san-felip-voley.jpg?fit=580%2C350&ssl=1","jetpack_sharing_enabled":true,"jetpack_likes_enabled":true,"jetpack-related-posts":[],"_links":{"self":[{"href":"https:\/\/eltrabajo.cl\/portal\/wp-json\/wp\/v2\/posts\/78713","targetHints":{"allow":["GET"]}}],"collection":[{"href":"https:\/\/eltrabajo.cl\/portal\/wp-json\/wp\/v2\/posts"}],"about":[{"href":"https:\/\/eltrabajo.cl\/portal\/wp-json\/wp\/v2\/types\/post"}],"author":[{"embeddable":true,"href":"https:\/\/eltrabajo.cl\/portal\/wp-json\/wp\/v2\/users\/482"}],"replies":[{"embeddable":true,"href":"https:\/\/eltrabajo.cl\/portal\/wp-json\/wp\/v2\/comments?post=78713"}],"version-history":[{"count":0,"href":"https:\/\/eltrabajo.cl\/portal\/wp-json\/wp\/v2\/posts\/78713\/revisions"}],"wp:featuredmedia":[{"embeddable":true,"href":"https:\/\/eltrabajo.cl\/portal\/wp-json\/wp\/v2\/media\/78714"}],"wp:attachment":[{"href":"https:\/\/eltrabajo.cl\/portal\/wp-json\/wp\/v2\/media?parent=78713"}],"wp:term":[{"taxonomy":"category","embeddable":true,"href":"https:\/\/eltrabajo.cl\/portal\/wp-json\/wp\/v2\/categories?post=78713"},{"taxonomy":"post_tag","embeddable":true,"href":"https:\/\/eltrabajo.cl\/portal\/wp-json\/wp\/v2\/tags?post=78713"}],"curies":[{"name":"wp","href":"https:\/\/api.w.org\/{rel}","templated":true}]}}