{"id":78726,"date":"2017-05-04T06:04:20","date_gmt":"2017-05-04T10:04:20","guid":{"rendered":"http:\/\/www.eltrabajo.cl\/2017\/?p=78726"},"modified":"2017-05-04T06:04:20","modified_gmt":"2017-05-04T10:04:20","slug":"alcalde-freire-pidio-a-delgado-no-culpar-a-la-cancha-por-pobre-campana","status":"publish","type":"post","link":"https:\/\/eltrabajo.cl\/portal\/alcalde-freire-pidio-a-delgado-no-culpar-a-la-cancha-por-pobre-campana\/","title":{"rendered":"Alcalde Freire pidi\u00f3 a Delgado no culpar a la cancha por pobre campa\u00f1a"},"content":{"rendered":"<figure id=\"attachment_78727\" aria-describedby=\"caption-attachment-78727\" style=\"width: 580px\" class=\"wp-caption alignnone\"><img data-recalc-dims=\"1\" loading=\"lazy\" decoding=\"async\" class=\"size-full wp-image-78727\" src=\"https:\/\/i0.wp.com\/www.eltrabajo.cl\/2017\/wp-content\/uploads\/2017\/05\/freire-estadio.jpg?resize=580%2C348\" alt=\"Patricio Freire Canto, Alcalde de San Felipe.\" width=\"580\" height=\"348\" srcset=\"https:\/\/i0.wp.com\/eltrabajo.cl\/portal\/wp-content\/uploads\/2017\/05\/freire-estadio.jpg?w=580&amp;ssl=1 580w, https:\/\/i0.wp.com\/eltrabajo.cl\/portal\/wp-content\/uploads\/2017\/05\/freire-estadio.jpg?resize=200%2C120&amp;ssl=1 200w, https:\/\/i0.wp.com\/eltrabajo.cl\/portal\/wp-content\/uploads\/2017\/05\/freire-estadio.jpg?resize=300%2C180&amp;ssl=1 300w, https:\/\/i0.wp.com\/eltrabajo.cl\/portal\/wp-content\/uploads\/2017\/05\/freire-estadio.jpg?resize=250%2C150&amp;ssl=1 250w, https:\/\/i0.wp.com\/eltrabajo.cl\/portal\/wp-content\/uploads\/2017\/05\/freire-estadio.jpg?resize=400%2C240&amp;ssl=1 400w\" sizes=\"auto, (max-width: 580px) 100vw, 580px\" \/><figcaption id=\"caption-attachment-78727\" class=\"wp-caption-text\">Patricio Freire Canto, Alcalde de San Felipe.<\/figcaption><\/figure>\n<ul>\n<li><span style=\"color: #ff0000;\"><strong>\u201cMientras no pongan fichas al Un\u00ed, no va a tener gente, vaya a la ciudad que vaya\u201d<\/strong><\/span><\/li>\n<\/ul>\n<p>\u201cYo a Ra\u00fal Delgado, en diez a\u00f1os lo he visto una vez y lo he visto de lejos, ni siquiera ha tenido la deferencia de saludar a las autoridades\u201d. De esta manera se refiri\u00f3 el Alcalde Patricio Freire Canto a las declaraciones vertidas por el dirigente de Uni\u00f3n San Felipe una vez finalizado el partido frente a Deportes Valdivia, oportunidad en la cual el Un\u00ed Un\u00ed perdi\u00f3 por 2 a 1. En la ocasi\u00f3n Delgado responsabiliz\u00f3 a los jugadores por el p\u00e9simo desempe\u00f1o del equipo, pero adem\u00e1s dijo que la cancha del Municipal era un potrero.<br \/>\nEl Alcalde Patricio Freire record\u00f3 que el Estadio Municipal es de todos los sanfelipe\u00f1os, donde se incluye a Uni\u00f3n San Felipe, es decir: \u201cUni\u00f3n San Felipe nos representa y para nosotros eso es bastante importante, pero no deja ser que cuando hayan fracasos en la parte deportiva, se desquite con la comunidad sanfelipe\u00f1a y eso yo creo que no es lo justo\u201d, se\u00f1ala.<br \/>\n<strong>&#8211; \u00bfQu\u00e9 opini\u00f3n le merece eso de querer irse de San Felipe con el club y ver otras alternativas de estadios?<\/strong><br \/>\n&#8211; Cualquier otra alternativa que vea y mientras San Felipe no tenga triunfos y que sea un equipo donde no se pongan las fichas, no va a tener gente, vaya a la ciudad que vaya.<br \/>\n<strong>&#8211; \u00bfPero usted esperar\u00eda que retenga Uni\u00f3n San Felipe y seguir ac\u00e1?<\/strong><br \/>\n&#8211; Bueno, Uni\u00f3n San Felipe como equipo de f\u00fatbol pertenece a la ciudad de San Felipe.<br \/>\n<strong>&#8211; \u00bfLe gustar\u00eda que Uni\u00f3n San Felipe se fuera de la ciudad, de San Felipe?<\/strong><br \/>\n&#8211; A nadie le gustar\u00eda que se fuera un equipo de f\u00fatbol que representa los colores de la ciudad, pero cuando se usan esas presiones que son antojadizas, cuando pierden se desquitan con los jugadores, porque la parte humana deja harto que desear, cuando se denigra a los jugadores, creo que no debiera ser.<\/p>\n<p><strong>TRABAJOS POR HACER<\/strong><br \/>\nPor otra parte el Alcalde Patricio Freire inform\u00f3 que se va a comenzar la resiembra de la cancha del Municipal en esta fecha porque el club entra en receso.<br \/>\nAdem\u00e1s cont\u00f3 que hay un proyecto bastante ambicioso para arreglar las gradas y todo el entorno del recinto deportivo.<br \/>\nAsegur\u00f3 que el estadio va a tener otra cara cuando se retome el torneo, espec\u00edficamente en cuanto a la cancha por la resiembra: \u201cVa a estar en mejores condiciones, y el a\u00f1o pasado el estadio fue digno de elogio, donde dec\u00edan que estaba en excelentes condiciones. Hoy en d\u00eda el estadio tiene riego tecnificado, tiene un pozo con agua asegurada, es decir se le han hecho muchos adelantos al estadio y vamos a seguir trabajando en ello\u201d, sostuvo Freire Canto.<br \/>\nEn cuanto a la presencia de basura, tapas de cervezas en los camarines, el alcalde dijo: \u201cPuede ser el f\u00fatbol amateur que jug\u00f3 en la semana, debe haber dejado alg\u00fan indicio de tapas de bebidas, pero no es para echarle la culpa a las tapas de bebidas del mal funcionamiento del club, es decir yo cuando escuch\u00e9 al se\u00f1or Delgado, ve\u00eda claramente que no ten\u00eda nada que ver lo del estadio con el juego en la cancha\u201d, finaliz\u00f3.<\/p>\n","protected":false},"excerpt":{"rendered":"<p>\u201cMientras no pongan fichas al Un\u00ed, no va a tener gente, vaya a la ciudad que vaya\u201d \u201cYo a Ra\u00fal Delgado, en diez a\u00f1os lo he visto una vez y lo he&#8230;<\/p>\n","protected":false},"author":482,"featured_media":78727,"comment_status":"open","ping_status":"open","sticky":false,"template":"","format":"standard","meta":{"advanced_seo_description":"","jetpack_seo_html_title":"","jetpack_seo_noindex":false,"_jetpack_memberships_contains_paid_content":false,"footnotes":""},"categories":[1],"tags":[],"class_list":["post-78726","post","type-post","status-publish","format-standard","has-post-thumbnail","hentry","category-cronica"],"jetpack_featured_media_url":"https:\/\/i0.wp.com\/eltrabajo.cl\/portal\/wp-content\/uploads\/2017\/05\/freire-estadio.jpg?fit=580%2C348&ssl=1","jetpack_sharing_enabled":true,"jetpack_likes_enabled":true,"jetpack-related-posts":[],"_links":{"self":[{"href":"https:\/\/eltrabajo.cl\/portal\/wp-json\/wp\/v2\/posts\/78726","targetHints":{"allow":["GET"]}}],"collection":[{"href":"https:\/\/eltrabajo.cl\/portal\/wp-json\/wp\/v2\/posts"}],"about":[{"href":"https:\/\/eltrabajo.cl\/portal\/wp-json\/wp\/v2\/types\/post"}],"author":[{"embeddable":true,"href":"https:\/\/eltrabajo.cl\/portal\/wp-json\/wp\/v2\/users\/482"}],"replies":[{"embeddable":true,"href":"https:\/\/eltrabajo.cl\/portal\/wp-json\/wp\/v2\/comments?post=78726"}],"version-history":[{"count":0,"href":"https:\/\/eltrabajo.cl\/portal\/wp-json\/wp\/v2\/posts\/78726\/revisions"}],"wp:featuredmedia":[{"embeddable":true,"href":"https:\/\/eltrabajo.cl\/portal\/wp-json\/wp\/v2\/media\/78727"}],"wp:attachment":[{"href":"https:\/\/eltrabajo.cl\/portal\/wp-json\/wp\/v2\/media?parent=78726"}],"wp:term":[{"taxonomy":"category","embeddable":true,"href":"https:\/\/eltrabajo.cl\/portal\/wp-json\/wp\/v2\/categories?post=78726"},{"taxonomy":"post_tag","embeddable":true,"href":"https:\/\/eltrabajo.cl\/portal\/wp-json\/wp\/v2\/tags?post=78726"}],"curies":[{"name":"wp","href":"https:\/\/api.w.org\/{rel}","templated":true}]}}