{"id":78729,"date":"2017-05-04T06:06:47","date_gmt":"2017-05-04T10:06:47","guid":{"rendered":"http:\/\/www.eltrabajo.cl\/2017\/?p=78729"},"modified":"2017-05-04T06:06:47","modified_gmt":"2017-05-04T10:06:47","slug":"vecino-fue-sepultado-sin-misa-funebre-porque-sacerdote-no-llego-a-la-hora","status":"publish","type":"post","link":"https:\/\/eltrabajo.cl\/portal\/vecino-fue-sepultado-sin-misa-funebre-porque-sacerdote-no-llego-a-la-hora\/","title":{"rendered":"Vecino fue sepultado sin misa f\u00fanebre porque sacerdote no lleg\u00f3 a la hora"},"content":{"rendered":"<figure id=\"attachment_78731\" aria-describedby=\"caption-attachment-78731\" style=\"width: 580px\" class=\"wp-caption alignnone\"><img data-recalc-dims=\"1\" loading=\"lazy\" decoding=\"async\" class=\"size-full wp-image-78731\" src=\"https:\/\/i0.wp.com\/www.eltrabajo.cl\/2017\/wp-content\/uploads\/2017\/05\/Nelson-Chavez.jpg?resize=580%2C349\" alt=\"Nelson Ch\u00e1vez, Secretario de la Junta de Vecinos Poblaci\u00f3n Aconcagua.\" width=\"580\" height=\"349\" srcset=\"https:\/\/i0.wp.com\/eltrabajo.cl\/portal\/wp-content\/uploads\/2017\/05\/Nelson-Chavez.jpg?w=580&amp;ssl=1 580w, https:\/\/i0.wp.com\/eltrabajo.cl\/portal\/wp-content\/uploads\/2017\/05\/Nelson-Chavez.jpg?resize=200%2C120&amp;ssl=1 200w, https:\/\/i0.wp.com\/eltrabajo.cl\/portal\/wp-content\/uploads\/2017\/05\/Nelson-Chavez.jpg?resize=300%2C181&amp;ssl=1 300w, https:\/\/i0.wp.com\/eltrabajo.cl\/portal\/wp-content\/uploads\/2017\/05\/Nelson-Chavez.jpg?resize=249%2C150&amp;ssl=1 249w, https:\/\/i0.wp.com\/eltrabajo.cl\/portal\/wp-content\/uploads\/2017\/05\/Nelson-Chavez.jpg?resize=400%2C241&amp;ssl=1 400w\" sizes=\"auto, (max-width: 580px) 100vw, 580px\" \/><figcaption id=\"caption-attachment-78731\" class=\"wp-caption-text\">Nelson Ch\u00e1vez, Secretario de la Junta de Vecinos Poblaci\u00f3n Aconcagua.<\/figcaption><\/figure>\n<p>El Secretario de la Junta de Vecinos de Poblaci\u00f3n Aconcagua, Nelson Ch\u00e1vez, denunci\u00f3 p\u00fablicamente que debieron sepultar a uno de sus vecinos, Luis P\u00e9rez, sin haberle realizado la correspondiente misa f\u00fanebre en la Parroquia Andacollo, puesto que no hubo sacerdote que llegara a la hora acordada.<br \/>\nLa denuncia la hizo en nuestras oficinas, hasta donde lleg\u00f3 para expresar su malestar por lo ocurrido, luego de haber volcado su enojo a trav\u00e9s de un programa en radio Aconcagua.<br \/>\nSeg\u00fan indic\u00f3 Ch\u00e1vez, se trata de una \u201csituaci\u00f3n bastante complicada, triste que nos hizo vivir una instituci\u00f3n. Le cuento, tuvimos el fallecimiento de un vecino y como es costumbre se le oficia una misa de despedida; esa misa estaba fijada en una hora determinada por la administraci\u00f3n del lugar, que en este caso es la Iglesia Andacollo, a las 16 horas de ayer (martes), y pasada esa hora no lleg\u00f3 ning\u00fan sacerdote a oficiar la misa\u201d.<br \/>\nAgrega que seg\u00fan lo manifestado por los familiares, estaba todo acordado para que la misa se llevara a cabo ese d\u00eda: \u201cTodo estaba programado, incluyendo el cementerio; de alguna manera nos afect\u00f3 much\u00edsimo, estamos muy tristes, muy dolidos. Las explicaciones que nos dieron fue que el sacerdote que nos iba a oficiar la misa, estaba en otra ceremonia, por lo que al parecer hubo bastante descoordinaci\u00f3n, incluso se lleg\u00f3 antes de la hora fijada, me parece una situaci\u00f3n bastante delicada y muy triste que esto haya sucedido\u201d, se\u00f1al\u00f3.<br \/>\nSeg\u00fan agrega el dirigente, el sacerdote lleg\u00f3 faltando cinco minutos para las cinco de la tarde.<\/p>\n<p><strong>HECHO AISLADO<\/strong><br \/>\nPor su parte el sacerdote Crist\u00f3bal Miranda, en su derecho a r\u00e9plica, dijo que primero era una situaci\u00f3n bien complicada, dolorosa para la familia: \u201cLe pido disculpas a la familia por la situaci\u00f3n que se gener\u00f3 el d\u00eda de ayer (martes), una situaci\u00f3n dolorosa que ocurri\u00f3, no podemos decir que no ocurri\u00f3; s\u00ed ocurri\u00f3. Segundo lugar yo quiero aclarar algunas cosas, he llamado a la funeraria porque tambi\u00e9n tuvimos problemas ah\u00ed, porque el funeral era a las cuatro y media, no a las cuatro, eso me consta porque la secretaria llam\u00f3 en mi presencia al deudo responsable, dici\u00e9ndole que no hab\u00eda sacerdote para las cuatro y por lo tanto el funeral ten\u00eda que ser a las cuatro y media, y la persona acept\u00f3, lo que pasa es que no s\u00e9 por qu\u00e9 nadie m\u00e1s se enter\u00f3 que el funeral era a las cuatro y media y no a las cuatro de la tarde, y el sacerdote que ven\u00eda a oficiar el funeral lleg\u00f3 diez minutos m\u00e1s tarde\u201d, sostuvo el padre Miranda.<br \/>\nAgreg\u00f3 que se trata de un hecho aislado y que comparte plenamente el dolor y el reclamo que hicieron ante el Obispado, se\u00f1alando que est\u00e1n en todo su derecho.<br \/>\nFinalmente la persona fue sacada desde la parroquia Andacollo a eso de las 16:30 horas.<\/p>\n<figure id=\"attachment_78730\" aria-describedby=\"caption-attachment-78730\" style=\"width: 580px\" class=\"wp-caption alignnone\"><img data-recalc-dims=\"1\" loading=\"lazy\" decoding=\"async\" class=\"size-full wp-image-78730\" src=\"https:\/\/i0.wp.com\/www.eltrabajo.cl\/2017\/wp-content\/uploads\/2017\/05\/andacollo.jpg?resize=580%2C349\" alt=\"La Iglesia Andacollo ubicada en la Avenida Diego de Almagro en San Felipe.\" width=\"580\" height=\"349\" srcset=\"https:\/\/i0.wp.com\/eltrabajo.cl\/portal\/wp-content\/uploads\/2017\/05\/andacollo.jpg?w=580&amp;ssl=1 580w, https:\/\/i0.wp.com\/eltrabajo.cl\/portal\/wp-content\/uploads\/2017\/05\/andacollo.jpg?resize=200%2C120&amp;ssl=1 200w, https:\/\/i0.wp.com\/eltrabajo.cl\/portal\/wp-content\/uploads\/2017\/05\/andacollo.jpg?resize=300%2C181&amp;ssl=1 300w, https:\/\/i0.wp.com\/eltrabajo.cl\/portal\/wp-content\/uploads\/2017\/05\/andacollo.jpg?resize=249%2C150&amp;ssl=1 249w, https:\/\/i0.wp.com\/eltrabajo.cl\/portal\/wp-content\/uploads\/2017\/05\/andacollo.jpg?resize=400%2C241&amp;ssl=1 400w\" sizes=\"auto, (max-width: 580px) 100vw, 580px\" \/><figcaption id=\"caption-attachment-78730\" class=\"wp-caption-text\">La Iglesia Andacollo ubicada en la Avenida Diego de Almagro en San Felipe.<\/figcaption><\/figure>\n<p>&nbsp;<\/p>\n<figure id=\"attachment_78732\" aria-describedby=\"caption-attachment-78732\" style=\"width: 580px\" class=\"wp-caption alignnone\"><img data-recalc-dims=\"1\" loading=\"lazy\" decoding=\"async\" class=\"size-full wp-image-78732\" src=\"https:\/\/i0.wp.com\/www.eltrabajo.cl\/2017\/wp-content\/uploads\/2017\/05\/obispo.jpg?resize=580%2C350\" alt=\"Este es el reclamo formal realizado ante el Obispado por la situaci\u00f3n vivida en el funeral de don Luis P\u00e9rez.\" width=\"580\" height=\"350\" srcset=\"https:\/\/i0.wp.com\/eltrabajo.cl\/portal\/wp-content\/uploads\/2017\/05\/obispo.jpg?w=580&amp;ssl=1 580w, https:\/\/i0.wp.com\/eltrabajo.cl\/portal\/wp-content\/uploads\/2017\/05\/obispo.jpg?resize=200%2C121&amp;ssl=1 200w, https:\/\/i0.wp.com\/eltrabajo.cl\/portal\/wp-content\/uploads\/2017\/05\/obispo.jpg?resize=300%2C181&amp;ssl=1 300w, https:\/\/i0.wp.com\/eltrabajo.cl\/portal\/wp-content\/uploads\/2017\/05\/obispo.jpg?resize=249%2C150&amp;ssl=1 249w, https:\/\/i0.wp.com\/eltrabajo.cl\/portal\/wp-content\/uploads\/2017\/05\/obispo.jpg?resize=400%2C241&amp;ssl=1 400w\" sizes=\"auto, (max-width: 580px) 100vw, 580px\" \/><figcaption id=\"caption-attachment-78732\" class=\"wp-caption-text\">Este es el reclamo formal realizado ante el Obispado por la situaci\u00f3n vivida en el funeral de don Luis P\u00e9rez.<\/figcaption><\/figure>\n","protected":false},"excerpt":{"rendered":"<p>El Secretario de la Junta de Vecinos de Poblaci\u00f3n Aconcagua, Nelson Ch\u00e1vez, denunci\u00f3 p\u00fablicamente que debieron sepultar a uno de sus vecinos, Luis P\u00e9rez, sin haberle realizado la correspondiente misa f\u00fanebre en&#8230;<\/p>\n","protected":false},"author":482,"featured_media":78730,"comment_status":"open","ping_status":"open","sticky":false,"template":"","format":"standard","meta":{"advanced_seo_description":"","jetpack_seo_html_title":"","jetpack_seo_noindex":false,"_jetpack_memberships_contains_paid_content":false,"footnotes":""},"categories":[15],"tags":[],"class_list":["post-78729","post","type-post","status-publish","format-standard","has-post-thumbnail","hentry","category-comunidad"],"jetpack_featured_media_url":"https:\/\/i0.wp.com\/eltrabajo.cl\/portal\/wp-content\/uploads\/2017\/05\/andacollo.jpg?fit=580%2C349&ssl=1","jetpack_sharing_enabled":true,"jetpack_likes_enabled":true,"jetpack-related-posts":[],"_links":{"self":[{"href":"https:\/\/eltrabajo.cl\/portal\/wp-json\/wp\/v2\/posts\/78729","targetHints":{"allow":["GET"]}}],"collection":[{"href":"https:\/\/eltrabajo.cl\/portal\/wp-json\/wp\/v2\/posts"}],"about":[{"href":"https:\/\/eltrabajo.cl\/portal\/wp-json\/wp\/v2\/types\/post"}],"author":[{"embeddable":true,"href":"https:\/\/eltrabajo.cl\/portal\/wp-json\/wp\/v2\/users\/482"}],"replies":[{"embeddable":true,"href":"https:\/\/eltrabajo.cl\/portal\/wp-json\/wp\/v2\/comments?post=78729"}],"version-history":[{"count":0,"href":"https:\/\/eltrabajo.cl\/portal\/wp-json\/wp\/v2\/posts\/78729\/revisions"}],"wp:featuredmedia":[{"embeddable":true,"href":"https:\/\/eltrabajo.cl\/portal\/wp-json\/wp\/v2\/media\/78730"}],"wp:attachment":[{"href":"https:\/\/eltrabajo.cl\/portal\/wp-json\/wp\/v2\/media?parent=78729"}],"wp:term":[{"taxonomy":"category","embeddable":true,"href":"https:\/\/eltrabajo.cl\/portal\/wp-json\/wp\/v2\/categories?post=78729"},{"taxonomy":"post_tag","embeddable":true,"href":"https:\/\/eltrabajo.cl\/portal\/wp-json\/wp\/v2\/tags?post=78729"}],"curies":[{"name":"wp","href":"https:\/\/api.w.org\/{rel}","templated":true}]}}