{"id":78739,"date":"2017-05-05T06:05:32","date_gmt":"2017-05-05T10:05:32","guid":{"rendered":"http:\/\/www.eltrabajo.cl\/2017\/?p=78739"},"modified":"2017-05-05T06:05:32","modified_gmt":"2017-05-05T10:05:32","slug":"confirman-foco-de-rabia-en-murcielago-hallado-en-hospital-san-camilo","status":"publish","type":"post","link":"https:\/\/eltrabajo.cl\/portal\/confirman-foco-de-rabia-en-murcielago-hallado-en-hospital-san-camilo\/","title":{"rendered":"Confirman foco de rabia en murci\u00e9lago hallado en Hospital San Camilo"},"content":{"rendered":"<figure id=\"attachment_78740\" aria-describedby=\"caption-attachment-78740\" style=\"width: 580px\" class=\"wp-caption alignnone\"><img data-recalc-dims=\"1\" loading=\"lazy\" decoding=\"async\" class=\"size-full wp-image-78740\" src=\"https:\/\/i0.wp.com\/www.eltrabajo.cl\/2017\/wp-content\/uploads\/2017\/05\/MARIO-MENDEZ.jpg?resize=580%2C349\" alt=\"Mario M\u00e9ndez, Jefe Seremi Salud Aconcagua.\" width=\"580\" height=\"349\" srcset=\"https:\/\/i0.wp.com\/eltrabajo.cl\/portal\/wp-content\/uploads\/2017\/05\/MARIO-MENDEZ.jpg?w=580&amp;ssl=1 580w, https:\/\/i0.wp.com\/eltrabajo.cl\/portal\/wp-content\/uploads\/2017\/05\/MARIO-MENDEZ.jpg?resize=200%2C120&amp;ssl=1 200w, https:\/\/i0.wp.com\/eltrabajo.cl\/portal\/wp-content\/uploads\/2017\/05\/MARIO-MENDEZ.jpg?resize=300%2C181&amp;ssl=1 300w, https:\/\/i0.wp.com\/eltrabajo.cl\/portal\/wp-content\/uploads\/2017\/05\/MARIO-MENDEZ.jpg?resize=249%2C150&amp;ssl=1 249w, https:\/\/i0.wp.com\/eltrabajo.cl\/portal\/wp-content\/uploads\/2017\/05\/MARIO-MENDEZ.jpg?resize=400%2C241&amp;ssl=1 400w\" sizes=\"auto, (max-width: 580px) 100vw, 580px\" \/><figcaption id=\"caption-attachment-78740\" class=\"wp-caption-text\">Mario M\u00e9ndez, Jefe Seremi Salud Aconcagua.<\/figcaption><\/figure>\n<ul>\n<li><strong><span style=\"color: #ff0000;\">Seremi iniciar\u00e1 plan de vacunaci\u00f3n antirr\u00e1bica en perros y gatos:<\/span>\u00a0El centro hospitalario inici\u00f3 plan de fumigaci\u00f3n para eliminar una colonia instalada de estos mam\u00edferos voladores. Asimismo la Seremi de Salud aplicar\u00e1 gratuitamente la vacunaci\u00f3n de mascotas que se encuentren en el radio cercano al centro hospitalario.<\/strong><\/li>\n<\/ul>\n<p>La Seremi de Salud Aconcagua confirm\u00f3 ayer jueves un foco de rabia en un ejemplar de murci\u00e9lago hallado al interior del Hospital San Camilo de San Felipe, inici\u00e1ndose un protocolo de acci\u00f3n que dice relaci\u00f3n con la fumigaci\u00f3n para la eliminaci\u00f3n total de una colonia instalada de estos mam\u00edferos voladores en el centro hospitalario, junto con la aplicaci\u00f3n de vacunas antirr\u00e1bicas a perros y gatos que habiten a la redonda.<br \/>\nMario M\u00e9ndez, jefe de la Seremi de Salud, precis\u00f3 a Diario El Trabajo que este ejemplar fue hallado la semana pasada y que a trav\u00e9s de un an\u00e1lisis en el Instituto de Salud P\u00fablica confirm\u00f3 la presencia de rabia en el mam\u00edfero, lo que implica tomar acciones de contenci\u00f3n y eliminaci\u00f3n de esta enfermedad viral.<br \/>\n\u201cSe comprob\u00f3 a trav\u00e9s de un examen de laboratorio que se realiz\u00f3 en el Instituto de Salud de Santiago, en virtud de lo anterior nos obliga a tomar una serie de medidas enmarcadas en un protocolo de rabia que estamos implementando, tanto con la Direcci\u00f3n del Hospital y con el Cesfam San Felipe El Real. A partir de la presencia de un murci\u00e9lago con rabia nos obliga a partir de una colonia con rabia que existe al interior del establecimiento de salud, una de ellas eliminar esa colonia, para lo cual el Hospital contrat\u00f3 una empresa especializada para poder hacer el retiro y eliminaci\u00f3n que ya es considerada esa colonia con rabia\u201d.<br \/>\nAl mismo tiempo M\u00e9ndez indic\u00f3 que se elabor\u00f3 un plan de vacunaci\u00f3n antirr\u00e1bica para perros y gatos vagos que se encuentran dentro del Hospital San Camilo, como tambi\u00e9n a mascotas que habitan en un radio cercano a la determinada focalizaci\u00f3n: \u201cEs lo que definimos como el perifoco, un \u00e1rea que est\u00e1 m\u00e1s all\u00e1 por las poblaciones aleda\u00f1as, vamos a hacer aplicaci\u00f3n de vacunaci\u00f3n antirr\u00e1bica a perros y gatos a este entorno inmediato a los 150 metros a la redonda del hospital, esto implica el Barrio Miraflores en su plaza principal a partir de este viernes (hoy) a las 10 de la ma\u00f1ana, vamos a proceder a aplicar a perros y gatos. Esto est\u00e1 siendo coordinado por el Cesfam correspondiente y la aplicaci\u00f3n correspondiente la vamos a hacer nosotros como Serem\u00eda de Salud con el apoyo de la Municipalidad a trav\u00e9s de su unidad de Tenencia Responsable de Mascotas\u201d.<br \/>\nEstas importantes medidas se estar\u00e1n efectuando para poder contener y controlar el foco de rabia que se deton\u00f3 en el Hospital San Camilo. Asimismo el Seremi de Salud descart\u00f3 el contagio hacia un paciente humano con esta enfermedad: \u201cNo hay ninguna persona que haya sido mordido por alg\u00fan animal dentro del Hospital San Camilo, hay que entender que un murci\u00e9lago que pueda morder a una persona tiende a cero, porque el aparato bucal del murci\u00e9lago est\u00e1 adaptado a la captura insectos, no hay un riesgo epidemiol\u00f3gico de salud p\u00fablica en el contacto, ahora si el animal se toma directamente pudiese originarse una mordida, pero en este caso no ha ocurrido, se tomaron todas las medidas adecuadas para poder recoger y trasladar al ejemplar que testeamos. El riesgo est\u00e1 en perros y gatos vagos que no pueden estar en el interior del Hospital y llegan hasta ese lugar, lo que pudiese es que estos animales puedan estar en contacto con murci\u00e9lagos con rabia y ellos hacer la transmisi\u00f3n, que eso no ha ocurrido\u201d.<br \/>\nM\u00e9ndez concluy\u00f3 haciendo un llamado a la comunidad a mantener la calma respecto de esta informaci\u00f3n oficial entregada, reiterando el llamado a la vacunaci\u00f3n de mascotas que es una obligaci\u00f3n legal de cada propietario a mantener a sus perros y gatos con la aplicaci\u00f3n de la vacuna antirr\u00e1bica al d\u00eda.<br \/>\n<strong>Pablo Salinas Sald\u00edas<\/strong><\/p>\n<figure id=\"attachment_78741\" aria-describedby=\"caption-attachment-78741\" style=\"width: 578px\" class=\"wp-caption alignnone\"><img data-recalc-dims=\"1\" loading=\"lazy\" decoding=\"async\" class=\"size-full wp-image-78741\" src=\"https:\/\/i0.wp.com\/www.eltrabajo.cl\/2017\/wp-content\/uploads\/2017\/05\/rabia-en-murcielago.jpg?resize=578%2C350\" alt=\"El murci\u00e9lago encontrado result\u00f3 dar positivo a rabia, por lo cual se iniciar\u00e1 hoy un plan de vacunaci\u00f3n.\" width=\"578\" height=\"350\" srcset=\"https:\/\/i0.wp.com\/eltrabajo.cl\/portal\/wp-content\/uploads\/2017\/05\/rabia-en-murcielago.jpg?w=578&amp;ssl=1 578w, https:\/\/i0.wp.com\/eltrabajo.cl\/portal\/wp-content\/uploads\/2017\/05\/rabia-en-murcielago.jpg?resize=200%2C121&amp;ssl=1 200w, https:\/\/i0.wp.com\/eltrabajo.cl\/portal\/wp-content\/uploads\/2017\/05\/rabia-en-murcielago.jpg?resize=300%2C182&amp;ssl=1 300w, https:\/\/i0.wp.com\/eltrabajo.cl\/portal\/wp-content\/uploads\/2017\/05\/rabia-en-murcielago.jpg?resize=248%2C150&amp;ssl=1 248w, https:\/\/i0.wp.com\/eltrabajo.cl\/portal\/wp-content\/uploads\/2017\/05\/rabia-en-murcielago.jpg?resize=400%2C242&amp;ssl=1 400w\" sizes=\"auto, (max-width: 578px) 100vw, 578px\" \/><figcaption id=\"caption-attachment-78741\" class=\"wp-caption-text\">El murci\u00e9lago encontrado result\u00f3 dar positivo a rabia, por lo cual se iniciar\u00e1 hoy un plan de vacunaci\u00f3n.<\/figcaption><\/figure>\n","protected":false},"excerpt":{"rendered":"<p>Seremi iniciar\u00e1 plan de vacunaci\u00f3n antirr\u00e1bica en perros y gatos:\u00a0El centro hospitalario inici\u00f3 plan de fumigaci\u00f3n para eliminar una colonia instalada de estos mam\u00edferos voladores. Asimismo la Seremi de Salud aplicar\u00e1 gratuitamente&#8230;<\/p>\n","protected":false},"author":482,"featured_media":78741,"comment_status":"open","ping_status":"open","sticky":false,"template":"","format":"standard","meta":{"advanced_seo_description":"","jetpack_seo_html_title":"","jetpack_seo_noindex":false,"_jetpack_memberships_contains_paid_content":false,"footnotes":""},"categories":[1],"tags":[],"class_list":["post-78739","post","type-post","status-publish","format-standard","has-post-thumbnail","hentry","category-cronica"],"jetpack_featured_media_url":"https:\/\/i0.wp.com\/eltrabajo.cl\/portal\/wp-content\/uploads\/2017\/05\/rabia-en-murcielago.jpg?fit=578%2C350&ssl=1","jetpack_sharing_enabled":true,"jetpack_likes_enabled":true,"jetpack-related-posts":[],"_links":{"self":[{"href":"https:\/\/eltrabajo.cl\/portal\/wp-json\/wp\/v2\/posts\/78739","targetHints":{"allow":["GET"]}}],"collection":[{"href":"https:\/\/eltrabajo.cl\/portal\/wp-json\/wp\/v2\/posts"}],"about":[{"href":"https:\/\/eltrabajo.cl\/portal\/wp-json\/wp\/v2\/types\/post"}],"author":[{"embeddable":true,"href":"https:\/\/eltrabajo.cl\/portal\/wp-json\/wp\/v2\/users\/482"}],"replies":[{"embeddable":true,"href":"https:\/\/eltrabajo.cl\/portal\/wp-json\/wp\/v2\/comments?post=78739"}],"version-history":[{"count":0,"href":"https:\/\/eltrabajo.cl\/portal\/wp-json\/wp\/v2\/posts\/78739\/revisions"}],"wp:featuredmedia":[{"embeddable":true,"href":"https:\/\/eltrabajo.cl\/portal\/wp-json\/wp\/v2\/media\/78741"}],"wp:attachment":[{"href":"https:\/\/eltrabajo.cl\/portal\/wp-json\/wp\/v2\/media?parent=78739"}],"wp:term":[{"taxonomy":"category","embeddable":true,"href":"https:\/\/eltrabajo.cl\/portal\/wp-json\/wp\/v2\/categories?post=78739"},{"taxonomy":"post_tag","embeddable":true,"href":"https:\/\/eltrabajo.cl\/portal\/wp-json\/wp\/v2\/tags?post=78739"}],"curies":[{"name":"wp","href":"https:\/\/api.w.org\/{rel}","templated":true}]}}