{"id":78743,"date":"2017-05-05T06:01:27","date_gmt":"2017-05-05T10:01:27","guid":{"rendered":"http:\/\/www.eltrabajo.cl\/2017\/?p=78743"},"modified":"2017-05-05T06:01:27","modified_gmt":"2017-05-05T10:01:27","slug":"escuela-jose-de-san-martin-saluda-a-director-de-el-trabajo-en-su-cumpleanos","status":"publish","type":"post","link":"https:\/\/eltrabajo.cl\/portal\/escuela-jose-de-san-martin-saluda-a-director-de-el-trabajo-en-su-cumpleanos\/","title":{"rendered":"Escuela Jos\u00e9 de San Mart\u00edn saluda a Director de El Trabajo en su cumplea\u00f1os"},"content":{"rendered":"<figure id=\"attachment_78744\" aria-describedby=\"caption-attachment-78744\" style=\"width: 580px\" class=\"wp-caption alignnone\"><img data-recalc-dims=\"1\" loading=\"lazy\" decoding=\"async\" class=\"size-full wp-image-78744\" src=\"https:\/\/i0.wp.com\/www.eltrabajo.cl\/2017\/wp-content\/uploads\/2017\/05\/cumple.jpg?resize=580%2C350\" alt=\"Alumnos de distintos pa\u00edses que estudian en la Escuela Jos\u00e9 de San mart\u00edn, llegaron hasta nuestras dependencias a entregar su saludo de cumplea\u00f1os.\" width=\"580\" height=\"350\" srcset=\"https:\/\/i0.wp.com\/eltrabajo.cl\/portal\/wp-content\/uploads\/2017\/05\/cumple.jpg?w=580&amp;ssl=1 580w, https:\/\/i0.wp.com\/eltrabajo.cl\/portal\/wp-content\/uploads\/2017\/05\/cumple.jpg?resize=200%2C121&amp;ssl=1 200w, https:\/\/i0.wp.com\/eltrabajo.cl\/portal\/wp-content\/uploads\/2017\/05\/cumple.jpg?resize=300%2C181&amp;ssl=1 300w, https:\/\/i0.wp.com\/eltrabajo.cl\/portal\/wp-content\/uploads\/2017\/05\/cumple.jpg?resize=249%2C150&amp;ssl=1 249w, https:\/\/i0.wp.com\/eltrabajo.cl\/portal\/wp-content\/uploads\/2017\/05\/cumple.jpg?resize=400%2C241&amp;ssl=1 400w\" sizes=\"auto, (max-width: 580px) 100vw, 580px\" \/><figcaption id=\"caption-attachment-78744\" class=\"wp-caption-text\">Alumnos de distintos pa\u00edses que estudian en la Escuela Jos\u00e9 de San mart\u00edn, llegaron hasta nuestras dependencias a entregar su saludo de cumplea\u00f1os.<\/figcaption><\/figure>\n<p>Una c\u00e1lida y emotiva celebraci\u00f3n fue la brindada por la comunidad educativa de la Escuela Jos\u00e9 de San Mart\u00edn a nuestro Director Marco Antonio Juri, quien ayer se encontraba de cumplea\u00f1os. El cari\u00f1o se manifest\u00f3 muy temprano a trav\u00e9s de un \u2018video-saludo\u2019, donde alumnos de la escuela cantaban el cumplea\u00f1os feliz a nuestro director, utilizando para ello las actuales tecnolog\u00edas de la comunicaci\u00f3n. Poco m\u00e1s tarde, una delegaci\u00f3n de alumnos \u2018interculturales\u2019, es decir de distintos pa\u00edses que se est\u00e1n educando en dicho establecimiento, nos visitaron acompa\u00f1ados de la profesora Maritza Libretch, el profesor de Ajedrez Guillermo Quijanes, la asistente Andrea Quintanilla y una apoderada de nacionalidad colombiana. Los peque\u00f1os volvieron a cantar el cumplea\u00f1os feliz en varios idiomas, dejando un obsequio a nuestro Director.<br \/>\nDesde ya se agradece el cari\u00f1o demostrado por el emblem\u00e1tico establecimiento educacional de San Felipe.<\/p>\n","protected":false},"excerpt":{"rendered":"<p>Una c\u00e1lida y emotiva celebraci\u00f3n fue la brindada por la comunidad educativa de la Escuela Jos\u00e9 de San Mart\u00edn a nuestro Director Marco Antonio Juri, quien ayer se encontraba de cumplea\u00f1os. El&#8230;<\/p>\n","protected":false},"author":482,"featured_media":78744,"comment_status":"open","ping_status":"open","sticky":false,"template":"","format":"standard","meta":{"advanced_seo_description":"","jetpack_seo_html_title":"","jetpack_seo_noindex":false,"_jetpack_memberships_contains_paid_content":false,"footnotes":""},"categories":[15],"tags":[],"class_list":["post-78743","post","type-post","status-publish","format-standard","has-post-thumbnail","hentry","category-comunidad"],"jetpack_featured_media_url":"https:\/\/i0.wp.com\/eltrabajo.cl\/portal\/wp-content\/uploads\/2017\/05\/cumple.jpg?fit=580%2C350&ssl=1","jetpack_sharing_enabled":true,"jetpack_likes_enabled":true,"jetpack-related-posts":[],"_links":{"self":[{"href":"https:\/\/eltrabajo.cl\/portal\/wp-json\/wp\/v2\/posts\/78743","targetHints":{"allow":["GET"]}}],"collection":[{"href":"https:\/\/eltrabajo.cl\/portal\/wp-json\/wp\/v2\/posts"}],"about":[{"href":"https:\/\/eltrabajo.cl\/portal\/wp-json\/wp\/v2\/types\/post"}],"author":[{"embeddable":true,"href":"https:\/\/eltrabajo.cl\/portal\/wp-json\/wp\/v2\/users\/482"}],"replies":[{"embeddable":true,"href":"https:\/\/eltrabajo.cl\/portal\/wp-json\/wp\/v2\/comments?post=78743"}],"version-history":[{"count":0,"href":"https:\/\/eltrabajo.cl\/portal\/wp-json\/wp\/v2\/posts\/78743\/revisions"}],"wp:featuredmedia":[{"embeddable":true,"href":"https:\/\/eltrabajo.cl\/portal\/wp-json\/wp\/v2\/media\/78744"}],"wp:attachment":[{"href":"https:\/\/eltrabajo.cl\/portal\/wp-json\/wp\/v2\/media?parent=78743"}],"wp:term":[{"taxonomy":"category","embeddable":true,"href":"https:\/\/eltrabajo.cl\/portal\/wp-json\/wp\/v2\/categories?post=78743"},{"taxonomy":"post_tag","embeddable":true,"href":"https:\/\/eltrabajo.cl\/portal\/wp-json\/wp\/v2\/tags?post=78743"}],"curies":[{"name":"wp","href":"https:\/\/api.w.org\/{rel}","templated":true}]}}