{"id":78746,"date":"2017-05-05T06:03:09","date_gmt":"2017-05-05T10:03:09","guid":{"rendered":"http:\/\/www.eltrabajo.cl\/2017\/?p=78746"},"modified":"2017-05-05T06:03:09","modified_gmt":"2017-05-05T10:03:09","slug":"ciudadanos-haitianos-aseguran-que-son-discriminados-en-sueldos-y-arriendos","status":"publish","type":"post","link":"https:\/\/eltrabajo.cl\/portal\/ciudadanos-haitianos-aseguran-que-son-discriminados-en-sueldos-y-arriendos\/","title":{"rendered":"Ciudadanos haitianos aseguran que son discriminados en sueldos y arriendos"},"content":{"rendered":"<figure id=\"attachment_78747\" aria-describedby=\"caption-attachment-78747\" style=\"width: 580px\" class=\"wp-caption alignnone\"><img data-recalc-dims=\"1\" loading=\"lazy\" decoding=\"async\" class=\"size-full wp-image-78747\" src=\"https:\/\/i0.wp.com\/www.eltrabajo.cl\/2017\/wp-content\/uploads\/2017\/05\/asamblea.jpg?resize=580%2C349\" alt=\"Este fue el cartel que fue levantado durante la visita del Embajador de Hait\u00ed, Rony Smarth, a San Felipe.\" width=\"580\" height=\"349\" srcset=\"https:\/\/i0.wp.com\/eltrabajo.cl\/portal\/wp-content\/uploads\/2017\/05\/asamblea.jpg?w=580&amp;ssl=1 580w, https:\/\/i0.wp.com\/eltrabajo.cl\/portal\/wp-content\/uploads\/2017\/05\/asamblea.jpg?resize=200%2C120&amp;ssl=1 200w, https:\/\/i0.wp.com\/eltrabajo.cl\/portal\/wp-content\/uploads\/2017\/05\/asamblea.jpg?resize=300%2C181&amp;ssl=1 300w, https:\/\/i0.wp.com\/eltrabajo.cl\/portal\/wp-content\/uploads\/2017\/05\/asamblea.jpg?resize=249%2C150&amp;ssl=1 249w, https:\/\/i0.wp.com\/eltrabajo.cl\/portal\/wp-content\/uploads\/2017\/05\/asamblea.jpg?resize=400%2C241&amp;ssl=1 400w\" sizes=\"auto, (max-width: 580px) 100vw, 580px\" \/><figcaption id=\"caption-attachment-78747\" class=\"wp-caption-text\">Este fue el cartel que fue levantado durante la visita del Embajador de Hait\u00ed, Rony Smarth, a San Felipe.<\/figcaption><\/figure>\n<ul>\n<li><span style=\"color: #ff0000;\"><strong>Inmigrantes forman Asamblea Haitiana:<\/strong><\/span><\/li>\n<\/ul>\n<p>Con la meta de cumplir muchos objetivos se form\u00f3 la Asamblea Haitiana en San Felipe. Uno de los principales es el poder hacer comunidad, defender la opci\u00f3n de que nadie es ilegal.<br \/>\n\u201cNosotros somos inmigrantes, hay veces que hay muchas injusticias para nosotros aqu\u00ed en San Felipe, es por eso que tenemos una asamblea organizada, donde conversamos para ver d\u00f3nde podemos juntarnos todos nosotros para conversar con las autoridades chilenas, para poder acabar con esas injusticias contra los inmigrantes, no solamente contra los haitianos, sino que con todos los inmigrantes en general\u201d, dijo el vocero de la Asamblea Car Andiy\u00e1.<br \/>\n<strong>&#8211; \u00bfCu\u00e1les son esas injusticias?<\/strong><br \/>\n&#8211; Las injusticias son, primeramente, puedo decir que hay personas que cobran cuatro veces m\u00e1s el valor de un arriendo. Ahora hay muchos haitianos, cinco, diez, quince en una misma pieza, en la propiedad se cobra por persona, hay propietarios que cobran por semanas, por ejemplo una cobra quince mil pesos por persona y en la casa hab\u00edan mas de quinces personas\u2026 al mes sale muy alto.<br \/>\n<strong>&#8211; \u00bfQu\u00e9 otras m\u00e1s?<\/strong><br \/>\n&#8211; En el trabajo tambi\u00e9n hay muchos inmigrantes que trabajan horas de m\u00e1s, muchas, pero muchas injusticias en el trabajo, tambi\u00e9n en el salario, por ejemplo, hay chilenos que no reciben el mismo salario que un haitiano\u2026 reciben m\u00e1s los chilenos, esas son injusticias. Tambi\u00e9n hay discriminaci\u00f3n en todas las formas, pongo un ejemplo: yo tengo un amigo haitiano que cuando fui a su casa, el propietario me dijo que ten\u00eda que salir; es una forma de discriminaci\u00f3n, eso es lo que yo puedo hablar hasta ahora.<br \/>\nAdem\u00e1s supimos de buena fuente que hay un grupo de 48 ciudadanos haitianos que fueron dejados \u2018botados\u2019 por un contratista y actualmente est\u00e1n viviendo distribuidos en seis casas en San Felipe donde han sido cobijados.<\/p>\n","protected":false},"excerpt":{"rendered":"<p>Inmigrantes forman Asamblea Haitiana: Con la meta de cumplir muchos objetivos se form\u00f3 la Asamblea Haitiana en San Felipe. Uno de los principales es el poder hacer comunidad, defender la opci\u00f3n de&#8230;<\/p>\n","protected":false},"author":482,"featured_media":78747,"comment_status":"open","ping_status":"open","sticky":false,"template":"","format":"standard","meta":{"advanced_seo_description":"","jetpack_seo_html_title":"","jetpack_seo_noindex":false,"_jetpack_memberships_contains_paid_content":false,"footnotes":""},"categories":[15],"tags":[],"class_list":["post-78746","post","type-post","status-publish","format-standard","has-post-thumbnail","hentry","category-comunidad"],"jetpack_featured_media_url":"https:\/\/i0.wp.com\/eltrabajo.cl\/portal\/wp-content\/uploads\/2017\/05\/asamblea.jpg?fit=580%2C349&ssl=1","jetpack_sharing_enabled":true,"jetpack_likes_enabled":true,"jetpack-related-posts":[],"_links":{"self":[{"href":"https:\/\/eltrabajo.cl\/portal\/wp-json\/wp\/v2\/posts\/78746","targetHints":{"allow":["GET"]}}],"collection":[{"href":"https:\/\/eltrabajo.cl\/portal\/wp-json\/wp\/v2\/posts"}],"about":[{"href":"https:\/\/eltrabajo.cl\/portal\/wp-json\/wp\/v2\/types\/post"}],"author":[{"embeddable":true,"href":"https:\/\/eltrabajo.cl\/portal\/wp-json\/wp\/v2\/users\/482"}],"replies":[{"embeddable":true,"href":"https:\/\/eltrabajo.cl\/portal\/wp-json\/wp\/v2\/comments?post=78746"}],"version-history":[{"count":0,"href":"https:\/\/eltrabajo.cl\/portal\/wp-json\/wp\/v2\/posts\/78746\/revisions"}],"wp:featuredmedia":[{"embeddable":true,"href":"https:\/\/eltrabajo.cl\/portal\/wp-json\/wp\/v2\/media\/78747"}],"wp:attachment":[{"href":"https:\/\/eltrabajo.cl\/portal\/wp-json\/wp\/v2\/media?parent=78746"}],"wp:term":[{"taxonomy":"category","embeddable":true,"href":"https:\/\/eltrabajo.cl\/portal\/wp-json\/wp\/v2\/categories?post=78746"},{"taxonomy":"post_tag","embeddable":true,"href":"https:\/\/eltrabajo.cl\/portal\/wp-json\/wp\/v2\/tags?post=78746"}],"curies":[{"name":"wp","href":"https:\/\/api.w.org\/{rel}","templated":true}]}}