{"id":78749,"date":"2017-05-05T06:02:30","date_gmt":"2017-05-05T10:02:30","guid":{"rendered":"http:\/\/www.eltrabajo.cl\/2017\/?p=78749"},"modified":"2017-05-05T06:02:30","modified_gmt":"2017-05-05T10:02:30","slug":"sociedad-de-socorros-mutuos-centro-manuel-rodriguez-cumple-108-anos","status":"publish","type":"post","link":"https:\/\/eltrabajo.cl\/portal\/sociedad-de-socorros-mutuos-centro-manuel-rodriguez-cumple-108-anos\/","title":{"rendered":"Sociedad de Socorros Mutuos Centro Manuel Rodr\u00edguez cumple 108 a\u00f1os"},"content":{"rendered":"<figure id=\"attachment_78750\" aria-describedby=\"caption-attachment-78750\" style=\"width: 579px\" class=\"wp-caption alignnone\"><img data-recalc-dims=\"1\" loading=\"lazy\" decoding=\"async\" class=\"size-full wp-image-78750\" src=\"https:\/\/i0.wp.com\/www.eltrabajo.cl\/2017\/wp-content\/uploads\/2017\/05\/CMR-Directiva33.jpg?resize=579%2C307\" alt=\"DIRECTORIO 2017.- Ellos conforman el directorio actual: Presidente Luis Salinas Espinoza; Vicepresidente Luis Cofr\u00e9 Garc\u00eda; Secretario V\u00edctor D\u00edaz Tapia; Pro-secretario Antonio Toro Maldonado y el Tesorero Eliseo Toro Astudillo, entre otros directivos.\" width=\"579\" height=\"307\" \/><figcaption id=\"caption-attachment-78750\" class=\"wp-caption-text\">DIRECTORIO 2017.- Ellos conforman el directorio actual: Presidente Luis Salinas Espinoza; Vicepresidente Luis Cofr\u00e9 Garc\u00eda; Secretario V\u00edctor D\u00edaz Tapia; Pro-secretario Antonio Toro Maldonado y el Tesorero Eliseo Toro Astudillo, entre otros directivos.<\/figcaption><\/figure>\n<ul>\n<li><span style=\"color: #ff0000;\"><strong>Gala y cena de aniversario hoy viernes a las 20:00 horas:<\/strong><\/span><\/li>\n<\/ul>\n<p>Corr\u00eda el s\u00e1bado 1\u00ba de mayo de 1909 cuando fue inaugurada la Sociedad de Socorros Mutuos Centro Manuel Rodr\u00edguez en nuestra comuna, instituci\u00f3n que este mes cumple 108 a\u00f1os de existencia, tiempo durante el cual sus socios han compartido el saber y recursos en beneficio de quienes m\u00e1s lo han necesitado.<\/p>\n<p><strong>FAMILIA EXTENDIDA<\/strong><br \/>\nEs por esta raz\u00f3n que hoy viernes a las 20:00 horas en su sede principal, ubicada en Coimas 1531, se estar\u00e1 desarrollando una Gala de Aniversario, actividad a la que s\u00f3lo se podr\u00e1 asistir con invitaci\u00f3n del club.<br \/>\n\u00abNuestra Sociedad sigue abrigando a insignes sanfelipe\u00f1os, somos m\u00e1s de 50 socios los que hemos sostenido en pie la instituci\u00f3n, anhelamos en poco tiempo llegar a los 100 socios. Somos una instituci\u00f3n gremial que ha funcionado siempre al servicio de la comunidad, es nuestra m\u00edstica el prestar auxilio a nuestros socios y a sus familiares. Esta semana de aniversario, como siempre lo hacemos cada a\u00f1o, dispusimos de visitar a nuestros socios enfermos y tambi\u00e9n a las tumbas en nuestro mausoleo, somos una gran familia extendida\u00bb, coment\u00f3 a Diario El Trabajo uno de los directivos de esta insigne sociedad gremial, Sergio Salinas.<br \/>\nSeg\u00fan indic\u00f3 Salinas, \u00abdurante la gala y cena de camarader\u00eda que realizaremos este viernes, est\u00e1 tambi\u00e9n contemplada la entrega de una escarapela a cada socio, as\u00ed como menciones honor\u00edfica a cada socio con m\u00e1s de 20 a\u00f1os de militancia\u00bb, agreg\u00f3 Salinas.<br \/>\nTodos quienes laboramos en Diario El Trabajo hoy felicitamos p\u00fablicamente a cada socio de la Sociedad de Socorros Mutuos Centro Manuel Rodr\u00edguez, instituci\u00f3n de bien social que representa un faro de bienestar para todos aquellos quienes se acercan a sus puertas.<br \/>\n<strong>Roberto Gonz\u00e1lez Short<\/strong><\/p>\n<figure id=\"attachment_78751\" aria-describedby=\"caption-attachment-78751\" style=\"width: 580px\" class=\"wp-caption alignnone\"><img data-recalc-dims=\"1\" loading=\"lazy\" decoding=\"async\" class=\"size-full wp-image-78751\" src=\"https:\/\/i0.wp.com\/www.eltrabajo.cl\/2017\/wp-content\/uploads\/2017\/05\/CMR-Fundadores1.jpg?resize=580%2C349\" alt=\"LOS FUNDADORES.- Aqu\u00ed tenemos esta foto del recuerdo, con los primeros pioneros de la Sociedad, cuando nac\u00eda en 1909.\" width=\"580\" height=\"349\" \/><figcaption id=\"caption-attachment-78751\" class=\"wp-caption-text\">LOS FUNDADORES.- Aqu\u00ed tenemos esta foto del recuerdo, con los primeros pioneros de la Sociedad, cuando nac\u00eda en 1909.<\/figcaption><\/figure>\n<figure id=\"attachment_78752\" aria-describedby=\"caption-attachment-78752\" style=\"width: 580px\" class=\"wp-caption alignnone\"><img data-recalc-dims=\"1\" loading=\"lazy\" decoding=\"async\" class=\"size-full wp-image-78752\" src=\"https:\/\/i0.wp.com\/www.eltrabajo.cl\/2017\/wp-content\/uploads\/2017\/05\/CMR-Sergio-Salinas.jpg?resize=580%2C349\" alt=\"Directivo de esta insigne sociedad gremial, Sergio Salinas.\" width=\"580\" height=\"349\" \/><figcaption id=\"caption-attachment-78752\" class=\"wp-caption-text\">Directivo de esta insigne sociedad gremial, Sergio Salinas.<\/figcaption><\/figure>\n","protected":false},"excerpt":{"rendered":"<p>Gala y cena de aniversario hoy viernes a las 20:00 horas: Corr\u00eda el s\u00e1bado 1\u00ba de mayo de 1909 cuando fue inaugurada la Sociedad de Socorros Mutuos Centro Manuel Rodr\u00edguez en nuestra&#8230;<\/p>\n","protected":false},"author":482,"featured_media":0,"comment_status":"open","ping_status":"open","sticky":false,"template":"","format":"standard","meta":{"advanced_seo_description":"","jetpack_seo_html_title":"","jetpack_seo_noindex":false,"_jetpack_memberships_contains_paid_content":false,"footnotes":""},"categories":[15],"tags":[],"class_list":["post-78749","post","type-post","status-publish","format-standard","hentry","category-comunidad"],"jetpack_featured_media_url":"","jetpack_sharing_enabled":true,"jetpack_likes_enabled":true,"jetpack-related-posts":[],"_links":{"self":[{"href":"https:\/\/eltrabajo.cl\/portal\/wp-json\/wp\/v2\/posts\/78749","targetHints":{"allow":["GET"]}}],"collection":[{"href":"https:\/\/eltrabajo.cl\/portal\/wp-json\/wp\/v2\/posts"}],"about":[{"href":"https:\/\/eltrabajo.cl\/portal\/wp-json\/wp\/v2\/types\/post"}],"author":[{"embeddable":true,"href":"https:\/\/eltrabajo.cl\/portal\/wp-json\/wp\/v2\/users\/482"}],"replies":[{"embeddable":true,"href":"https:\/\/eltrabajo.cl\/portal\/wp-json\/wp\/v2\/comments?post=78749"}],"version-history":[{"count":0,"href":"https:\/\/eltrabajo.cl\/portal\/wp-json\/wp\/v2\/posts\/78749\/revisions"}],"wp:attachment":[{"href":"https:\/\/eltrabajo.cl\/portal\/wp-json\/wp\/v2\/media?parent=78749"}],"wp:term":[{"taxonomy":"category","embeddable":true,"href":"https:\/\/eltrabajo.cl\/portal\/wp-json\/wp\/v2\/categories?post=78749"},{"taxonomy":"post_tag","embeddable":true,"href":"https:\/\/eltrabajo.cl\/portal\/wp-json\/wp\/v2\/tags?post=78749"}],"curies":[{"name":"wp","href":"https:\/\/api.w.org\/{rel}","templated":true}]}}