{"id":78761,"date":"2017-05-08T06:00:21","date_gmt":"2017-05-08T10:00:21","guid":{"rendered":"http:\/\/www.eltrabajo.cl\/2017\/?p=78761"},"modified":"2017-05-08T06:00:21","modified_gmt":"2017-05-08T10:00:21","slug":"el-prat-sufre-ahora-en-casa-su-segundo-reves-en-la-libcentro-a","status":"publish","type":"post","link":"https:\/\/eltrabajo.cl\/portal\/el-prat-sufre-ahora-en-casa-su-segundo-reves-en-la-libcentro-a\/","title":{"rendered":"El Prat sufre ahora en casa, su segundo rev\u00e9s en la Libcentro A"},"content":{"rendered":"<figure id=\"attachment_78762\" aria-describedby=\"caption-attachment-78762\" style=\"width: 580px\" class=\"wp-caption alignnone\"><img data-recalc-dims=\"1\" loading=\"lazy\" decoding=\"async\" class=\"size-full wp-image-78762\" src=\"https:\/\/i0.wp.com\/www.eltrabajo.cl\/2017\/wp-content\/uploads\/2017\/05\/prat-sportiva.jpg?resize=580%2C348\" alt=\"En su estreno como local en la Libcentro A, el Prat fue derrotado por Sportiva Italiana de Valpara\u00edso.\" width=\"580\" height=\"348\" srcset=\"https:\/\/i0.wp.com\/eltrabajo.cl\/portal\/wp-content\/uploads\/2017\/05\/prat-sportiva.jpg?w=580&amp;ssl=1 580w, https:\/\/i0.wp.com\/eltrabajo.cl\/portal\/wp-content\/uploads\/2017\/05\/prat-sportiva.jpg?resize=200%2C120&amp;ssl=1 200w, https:\/\/i0.wp.com\/eltrabajo.cl\/portal\/wp-content\/uploads\/2017\/05\/prat-sportiva.jpg?resize=300%2C180&amp;ssl=1 300w, https:\/\/i0.wp.com\/eltrabajo.cl\/portal\/wp-content\/uploads\/2017\/05\/prat-sportiva.jpg?resize=250%2C150&amp;ssl=1 250w, https:\/\/i0.wp.com\/eltrabajo.cl\/portal\/wp-content\/uploads\/2017\/05\/prat-sportiva.jpg?resize=400%2C240&amp;ssl=1 400w\" sizes=\"auto, (max-width: 580px) 100vw, 580px\" \/><figcaption id=\"caption-attachment-78762\" class=\"wp-caption-text\">En su estreno como local en la Libcentro A, el Prat fue derrotado por Sportiva Italiana de Valpara\u00edso.<\/figcaption><\/figure>\n<p>Tras un primer cuarto en el cual entreg\u00f3 fuertes sensaciones de que pod\u00eda dar la lucha a un rival joven, pero al mismo tiempo muy fuerte como lo era Sportiva Italiana, el quinteto del Prat de San Felipe fue derrotado 79 a 67 por los porte\u00f1os en el duelo disputado la noche del s\u00e1bado en el Fort\u00edn de Calle Santo Domingo.<br \/>\nSi bien es cierto el marcador final se ve ajustado, la realidad dista mucho de los n\u00fameros porque Sportiva siempre fue el quinteto dominador, y si al final las cifras se ven estrechas, esto s\u00f3lo se debi\u00f3 a que los forasteros cayeron en el \u2018relajo\u2019 que les otorgaba la gran diferencia de puntos que a lleg\u00f3 a estar sobre los 20 de diferencia.<br \/>\n\u00abEl resultado es lamentable, perdimos jugando muy mal, ellos (Sportiva) nos ganaron muy bien y ante eso no podemos hacer nada\u00bb, comenz\u00f3 analizando la derrota de los pratinos su t\u00e9cnico Galo Lara.<br \/>\nEl estratega reconoci\u00f3 que para el Prat el inicio de la competencia ha sido m\u00e1s duro de lo esperado, y entreg\u00f3 a El Trabajo Deportivo algunas razones de este comienzo lleno de dudas. \u00abSe nos ha hecho muy dif\u00edcil encontrarnos como equipo. No tenemos qu\u00edmica y espero que ya en el pr\u00f3ximo podamos avanzar para mejorar por ejemplo en defensa, porque como esquema de juego nos hemos planteado que vamos a defender para que nos conviertan 60 o 65 puntos, pero nos est\u00e1n metiendo sobre 70 y ah\u00ed est\u00e1 la clave ya que nuestro juego interior est\u00e1 siendo d\u00e9bil y eso nos pasa la cuenta a la larga\u00bb, explic\u00f3 el tambi\u00e9n t\u00e9cnico de la Selecci\u00f3n chilena U17.<br \/>\nEn el final el entrenador fue muy sincero en sus palabras. \u00abAsumo mi responsabilidad, pero tambi\u00e9n debe haber una autocr\u00edtica de todos, ya que individualmente las cosas no han sido como esperaba. Ahora s\u00f3lo hay que mejorar con los entrenamientos y tener mayor categor\u00eda. Sobre todo cuando se juega de local\u00bb, finaliz\u00f3.<\/p>\n","protected":false},"excerpt":{"rendered":"<p>Tras un primer cuarto en el cual entreg\u00f3 fuertes sensaciones de que pod\u00eda dar la lucha a un rival joven, pero al mismo tiempo muy fuerte como lo era Sportiva Italiana, el&#8230;<\/p>\n","protected":false},"author":482,"featured_media":78762,"comment_status":"open","ping_status":"open","sticky":false,"template":"","format":"standard","meta":{"advanced_seo_description":"","jetpack_seo_html_title":"","jetpack_seo_noindex":false,"_jetpack_memberships_contains_paid_content":false,"footnotes":""},"categories":[19],"tags":[],"class_list":["post-78761","post","type-post","status-publish","format-standard","has-post-thumbnail","hentry","category-deportes"],"jetpack_featured_media_url":"https:\/\/i0.wp.com\/eltrabajo.cl\/portal\/wp-content\/uploads\/2017\/05\/prat-sportiva.jpg?fit=580%2C348&ssl=1","jetpack_sharing_enabled":true,"jetpack_likes_enabled":true,"jetpack-related-posts":[],"_links":{"self":[{"href":"https:\/\/eltrabajo.cl\/portal\/wp-json\/wp\/v2\/posts\/78761","targetHints":{"allow":["GET"]}}],"collection":[{"href":"https:\/\/eltrabajo.cl\/portal\/wp-json\/wp\/v2\/posts"}],"about":[{"href":"https:\/\/eltrabajo.cl\/portal\/wp-json\/wp\/v2\/types\/post"}],"author":[{"embeddable":true,"href":"https:\/\/eltrabajo.cl\/portal\/wp-json\/wp\/v2\/users\/482"}],"replies":[{"embeddable":true,"href":"https:\/\/eltrabajo.cl\/portal\/wp-json\/wp\/v2\/comments?post=78761"}],"version-history":[{"count":0,"href":"https:\/\/eltrabajo.cl\/portal\/wp-json\/wp\/v2\/posts\/78761\/revisions"}],"wp:featuredmedia":[{"embeddable":true,"href":"https:\/\/eltrabajo.cl\/portal\/wp-json\/wp\/v2\/media\/78762"}],"wp:attachment":[{"href":"https:\/\/eltrabajo.cl\/portal\/wp-json\/wp\/v2\/media?parent=78761"}],"wp:term":[{"taxonomy":"category","embeddable":true,"href":"https:\/\/eltrabajo.cl\/portal\/wp-json\/wp\/v2\/categories?post=78761"},{"taxonomy":"post_tag","embeddable":true,"href":"https:\/\/eltrabajo.cl\/portal\/wp-json\/wp\/v2\/tags?post=78761"}],"curies":[{"name":"wp","href":"https:\/\/api.w.org\/{rel}","templated":true}]}}