{"id":78770,"date":"2017-05-08T06:03:16","date_gmt":"2017-05-08T10:03:16","guid":{"rendered":"http:\/\/www.eltrabajo.cl\/2017\/?p=78770"},"modified":"2017-05-08T06:03:16","modified_gmt":"2017-05-08T10:03:16","slug":"es-casi-un-hecho-que-el-kike-acuna-regresa-a-union-san-felipe","status":"publish","type":"post","link":"https:\/\/eltrabajo.cl\/portal\/es-casi-un-hecho-que-el-kike-acuna-regresa-a-union-san-felipe\/","title":{"rendered":"Es casi un hecho que \u2018El Kike\u2019 Acu\u00f1a regresa a Uni\u00f3n San Felipe"},"content":{"rendered":"<figure id=\"attachment_78771\" aria-describedby=\"caption-attachment-78771\" style=\"width: 580px\" class=\"wp-caption alignnone\"><img data-recalc-dims=\"1\" loading=\"lazy\" decoding=\"async\" class=\"size-full wp-image-78771\" src=\"https:\/\/i0.wp.com\/www.eltrabajo.cl\/2017\/wp-content\/uploads\/2017\/05\/JORGE-ACUNA.jpg?resize=580%2C348\" alt=\"Es casi seguro que Jorge Acu\u00f1a volver\u00e1 a defender a Uni\u00f3n San Felipe. \" width=\"580\" height=\"348\" srcset=\"https:\/\/i0.wp.com\/eltrabajo.cl\/portal\/wp-content\/uploads\/2017\/05\/JORGE-ACUNA.jpg?w=580&amp;ssl=1 580w, https:\/\/i0.wp.com\/eltrabajo.cl\/portal\/wp-content\/uploads\/2017\/05\/JORGE-ACUNA.jpg?resize=200%2C120&amp;ssl=1 200w, https:\/\/i0.wp.com\/eltrabajo.cl\/portal\/wp-content\/uploads\/2017\/05\/JORGE-ACUNA.jpg?resize=300%2C180&amp;ssl=1 300w, https:\/\/i0.wp.com\/eltrabajo.cl\/portal\/wp-content\/uploads\/2017\/05\/JORGE-ACUNA.jpg?resize=250%2C150&amp;ssl=1 250w, https:\/\/i0.wp.com\/eltrabajo.cl\/portal\/wp-content\/uploads\/2017\/05\/JORGE-ACUNA.jpg?resize=400%2C240&amp;ssl=1 400w\" sizes=\"auto, (max-width: 580px) 100vw, 580px\" \/><figcaption id=\"caption-attachment-78771\" class=\"wp-caption-text\">Es casi seguro que Jorge Acu\u00f1a volver\u00e1 a defender a Uni\u00f3n San Felipe.<\/figcaption><\/figure>\n<p>Una de las grandes falencias que luci\u00f3 Union San Felipe en la pasada temporada, donde cumpli\u00f3 una menos que discreta campa\u00f1a fue la falta de experiencia y jerarqu\u00eda de un plantel muy joven, que se est\u00e1 nutriendo con fuerza por sus series cadetes.<br \/>\nCon el objetivo de suplir esa falencia a lo que se suma una alta cuota de sentimentalismo por su alto grado de identificaci\u00f3n con la hinchada y la camiseta, es que es un hecho que el volante de corte Jorge \u2018Kike\u2019 Acu\u00f1a una vez m\u00e1s vestir\u00e1 la divisa albirroja en la pr\u00f3xima temporada, ya que las negociaciones para acordar su retorno llegaron a buen puerto y solo resta la firma correspondiente para que el medi\u00e1tico jugador pueda finalizar su carrera profesional en el Un\u00ed.<br \/>\nEl arribo del centrocampista de 38 a\u00f1os de edad es la \u00fanica novedad hasta ahora que presenta la tienda sanfelipe\u00f1a, que confirm\u00f3 oficialmente que los jugadores: Sebasti\u00e1n Roco, Jorge Orellana, David Fern\u00e1ndez, Alfio Lorenzo, Mat\u00edas Campo Lopes y Francisco Ayala dejaron de pertenecer a su plantel.<\/p>\n","protected":false},"excerpt":{"rendered":"<p>Una de las grandes falencias que luci\u00f3 Union San Felipe en la pasada temporada, donde cumpli\u00f3 una menos que discreta campa\u00f1a fue la falta de experiencia y jerarqu\u00eda de un plantel muy&#8230;<\/p>\n","protected":false},"author":482,"featured_media":78771,"comment_status":"open","ping_status":"open","sticky":false,"template":"","format":"standard","meta":{"advanced_seo_description":"","jetpack_seo_html_title":"","jetpack_seo_noindex":false,"_jetpack_memberships_contains_paid_content":false,"footnotes":""},"categories":[19],"tags":[],"class_list":["post-78770","post","type-post","status-publish","format-standard","has-post-thumbnail","hentry","category-deportes"],"jetpack_featured_media_url":"https:\/\/i0.wp.com\/eltrabajo.cl\/portal\/wp-content\/uploads\/2017\/05\/JORGE-ACUNA.jpg?fit=580%2C348&ssl=1","jetpack_sharing_enabled":true,"jetpack_likes_enabled":true,"jetpack-related-posts":[],"_links":{"self":[{"href":"https:\/\/eltrabajo.cl\/portal\/wp-json\/wp\/v2\/posts\/78770","targetHints":{"allow":["GET"]}}],"collection":[{"href":"https:\/\/eltrabajo.cl\/portal\/wp-json\/wp\/v2\/posts"}],"about":[{"href":"https:\/\/eltrabajo.cl\/portal\/wp-json\/wp\/v2\/types\/post"}],"author":[{"embeddable":true,"href":"https:\/\/eltrabajo.cl\/portal\/wp-json\/wp\/v2\/users\/482"}],"replies":[{"embeddable":true,"href":"https:\/\/eltrabajo.cl\/portal\/wp-json\/wp\/v2\/comments?post=78770"}],"version-history":[{"count":0,"href":"https:\/\/eltrabajo.cl\/portal\/wp-json\/wp\/v2\/posts\/78770\/revisions"}],"wp:featuredmedia":[{"embeddable":true,"href":"https:\/\/eltrabajo.cl\/portal\/wp-json\/wp\/v2\/media\/78771"}],"wp:attachment":[{"href":"https:\/\/eltrabajo.cl\/portal\/wp-json\/wp\/v2\/media?parent=78770"}],"wp:term":[{"taxonomy":"category","embeddable":true,"href":"https:\/\/eltrabajo.cl\/portal\/wp-json\/wp\/v2\/categories?post=78770"},{"taxonomy":"post_tag","embeddable":true,"href":"https:\/\/eltrabajo.cl\/portal\/wp-json\/wp\/v2\/tags?post=78770"}],"curies":[{"name":"wp","href":"https:\/\/api.w.org\/{rel}","templated":true}]}}