{"id":78773,"date":"2017-05-08T06:04:33","date_gmt":"2017-05-08T10:04:33","guid":{"rendered":"http:\/\/www.eltrabajo.cl\/2017\/?p=78773"},"modified":"2017-05-08T06:04:33","modified_gmt":"2017-05-08T10:04:33","slug":"convocan-a-indigenas-a-seminario-sobre-ministerio-de-pueblos-indigenas","status":"publish","type":"post","link":"https:\/\/eltrabajo.cl\/portal\/convocan-a-indigenas-a-seminario-sobre-ministerio-de-pueblos-indigenas\/","title":{"rendered":"Convocan a ind\u00edgenas a seminario sobre Ministerio de Pueblos Ind\u00edgenas"},"content":{"rendered":"<figure id=\"attachment_78774\" aria-describedby=\"caption-attachment-78774\" style=\"width: 580px\" class=\"wp-caption alignnone\"><img data-recalc-dims=\"1\" loading=\"lazy\" decoding=\"async\" class=\"size-full wp-image-78774\" src=\"https:\/\/i0.wp.com\/www.eltrabajo.cl\/2017\/wp-content\/uploads\/2017\/05\/Selfa-Antiman.jpg?resize=580%2C348\" alt=\"Vocera de la Comisi\u00f3n de Pueblos Ind\u00edgenas Regi\u00f3n Cordillera, Selfa Antim\u00e1n.\" width=\"580\" height=\"348\" srcset=\"https:\/\/i0.wp.com\/eltrabajo.cl\/portal\/wp-content\/uploads\/2017\/05\/Selfa-Antiman.jpg?w=580&amp;ssl=1 580w, https:\/\/i0.wp.com\/eltrabajo.cl\/portal\/wp-content\/uploads\/2017\/05\/Selfa-Antiman.jpg?resize=200%2C120&amp;ssl=1 200w, https:\/\/i0.wp.com\/eltrabajo.cl\/portal\/wp-content\/uploads\/2017\/05\/Selfa-Antiman.jpg?resize=300%2C180&amp;ssl=1 300w, https:\/\/i0.wp.com\/eltrabajo.cl\/portal\/wp-content\/uploads\/2017\/05\/Selfa-Antiman.jpg?resize=250%2C150&amp;ssl=1 250w, https:\/\/i0.wp.com\/eltrabajo.cl\/portal\/wp-content\/uploads\/2017\/05\/Selfa-Antiman.jpg?resize=400%2C240&amp;ssl=1 400w\" sizes=\"auto, (max-width: 580px) 100vw, 580px\" \/><figcaption id=\"caption-attachment-78774\" class=\"wp-caption-text\">Vocera de la Comisi\u00f3n de Pueblos Ind\u00edgenas Regi\u00f3n Cordillera, Selfa Antim\u00e1n.<\/figcaption><\/figure>\n<ul>\n<li><span style=\"color: #ff0000;\"><strong>Seminario informativo se realizar\u00e1 en Llay Llay:<\/strong><\/span><\/li>\n<\/ul>\n<p>Un aviso muy importante para todos los pueblos originarios de Aconcagua, Petorca, La Ligua, Catapilco, Papudo, Quillota y La Calera, es el que hizo la vocera de la Comisi\u00f3n de Pueblos Ind\u00edgenas Regi\u00f3n Cordillera, Selfa Antim\u00e1n, en relaci\u00f3n al seminario informativo que se estar\u00e1 desarrollando en Llay Llay el s\u00e1bado 20 de mayo desde las 10:00 horas en la Municipalidad llaylla\u00edna.<br \/>\n\u00abSe trata de un seminario en el que participaremos todas las personas que sean originarias y tambi\u00e9n aquellas que tengan apellidos relacionados con nuestra condici\u00f3n de ind\u00edgena chileno. El Gobierno de Chile hace dos a\u00f1os nos convoc\u00f3 a nivel nacional para que nosotros mismos desarroll\u00e1ramos estos encuentros en cada ciudad y regi\u00f3n, a fin de que nosotros mismos como ind\u00edgenas fu\u00e9ramos estructurando las bases y caracter\u00edsticas que finalmente imperar\u00e1n en el nuevo Ministerio de Pueblos Ind\u00edgenas, por eso estoy convocando a los nueve pueblos ind\u00edgenas que est\u00e9n interesados en aportar ideas y planteamientos para este seminario. La alimentaci\u00f3n y pasajes ser\u00e1n aportados por nuestra comisi\u00f3n. Es importante tambi\u00e9n, recordar que lo que buscamos los ind\u00edgenas es llegar a tener un ministerio con recursos y autonom\u00eda real, no para tener las migajas que a la fecha nos est\u00e1 dando el gobierno. Agradezco tambi\u00e9n la disposici\u00f3n y apoyo que estamos recibiendo del alcalde llaylla\u00edno Edgardo Gonz\u00e1lez y a la presidenta del pueblo ind\u00edgenas de Llay Llay, Marisol Vega\u00bb, dijo Antim\u00e1n a Diario El Trabajo.<br \/>\nRecordemos que la presidenta Michelle Bachelet firm\u00f3 los proyectos de ley que crean el Ministerio de Pueblos Ind\u00edgenas, como tambi\u00e9n un Consejo Nacional y los Consejos de Pueblos Ind\u00edgenas, iniciativas que ven la luz tras una consulta a representantes de las nueve etnias reconocidas por el Estado. Los interesados en participar en este seminario, el que est\u00e1 dirigido s\u00f3lo para ind\u00edgenas, pueden confirmar asistencia llamando al 995141493.<br \/>\n<strong>Roberto Gonz\u00e1lez Short<\/strong><\/p>\n<figure id=\"attachment_78775\" aria-describedby=\"caption-attachment-78775\" style=\"width: 580px\" class=\"wp-caption alignnone\"><img data-recalc-dims=\"1\" loading=\"lazy\" decoding=\"async\" class=\"size-full wp-image-78775\" src=\"https:\/\/i0.wp.com\/www.eltrabajo.cl\/2017\/wp-content\/uploads\/2017\/05\/Selfa-Indigenas1.jpg?resize=580%2C349\" alt=\"EN PROCESO.- Recordemos que la presidenta Michelle Bachelet firm\u00f3 los proyectos de ley que crean el Ministerio de Pueblos Ind\u00edgenas, como tambi\u00e9n un Consejo Nacional y los Consejos de Pueblos Ind\u00edgenas.\" width=\"580\" height=\"349\" srcset=\"https:\/\/i0.wp.com\/eltrabajo.cl\/portal\/wp-content\/uploads\/2017\/05\/Selfa-Indigenas1.jpg?w=580&amp;ssl=1 580w, https:\/\/i0.wp.com\/eltrabajo.cl\/portal\/wp-content\/uploads\/2017\/05\/Selfa-Indigenas1.jpg?resize=200%2C120&amp;ssl=1 200w, https:\/\/i0.wp.com\/eltrabajo.cl\/portal\/wp-content\/uploads\/2017\/05\/Selfa-Indigenas1.jpg?resize=300%2C181&amp;ssl=1 300w, https:\/\/i0.wp.com\/eltrabajo.cl\/portal\/wp-content\/uploads\/2017\/05\/Selfa-Indigenas1.jpg?resize=249%2C150&amp;ssl=1 249w, https:\/\/i0.wp.com\/eltrabajo.cl\/portal\/wp-content\/uploads\/2017\/05\/Selfa-Indigenas1.jpg?resize=400%2C241&amp;ssl=1 400w\" sizes=\"auto, (max-width: 580px) 100vw, 580px\" \/><figcaption id=\"caption-attachment-78775\" class=\"wp-caption-text\">EN PROCESO.- Recordemos que la presidenta Michelle Bachelet firm\u00f3 los proyectos de ley que crean el Ministerio de Pueblos Ind\u00edgenas, como tambi\u00e9n un Consejo Nacional y los Consejos de Pueblos Ind\u00edgenas.<\/figcaption><\/figure>\n","protected":false},"excerpt":{"rendered":"<p>Seminario informativo se realizar\u00e1 en Llay Llay: Un aviso muy importante para todos los pueblos originarios de Aconcagua, Petorca, La Ligua, Catapilco, Papudo, Quillota y La Calera, es el que hizo la&#8230;<\/p>\n","protected":false},"author":482,"featured_media":78775,"comment_status":"open","ping_status":"open","sticky":false,"template":"","format":"standard","meta":{"advanced_seo_description":"","jetpack_seo_html_title":"","jetpack_seo_noindex":false,"_jetpack_memberships_contains_paid_content":false,"footnotes":""},"categories":[15],"tags":[],"class_list":["post-78773","post","type-post","status-publish","format-standard","has-post-thumbnail","hentry","category-comunidad"],"jetpack_featured_media_url":"https:\/\/i0.wp.com\/eltrabajo.cl\/portal\/wp-content\/uploads\/2017\/05\/Selfa-Indigenas1.jpg?fit=580%2C349&ssl=1","jetpack_sharing_enabled":true,"jetpack_likes_enabled":true,"jetpack-related-posts":[],"_links":{"self":[{"href":"https:\/\/eltrabajo.cl\/portal\/wp-json\/wp\/v2\/posts\/78773","targetHints":{"allow":["GET"]}}],"collection":[{"href":"https:\/\/eltrabajo.cl\/portal\/wp-json\/wp\/v2\/posts"}],"about":[{"href":"https:\/\/eltrabajo.cl\/portal\/wp-json\/wp\/v2\/types\/post"}],"author":[{"embeddable":true,"href":"https:\/\/eltrabajo.cl\/portal\/wp-json\/wp\/v2\/users\/482"}],"replies":[{"embeddable":true,"href":"https:\/\/eltrabajo.cl\/portal\/wp-json\/wp\/v2\/comments?post=78773"}],"version-history":[{"count":0,"href":"https:\/\/eltrabajo.cl\/portal\/wp-json\/wp\/v2\/posts\/78773\/revisions"}],"wp:featuredmedia":[{"embeddable":true,"href":"https:\/\/eltrabajo.cl\/portal\/wp-json\/wp\/v2\/media\/78775"}],"wp:attachment":[{"href":"https:\/\/eltrabajo.cl\/portal\/wp-json\/wp\/v2\/media?parent=78773"}],"wp:term":[{"taxonomy":"category","embeddable":true,"href":"https:\/\/eltrabajo.cl\/portal\/wp-json\/wp\/v2\/categories?post=78773"},{"taxonomy":"post_tag","embeddable":true,"href":"https:\/\/eltrabajo.cl\/portal\/wp-json\/wp\/v2\/tags?post=78773"}],"curies":[{"name":"wp","href":"https:\/\/api.w.org\/{rel}","templated":true}]}}