{"id":78777,"date":"2017-05-08T06:05:22","date_gmt":"2017-05-08T10:05:22","guid":{"rendered":"http:\/\/www.eltrabajo.cl\/2017\/?p=78777"},"modified":"2017-05-08T06:05:22","modified_gmt":"2017-05-08T10:05:22","slug":"extenderan-campana-de-vacunacion-contra-la-influenza","status":"publish","type":"post","link":"https:\/\/eltrabajo.cl\/portal\/extenderan-campana-de-vacunacion-contra-la-influenza\/","title":{"rendered":"Extender\u00e1n Campa\u00f1a de vacunaci\u00f3n contra la Influenza"},"content":{"rendered":"<figure id=\"attachment_78778\" aria-describedby=\"caption-attachment-78778\" style=\"width: 580px\" class=\"wp-caption alignnone\"><img data-recalc-dims=\"1\" loading=\"lazy\" decoding=\"async\" class=\"size-full wp-image-78778\" src=\"https:\/\/i0.wp.com\/www.eltrabajo.cl\/2017\/wp-content\/uploads\/2017\/05\/Laura-Vasquez.jpg?resize=580%2C349\" alt=\"Laura V\u00e1squez, encargada del programa de Inmunizaci\u00f3n del Cesfam Segismundo Iturra.\" width=\"580\" height=\"349\" srcset=\"https:\/\/i0.wp.com\/eltrabajo.cl\/portal\/wp-content\/uploads\/2017\/05\/Laura-Vasquez.jpg?w=580&amp;ssl=1 580w, https:\/\/i0.wp.com\/eltrabajo.cl\/portal\/wp-content\/uploads\/2017\/05\/Laura-Vasquez.jpg?resize=200%2C120&amp;ssl=1 200w, https:\/\/i0.wp.com\/eltrabajo.cl\/portal\/wp-content\/uploads\/2017\/05\/Laura-Vasquez.jpg?resize=300%2C181&amp;ssl=1 300w, https:\/\/i0.wp.com\/eltrabajo.cl\/portal\/wp-content\/uploads\/2017\/05\/Laura-Vasquez.jpg?resize=249%2C150&amp;ssl=1 249w, https:\/\/i0.wp.com\/eltrabajo.cl\/portal\/wp-content\/uploads\/2017\/05\/Laura-Vasquez.jpg?resize=400%2C241&amp;ssl=1 400w\" sizes=\"auto, (max-width: 580px) 100vw, 580px\" \/><figcaption id=\"caption-attachment-78778\" class=\"wp-caption-text\">Laura V\u00e1squez, encargada del programa de Inmunizaci\u00f3n del Cesfam Segismundo Iturra.<\/figcaption><\/figure>\n<ul>\n<li><strong><span style=\"color: #ff0000;\">S\u00f3lo se ha vacunado un 60% de la poblaci\u00f3n objetivo:<\/span>\u00a0Este viernes su cumple el primer plazo para lograr el m\u00ednimo de un 80% de cobertura que se han propuesto en el Cesfam Segismundo Iturra.<\/strong><\/li>\n<\/ul>\n<p>Pese a las diferentes estrategias que el Centro de Salud Familiar (Cesfam) Segismundo Iturra ha implementado en San Felipe en el marco de la campa\u00f1a de vacunaci\u00f3n contra la Influenza, la respuesta de la comunidad sigue siendo lenta y a menos de una semana de cumplir con el primer plazo, la cobertura de inmunizaci\u00f3n reci\u00e9n sobrepas\u00f3 el 60% en algunos grupos de riesgo.<br \/>\nDe acuerdo a lo informado por Laura V\u00e1squez, encargada del programa de Inmunizaci\u00f3n del Cesfam Iturra, aunque los \u00edndices parciales son mejores que los del a\u00f1o 2016, la cobertura de ni\u00f1os reci\u00e9n super\u00f3 el 60%, \u00edndice que a\u00fan no se alcanza en adultos mayores, grupo que de todas formas ha logrado mejores cifras de inmunizaci\u00f3n que el a\u00f1o pasado.<br \/>\nSeg\u00fan la profesional, la comunidad sigue mostrando cierta reticencia a la vacuna, \u00abte\u00f3ricamente la campa\u00f1a se extiende hasta el 12 de mayo, pero lo m\u00e1s probable es que tengamos que extenderla m\u00e1s, nos encontramos relativamente bien en algunos grupos, pero como siempre, estamos un poquito bajo en la cobertura de los ni\u00f1os, tenemos que llegar m\u00ednimo a un 80%, tambi\u00e9n con los adultos mayores, que estamos mejor que el a\u00f1o pasado, pero aun as\u00ed nos faltan bastantes que se vacunen\u00bb, admiti\u00f3.<br \/>\nRespecto del contexto que envuelve la campa\u00f1a contra la Influenza, V\u00e1squez atribuy\u00f3 parcialmente la baja cobertura actual, al proceso de Censo vivido hace un par de semanas y al retraso en la llegada de las bajas temperaturas, tomando en cuenta que en Aconcagua, reci\u00e9n la semana pasada los term\u00f3metros descendieron de forma brusca durante las ma\u00f1anas, siendo el factor clim\u00e1tico el que m\u00e1s preocupa.<br \/>\n\u00abComienza a hacer fr\u00edo y con ello las enfermedades de invierno, las neumon\u00edas, de hecho ya nos est\u00e1n apareciendo los casos de influenza en el Sapu, aumentan las consultas y por m\u00e1s que el personal de salud se esfuerce, no logra satisfacer toda la demanda porque cada vez van a haber m\u00e1s enfermos, por eso la mejor arma es la vacuna\u00bb, sostuvo la profesional.<br \/>\nRespecto de cu\u00e1les son las estrategias que se han desarrollado durante las \u00faltimas dos semanas, V\u00e1squez describi\u00f3 que \u00abprimero nosotros vacunamos a los ni\u00f1os en sus jardines infantiles, colegios; tambi\u00e9n hemos asistido a reuniones de adultos mayores, hemos ido a la feria mayorista; tenemos nuestro puesto de vacunaci\u00f3n fuera de la Municipalidad tambi\u00e9n, y lo que vamos hacer ahora es ir a las comunidades con perifoneo para llamar a la gente a vacunarse\u00bb, advirti\u00f3 la profesional, contando que el jueves pasado, realizaron ese procedimiento en el sector de El Algarrobal, obteniendo una muy buena recepci\u00f3n de los vecinos.<br \/>\nCabe destacar que los grupos de riesgo son los ni\u00f1os desde los seis meses hasta los cinco a\u00f1os once meses, 29 d\u00edas; los adultos mayores, enfermos cr\u00f3nicos, hipertensos, diab\u00e9ticos, asm\u00e1ticos y las embarazadas sobre las trece semanas de gestaci\u00f3n.<\/p>\n<figure id=\"attachment_78779\" aria-describedby=\"caption-attachment-78779\" style=\"width: 580px\" class=\"wp-caption alignnone\"><img data-recalc-dims=\"1\" loading=\"lazy\" decoding=\"async\" class=\"size-full wp-image-78779\" src=\"https:\/\/i0.wp.com\/www.eltrabajo.cl\/2017\/wp-content\/uploads\/2017\/05\/Vacunas1.jpg?resize=580%2C348\" alt=\"S\u00f3lo un 60% de la poblaci\u00f3n objetivo de San Felipe, se ha vacunado contra la Influenza.\" width=\"580\" height=\"348\" srcset=\"https:\/\/i0.wp.com\/eltrabajo.cl\/portal\/wp-content\/uploads\/2017\/05\/Vacunas1.jpg?w=580&amp;ssl=1 580w, https:\/\/i0.wp.com\/eltrabajo.cl\/portal\/wp-content\/uploads\/2017\/05\/Vacunas1.jpg?resize=200%2C120&amp;ssl=1 200w, https:\/\/i0.wp.com\/eltrabajo.cl\/portal\/wp-content\/uploads\/2017\/05\/Vacunas1.jpg?resize=300%2C180&amp;ssl=1 300w, https:\/\/i0.wp.com\/eltrabajo.cl\/portal\/wp-content\/uploads\/2017\/05\/Vacunas1.jpg?resize=250%2C150&amp;ssl=1 250w, https:\/\/i0.wp.com\/eltrabajo.cl\/portal\/wp-content\/uploads\/2017\/05\/Vacunas1.jpg?resize=400%2C240&amp;ssl=1 400w\" sizes=\"auto, (max-width: 580px) 100vw, 580px\" \/><figcaption id=\"caption-attachment-78779\" class=\"wp-caption-text\">S\u00f3lo un 60% de la poblaci\u00f3n objetivo de San Felipe, se ha vacunado contra la Influenza.<\/figcaption><\/figure>\n","protected":false},"excerpt":{"rendered":"<p>S\u00f3lo se ha vacunado un 60% de la poblaci\u00f3n objetivo:\u00a0Este viernes su cumple el primer plazo para lograr el m\u00ednimo de un 80% de cobertura que se han propuesto en el Cesfam&#8230;<\/p>\n","protected":false},"author":482,"featured_media":78779,"comment_status":"open","ping_status":"open","sticky":false,"template":"","format":"standard","meta":{"advanced_seo_description":"","jetpack_seo_html_title":"","jetpack_seo_noindex":false,"_jetpack_memberships_contains_paid_content":false,"footnotes":""},"categories":[1],"tags":[],"class_list":["post-78777","post","type-post","status-publish","format-standard","has-post-thumbnail","hentry","category-cronica"],"jetpack_featured_media_url":"https:\/\/i0.wp.com\/eltrabajo.cl\/portal\/wp-content\/uploads\/2017\/05\/Vacunas1.jpg?fit=580%2C348&ssl=1","jetpack_sharing_enabled":true,"jetpack_likes_enabled":true,"jetpack-related-posts":[],"_links":{"self":[{"href":"https:\/\/eltrabajo.cl\/portal\/wp-json\/wp\/v2\/posts\/78777","targetHints":{"allow":["GET"]}}],"collection":[{"href":"https:\/\/eltrabajo.cl\/portal\/wp-json\/wp\/v2\/posts"}],"about":[{"href":"https:\/\/eltrabajo.cl\/portal\/wp-json\/wp\/v2\/types\/post"}],"author":[{"embeddable":true,"href":"https:\/\/eltrabajo.cl\/portal\/wp-json\/wp\/v2\/users\/482"}],"replies":[{"embeddable":true,"href":"https:\/\/eltrabajo.cl\/portal\/wp-json\/wp\/v2\/comments?post=78777"}],"version-history":[{"count":0,"href":"https:\/\/eltrabajo.cl\/portal\/wp-json\/wp\/v2\/posts\/78777\/revisions"}],"wp:featuredmedia":[{"embeddable":true,"href":"https:\/\/eltrabajo.cl\/portal\/wp-json\/wp\/v2\/media\/78779"}],"wp:attachment":[{"href":"https:\/\/eltrabajo.cl\/portal\/wp-json\/wp\/v2\/media?parent=78777"}],"wp:term":[{"taxonomy":"category","embeddable":true,"href":"https:\/\/eltrabajo.cl\/portal\/wp-json\/wp\/v2\/categories?post=78777"},{"taxonomy":"post_tag","embeddable":true,"href":"https:\/\/eltrabajo.cl\/portal\/wp-json\/wp\/v2\/tags?post=78777"}],"curies":[{"name":"wp","href":"https:\/\/api.w.org\/{rel}","templated":true}]}}