{"id":78781,"date":"2017-05-09T06:00:05","date_gmt":"2017-05-09T10:00:05","guid":{"rendered":"http:\/\/www.eltrabajo.cl\/2017\/?p=78781"},"modified":"2017-05-09T06:00:05","modified_gmt":"2017-05-09T10:00:05","slug":"escuela-carmela-carvajal-con-el-mejor-puntaje-simce-2016","status":"publish","type":"post","link":"https:\/\/eltrabajo.cl\/portal\/escuela-carmela-carvajal-con-el-mejor-puntaje-simce-2016\/","title":{"rendered":"Escuela Carmela Carvajal con el mejor puntaje Simce 2016"},"content":{"rendered":"<figure id=\"attachment_78783\" aria-describedby=\"caption-attachment-78783\" style=\"width: 580px\" class=\"wp-caption alignnone\"><img data-recalc-dims=\"1\" loading=\"lazy\" decoding=\"async\" class=\"size-full wp-image-78783\" src=\"https:\/\/i0.wp.com\/www.eltrabajo.cl\/2017\/wp-content\/uploads\/2017\/05\/Simce-CC-Septimo1.jpg?resize=580%2C349\" alt=\"IMPARABLES.- Ellos son los de sexto b\u00e1sico del a\u00f1o pasado: 272 en Lenguaje (+47 pts.) y 253 en Matem\u00e1ticas (+48 pts.).\" width=\"580\" height=\"349\" srcset=\"https:\/\/i0.wp.com\/eltrabajo.cl\/portal\/wp-content\/uploads\/2017\/05\/Simce-CC-Septimo1.jpg?w=580&amp;ssl=1 580w, https:\/\/i0.wp.com\/eltrabajo.cl\/portal\/wp-content\/uploads\/2017\/05\/Simce-CC-Septimo1.jpg?resize=200%2C120&amp;ssl=1 200w, https:\/\/i0.wp.com\/eltrabajo.cl\/portal\/wp-content\/uploads\/2017\/05\/Simce-CC-Septimo1.jpg?resize=300%2C181&amp;ssl=1 300w, https:\/\/i0.wp.com\/eltrabajo.cl\/portal\/wp-content\/uploads\/2017\/05\/Simce-CC-Septimo1.jpg?resize=249%2C150&amp;ssl=1 249w, https:\/\/i0.wp.com\/eltrabajo.cl\/portal\/wp-content\/uploads\/2017\/05\/Simce-CC-Septimo1.jpg?resize=400%2C241&amp;ssl=1 400w\" sizes=\"auto, (max-width: 580px) 100vw, 580px\" \/><figcaption id=\"caption-attachment-78783\" class=\"wp-caption-text\">IMPARABLES.- Ellos son los de sexto b\u00e1sico del a\u00f1o pasado: 272 en Lenguaje (+47 pts.) y 253 en Matem\u00e1ticas (+48 pts.).<\/figcaption><\/figure>\n<ul>\n<li><span style=\"color: #ff0000;\"><strong>Registra hasta 48 puntos m\u00e1s que 2015 en Matem\u00e1ticas:<\/strong><\/span><\/li>\n<\/ul>\n<p>Todo un frenes\u00ed acad\u00e9mico es el que se vive en varias escuelas municipalizadas de San Felipe, luego que la semana pasada se dieran a conocer los resultados de la Prueba Simce, misma que se desarroll\u00f3 en 2016 a estudiantes de cuarto y sexto b\u00e1sico.<br \/>\nEstas cifras colocan a la Escuela Carmela Carvajal, de Curim\u00f3n, como una de las mejores de nuestra comuna, as\u00ed lo hizo ver la jefa UTP (S) de ese centro estudiantil, Paulina Tapia C\u00e1rcamo: \u00abEs un orgullo para toda nuestra escuela, nuestros estudiantes y profesores siempre han mostrado gran compromiso en el trabajo escolar, lo que se ve reflejado en esta clase de mediciones. Esto se debe gracias al trabajo met\u00f3dico de los profesores, as\u00ed como el esfuerzo personal y colectivo de nuestros ni\u00f1os en clases, la idea es seguir esta tendencia a subir nuestros puntajes para que no se pierda la m\u00edstica de superaci\u00f3n\u00bb, dijo Tapia a Diario El Trabajo.<\/p>\n<p><strong>CIFRAS OFICIALES<\/strong><br \/>\nLas cifras reportadas por esta funcionaria merecieron tambi\u00e9n las felicitaciones de los docentes para sus estudiantes, quienes ahora cursan quinto y s\u00e9ptimo b\u00e1sico.<br \/>\n\u00abLas cifras de este Simce se\u00f1alan que nuestra escuela logr\u00f3 en cuarto medio 266 puntos en Lenguaje (+17 pts.) y 289 (+30 pts.) en Matem\u00e1ticas, mientras que en sexto las cifras registran 272 en Lenguaje (+47 pts.) y 253 en Matem\u00e1ticas (+48 pts.), lo que nos instala entre los primeros lugares del Simce 2016 en las escuelas municipalizadas de nuestra comuna\u00bb, agreg\u00f3 Paulina.<br \/>\nQuienes laboramos en Diario El Trabajo hoy felicitamos a estos profesores y estudiantes, por el logro tan importante obtenido en este Simce 2016, anim\u00e1ndoles a seguir adelante en busca de conquistar sus sue\u00f1os.<br \/>\n<strong>Roberto Gonz\u00e1lez Short<\/strong><\/p>\n<figure id=\"attachment_78782\" aria-describedby=\"caption-attachment-78782\" style=\"width: 580px\" class=\"wp-caption alignnone\"><img data-recalc-dims=\"1\" loading=\"lazy\" decoding=\"async\" class=\"size-full wp-image-78782\" src=\"https:\/\/i0.wp.com\/www.eltrabajo.cl\/2017\/wp-content\/uploads\/2017\/05\/Simce-CC-Quintos1.jpg?resize=580%2C349\" alt=\"SON LOS MEJORES.- Aqu\u00ed tenemos a los ni\u00f1os que estaban en cuarto b\u00e1sico el a\u00f1o pasado: 266 puntos en Lenguaje (+17 pts.) y 289 (+30 pts.) en Matem\u00e1ticas.\" width=\"580\" height=\"349\" srcset=\"https:\/\/i0.wp.com\/eltrabajo.cl\/portal\/wp-content\/uploads\/2017\/05\/Simce-CC-Quintos1.jpg?w=580&amp;ssl=1 580w, https:\/\/i0.wp.com\/eltrabajo.cl\/portal\/wp-content\/uploads\/2017\/05\/Simce-CC-Quintos1.jpg?resize=200%2C120&amp;ssl=1 200w, https:\/\/i0.wp.com\/eltrabajo.cl\/portal\/wp-content\/uploads\/2017\/05\/Simce-CC-Quintos1.jpg?resize=300%2C181&amp;ssl=1 300w, https:\/\/i0.wp.com\/eltrabajo.cl\/portal\/wp-content\/uploads\/2017\/05\/Simce-CC-Quintos1.jpg?resize=249%2C150&amp;ssl=1 249w, https:\/\/i0.wp.com\/eltrabajo.cl\/portal\/wp-content\/uploads\/2017\/05\/Simce-CC-Quintos1.jpg?resize=400%2C241&amp;ssl=1 400w\" sizes=\"auto, (max-width: 580px) 100vw, 580px\" \/><figcaption id=\"caption-attachment-78782\" class=\"wp-caption-text\">SON LOS MEJORES.- Aqu\u00ed tenemos a los ni\u00f1os que estaban en cuarto b\u00e1sico el a\u00f1o pasado: 266 puntos en Lenguaje (+17 pts.) y 289 (+30 pts.) en Matem\u00e1ticas.<\/figcaption><\/figure>\n<figure id=\"attachment_78784\" aria-describedby=\"caption-attachment-78784\" style=\"width: 580px\" class=\"wp-caption alignnone\"><img data-recalc-dims=\"1\" loading=\"lazy\" decoding=\"async\" class=\"size-full wp-image-78784\" src=\"https:\/\/i0.wp.com\/www.eltrabajo.cl\/2017\/wp-content\/uploads\/2017\/05\/Simce-CC-Paulina-Tapia.jpg?resize=580%2C349\" alt=\"Jefa UTP (S) de ese centro estudiantil, Paulina Tapia C\u00e1rcamo.\" width=\"580\" height=\"349\" srcset=\"https:\/\/i0.wp.com\/eltrabajo.cl\/portal\/wp-content\/uploads\/2017\/05\/Simce-CC-Paulina-Tapia.jpg?w=580&amp;ssl=1 580w, https:\/\/i0.wp.com\/eltrabajo.cl\/portal\/wp-content\/uploads\/2017\/05\/Simce-CC-Paulina-Tapia.jpg?resize=200%2C120&amp;ssl=1 200w, https:\/\/i0.wp.com\/eltrabajo.cl\/portal\/wp-content\/uploads\/2017\/05\/Simce-CC-Paulina-Tapia.jpg?resize=300%2C181&amp;ssl=1 300w, https:\/\/i0.wp.com\/eltrabajo.cl\/portal\/wp-content\/uploads\/2017\/05\/Simce-CC-Paulina-Tapia.jpg?resize=249%2C150&amp;ssl=1 249w, https:\/\/i0.wp.com\/eltrabajo.cl\/portal\/wp-content\/uploads\/2017\/05\/Simce-CC-Paulina-Tapia.jpg?resize=400%2C241&amp;ssl=1 400w\" sizes=\"auto, (max-width: 580px) 100vw, 580px\" \/><figcaption id=\"caption-attachment-78784\" class=\"wp-caption-text\">Jefa UTP (S) de ese centro estudiantil, Paulina Tapia C\u00e1rcamo.<\/figcaption><\/figure>\n","protected":false},"excerpt":{"rendered":"<p>Registra hasta 48 puntos m\u00e1s que 2015 en Matem\u00e1ticas: Todo un frenes\u00ed acad\u00e9mico es el que se vive en varias escuelas municipalizadas de San Felipe, luego que la semana pasada se dieran&#8230;<\/p>\n","protected":false},"author":482,"featured_media":78782,"comment_status":"open","ping_status":"open","sticky":false,"template":"","format":"standard","meta":{"advanced_seo_description":"","jetpack_seo_html_title":"","jetpack_seo_noindex":false,"_jetpack_memberships_contains_paid_content":false,"footnotes":""},"categories":[15],"tags":[],"class_list":["post-78781","post","type-post","status-publish","format-standard","has-post-thumbnail","hentry","category-comunidad"],"jetpack_featured_media_url":"https:\/\/i0.wp.com\/eltrabajo.cl\/portal\/wp-content\/uploads\/2017\/05\/Simce-CC-Quintos1.jpg?fit=580%2C349&ssl=1","jetpack_sharing_enabled":true,"jetpack_likes_enabled":true,"jetpack-related-posts":[],"_links":{"self":[{"href":"https:\/\/eltrabajo.cl\/portal\/wp-json\/wp\/v2\/posts\/78781","targetHints":{"allow":["GET"]}}],"collection":[{"href":"https:\/\/eltrabajo.cl\/portal\/wp-json\/wp\/v2\/posts"}],"about":[{"href":"https:\/\/eltrabajo.cl\/portal\/wp-json\/wp\/v2\/types\/post"}],"author":[{"embeddable":true,"href":"https:\/\/eltrabajo.cl\/portal\/wp-json\/wp\/v2\/users\/482"}],"replies":[{"embeddable":true,"href":"https:\/\/eltrabajo.cl\/portal\/wp-json\/wp\/v2\/comments?post=78781"}],"version-history":[{"count":0,"href":"https:\/\/eltrabajo.cl\/portal\/wp-json\/wp\/v2\/posts\/78781\/revisions"}],"wp:featuredmedia":[{"embeddable":true,"href":"https:\/\/eltrabajo.cl\/portal\/wp-json\/wp\/v2\/media\/78782"}],"wp:attachment":[{"href":"https:\/\/eltrabajo.cl\/portal\/wp-json\/wp\/v2\/media?parent=78781"}],"wp:term":[{"taxonomy":"category","embeddable":true,"href":"https:\/\/eltrabajo.cl\/portal\/wp-json\/wp\/v2\/categories?post=78781"},{"taxonomy":"post_tag","embeddable":true,"href":"https:\/\/eltrabajo.cl\/portal\/wp-json\/wp\/v2\/tags?post=78781"}],"curies":[{"name":"wp","href":"https:\/\/api.w.org\/{rel}","templated":true}]}}