{"id":78789,"date":"2017-05-09T06:02:31","date_gmt":"2017-05-09T10:02:31","guid":{"rendered":"http:\/\/www.eltrabajo.cl\/2017\/?p=78789"},"modified":"2017-05-09T06:02:31","modified_gmt":"2017-05-09T10:02:31","slug":"entre-80-a-100-milimetros-de-lluvia-caeria-entre-miercoles-y-sabado","status":"publish","type":"post","link":"https:\/\/eltrabajo.cl\/portal\/entre-80-a-100-milimetros-de-lluvia-caeria-entre-miercoles-y-sabado\/","title":{"rendered":"Entre 80 a 100 mil\u00edmetros de lluvia caer\u00eda entre mi\u00e9rcoles y s\u00e1bado"},"content":{"rendered":"<figure id=\"attachment_78790\" aria-describedby=\"caption-attachment-78790\" style=\"width: 580px\" class=\"wp-caption alignnone\"><img data-recalc-dims=\"1\" loading=\"lazy\" decoding=\"async\" class=\"size-full wp-image-78790\" src=\"https:\/\/i0.wp.com\/www.eltrabajo.cl\/2017\/wp-content\/uploads\/2017\/05\/LLUVIA.jpg?resize=580%2C349\" alt=\"Precipitaciones intensas en pocos d\u00edas podr\u00edan causar graves problemas si no se adoptan medidas antes de este mi\u00e9rcoles.\" width=\"580\" height=\"349\" srcset=\"https:\/\/i0.wp.com\/eltrabajo.cl\/portal\/wp-content\/uploads\/2017\/05\/LLUVIA.jpg?w=580&amp;ssl=1 580w, https:\/\/i0.wp.com\/eltrabajo.cl\/portal\/wp-content\/uploads\/2017\/05\/LLUVIA.jpg?resize=200%2C120&amp;ssl=1 200w, https:\/\/i0.wp.com\/eltrabajo.cl\/portal\/wp-content\/uploads\/2017\/05\/LLUVIA.jpg?resize=300%2C181&amp;ssl=1 300w, https:\/\/i0.wp.com\/eltrabajo.cl\/portal\/wp-content\/uploads\/2017\/05\/LLUVIA.jpg?resize=249%2C150&amp;ssl=1 249w, https:\/\/i0.wp.com\/eltrabajo.cl\/portal\/wp-content\/uploads\/2017\/05\/LLUVIA.jpg?resize=400%2C241&amp;ssl=1 400w\" sizes=\"auto, (max-width: 580px) 100vw, 580px\" \/><figcaption id=\"caption-attachment-78790\" class=\"wp-caption-text\">Precipitaciones intensas en pocos d\u00edas podr\u00edan causar graves problemas si no se adoptan medidas antes de este mi\u00e9rcoles.<\/figcaption><\/figure>\n<ul>\n<li><strong><span style=\"color: #ff0000;\">Llaman a mantener limpias canaletas y estufas:\u00a0<\/span>Precipitaciones intensas y con bajas temperaturas causar\u00e1n m\u00e1s de alg\u00fan problema al ser la primera lluvia importante del a\u00f1o.<\/strong><\/li>\n<\/ul>\n<p><strong>LOS ANDES.-<\/strong> Una lluvia intensa, acompa\u00f1ada de bajas temperaturas, se dejar\u00e1 caer a partir del mi\u00e9rcoles en la noche en el valle de Aconcagua, esper\u00e1ndose entre 80 a 100 mil\u00edmetros de lluvia durante el frente de mal tiempo que se prolongar\u00e1 hasta el pr\u00f3ximo s\u00e1bado.<br \/>\nDebido a estas precipitaciones tan intensas que se han anunciado por parte de meteorolog\u00eda, el Comit\u00e9 Provincial de Emergencia se encuentra realizando las coordinaciones con los municipios y servicios p\u00fablicos a fin de evitar la ocurrencia de situaciones de riesgo como anegamientos o desbordes de cursos de agua.<br \/>\nAl respecto, el Gobernador Daniel Zamorano indic\u00f3 que a diferencia de las \u00faltimas lluvias, la isoterma ser\u00e1 m\u00e1s baja, raz\u00f3n por la cual las precipitaciones se concentrar\u00e1n en la zona de los valles y por ello la preocupaci\u00f3n en cuanto a mantener los sistemas de evacuaci\u00f3n de aguas lluvias limpios.<br \/>\nAgreg\u00f3 que por eso se est\u00e1 trabajando con los municipios para efectuar la limpieza de calles y tambi\u00e9n de cursos de agua, a fin de prevenir desbordes, e inst\u00f3 a la poblaci\u00f3n a hacer lo mismo en sus casas limpiando canaletas y bajadas de agua.<br \/>\nLa autoridad provincial recomend\u00f3 tambi\u00e9n a las personas no subir a practicar trekking a la cordillera, ni tampoco acampar en lugares cercanos a los cursos de agua y por sobre todo evitar acercarse a la ribera del estero Pocuro.<br \/>\nAsimismo, Zamorano dijo que a causa de este sistema frontal se podr\u00eda producir el cierre de la ruta internacional por la nevadas y record\u00f3 que el porte de cadenas es obligatorio.<br \/>\nInsisti\u00f3 en que a ra\u00edz de ello se encuentra activado el Comit\u00e9 de Emergencias, \u201cpero si no tenemos la ayuda de la ciudadan\u00eda va a ser bastante dif\u00edcil prevenir cualquier emergencia, y por ende queremos invitar a la gente que nos ayude para que este fen\u00f3meno de intensas precipitaciones provoque los menores efectos en la provincia\u201d.<br \/>\nEn cuanto a eventuales cortes de agua, afirm\u00f3 que Esval tiene algunas reservas para poder evitar eventuales cortes y por eso se est\u00e1n activando todos los protocolos de emergencia.<br \/>\nPor su parte, el Director Provincial de Emergencias, Carlos \u00c1lamos, remarc\u00f3 que los vecinos deben ser muy responsables en la prevenci\u00f3n antes que se inicien las lluvias con la limpieza de canaletas y desag\u00fces, \u201cy posterior al evento meteorol\u00f3gico tener mucho cuidado con los fen\u00f3menos que se producen; uno que son las enfermedades respiratorias y en segundo lugar la precauci\u00f3n respecto de los incendios estructurales, ya que siempre posterior a los episodios de bajas temperaturas se producen estos siniestros por el mal uso de la calefacci\u00f3n, ya sea le\u00f1a, estufa a parafina u otro tipo de combustible\u201d.<br \/>\nMencion\u00f3 que las estufas tambi\u00e9n requieren de una mantenci\u00f3n y esta debe hacerse antes de que comience el per\u00edodo invernal.<br \/>\nDijo que esta ser\u00e1 la primera lluvia fuerte del a\u00f1o y coincide con los pron\u00f3sticos hidrometeorol\u00f3gicos que auguraban el inicio de las precipitaciones justamente para fines de abril y principios de mayo, \u201cpero lo bueno es que ahora estas precipitaciones con isoterma baja y sumados a los tres d\u00edas de lluvias se alcanzar\u00eda un rango de entre 80 y 100 mil\u00edmetros de agua ca\u00edda, que para ser la primera lluvia del a\u00f1o no deja de ser importante y siempre la primera lluvia es la que genera importantes consecuencias\u201d.<br \/>\nAsever\u00f3 que en la medida que durante la primera lluvia se vayan eliminando todos los focos de riesgo, las lluvias posteriores tienen menos impacto en la poblaci\u00f3n.<br \/>\nCarlos \u00c1lamos llam\u00f3 a las personas a usar adecuadamente los tel\u00e9fonos de los organismos de emergencia, sobre todo de Bomberos, ya que hay emergencias en que se requiere de la intervenci\u00f3n directa de alg\u00fan servicio como Chilquinta en el caso de ca\u00edda del tendido el\u00e9ctrico o anegamientos en caso de Esval, \u201cadem\u00e1s de las cuadrillas de emergencia con que cuenta cada municipio\u201d.<\/p>\n","protected":false},"excerpt":{"rendered":"<p>Llaman a mantener limpias canaletas y estufas:\u00a0Precipitaciones intensas y con bajas temperaturas causar\u00e1n m\u00e1s de alg\u00fan problema al ser la primera lluvia importante del a\u00f1o. LOS ANDES.- Una lluvia intensa, acompa\u00f1ada de&#8230;<\/p>\n","protected":false},"author":482,"featured_media":78790,"comment_status":"open","ping_status":"open","sticky":false,"template":"","format":"standard","meta":{"advanced_seo_description":"","jetpack_seo_html_title":"","jetpack_seo_noindex":false,"_jetpack_memberships_contains_paid_content":false,"footnotes":""},"categories":[1],"tags":[],"class_list":["post-78789","post","type-post","status-publish","format-standard","has-post-thumbnail","hentry","category-cronica"],"jetpack_featured_media_url":"https:\/\/i0.wp.com\/eltrabajo.cl\/portal\/wp-content\/uploads\/2017\/05\/LLUVIA.jpg?fit=580%2C349&ssl=1","jetpack_sharing_enabled":true,"jetpack_likes_enabled":true,"jetpack-related-posts":[],"_links":{"self":[{"href":"https:\/\/eltrabajo.cl\/portal\/wp-json\/wp\/v2\/posts\/78789","targetHints":{"allow":["GET"]}}],"collection":[{"href":"https:\/\/eltrabajo.cl\/portal\/wp-json\/wp\/v2\/posts"}],"about":[{"href":"https:\/\/eltrabajo.cl\/portal\/wp-json\/wp\/v2\/types\/post"}],"author":[{"embeddable":true,"href":"https:\/\/eltrabajo.cl\/portal\/wp-json\/wp\/v2\/users\/482"}],"replies":[{"embeddable":true,"href":"https:\/\/eltrabajo.cl\/portal\/wp-json\/wp\/v2\/comments?post=78789"}],"version-history":[{"count":0,"href":"https:\/\/eltrabajo.cl\/portal\/wp-json\/wp\/v2\/posts\/78789\/revisions"}],"wp:featuredmedia":[{"embeddable":true,"href":"https:\/\/eltrabajo.cl\/portal\/wp-json\/wp\/v2\/media\/78790"}],"wp:attachment":[{"href":"https:\/\/eltrabajo.cl\/portal\/wp-json\/wp\/v2\/media?parent=78789"}],"wp:term":[{"taxonomy":"category","embeddable":true,"href":"https:\/\/eltrabajo.cl\/portal\/wp-json\/wp\/v2\/categories?post=78789"},{"taxonomy":"post_tag","embeddable":true,"href":"https:\/\/eltrabajo.cl\/portal\/wp-json\/wp\/v2\/tags?post=78789"}],"curies":[{"name":"wp","href":"https:\/\/api.w.org\/{rel}","templated":true}]}}