{"id":78792,"date":"2017-05-09T06:03:57","date_gmt":"2017-05-09T10:03:57","guid":{"rendered":"http:\/\/www.eltrabajo.cl\/2017\/?p=78792"},"modified":"2017-05-09T06:03:57","modified_gmt":"2017-05-09T10:03:57","slug":"ambientalistas-denuncian-tronaduras-y-explotacion-ilegal-de-aridos-en-el-asiento","status":"publish","type":"post","link":"https:\/\/eltrabajo.cl\/portal\/ambientalistas-denuncian-tronaduras-y-explotacion-ilegal-de-aridos-en-el-asiento\/","title":{"rendered":"Ambientalistas denuncian tronaduras y explotaci\u00f3n ilegal de \u00e1ridos en El Asiento"},"content":{"rendered":"<figure id=\"attachment_78793\" aria-describedby=\"caption-attachment-78793\" style=\"width: 580px\" class=\"wp-caption alignnone\"><img data-recalc-dims=\"1\" loading=\"lazy\" decoding=\"async\" class=\"size-full wp-image-78793\" src=\"https:\/\/i0.wp.com\/www.eltrabajo.cl\/2017\/wp-content\/uploads\/2017\/05\/Concejal-Mario-Villanueva.jpg?resize=580%2C349\" alt=\"Concejal de San Felipe, Mario Villanueva.\" width=\"580\" height=\"349\" srcset=\"https:\/\/i0.wp.com\/eltrabajo.cl\/portal\/wp-content\/uploads\/2017\/05\/Concejal-Mario-Villanueva.jpg?w=580&amp;ssl=1 580w, https:\/\/i0.wp.com\/eltrabajo.cl\/portal\/wp-content\/uploads\/2017\/05\/Concejal-Mario-Villanueva.jpg?resize=200%2C120&amp;ssl=1 200w, https:\/\/i0.wp.com\/eltrabajo.cl\/portal\/wp-content\/uploads\/2017\/05\/Concejal-Mario-Villanueva.jpg?resize=300%2C181&amp;ssl=1 300w, https:\/\/i0.wp.com\/eltrabajo.cl\/portal\/wp-content\/uploads\/2017\/05\/Concejal-Mario-Villanueva.jpg?resize=249%2C150&amp;ssl=1 249w, https:\/\/i0.wp.com\/eltrabajo.cl\/portal\/wp-content\/uploads\/2017\/05\/Concejal-Mario-Villanueva.jpg?resize=400%2C241&amp;ssl=1 400w\" sizes=\"auto, (max-width: 580px) 100vw, 580px\" \/><figcaption id=\"caption-attachment-78793\" class=\"wp-caption-text\">Concejal de San Felipe, Mario Villanueva.<\/figcaption><\/figure>\n<ul>\n<li><strong><span style=\"color: #ff0000;\">Piden que autoridades aclaren qu\u00e9 acciones se tomar\u00e1n frente a esta situaci\u00f3n:<\/span>\u00a0Si bien las tronaduras no se llevan a efecto cerca de los Cipreses, estar\u00edan realiz\u00e1ndose a unos dos kil\u00f3metros de una parte del Santuario de la Naturaleza, afectando flora y fauna protegida por Conaf.<\/strong><\/li>\n<\/ul>\n<p>Integrantes de diferentes agrupaciones ambientalistas del Valle de Aconcagua, llegaron este lunes hasta las dependencias del Gobernador de la Provincia de San Felipe, Eduardo Le\u00f3n Lazcano, para solicitarle que se pronuncie respecto de la situaci\u00f3n que se est\u00e1 viviendo en el sector de El Asiento, desde donde se est\u00e1n extrayendo \u00e1ridos -seg\u00fan argumentan los dirigentes- sin el respaldo legal correspondiente.<br \/>\nEduardo Torres, comunero de El Asiento, fue una de las personas que se present\u00f3 para hablar con la m\u00e1xima autoridad provincial, argumentando que \u201cqueremos pedirle a las autoridades que nos informen de las acciones que se est\u00e1n llevando a cabo con esta extracci\u00f3n de roca ilegal, en un bosque nativo protegido que se encuentra en el sector y tambi\u00e9n que se hagan compensaciones al respecto, porque hay muchas cosas que no se est\u00e1n haciendo, por ejemplo, la ausencia de Planes de Manejo que se le exige a las empresas y que desde nuestro parecer ponen en riesgo a la comunidad de El Asiento\u201d, asever\u00f3 Torres.<br \/>\nLa semana reci\u00e9n pasada, Diario El Trabajo public\u00f3 una nota donde se expon\u00eda el hecho que los camiones tolva cargados con rocas de grandes dimensiones, proven\u00edan desde el Santuario de los Cipreses, lugar donde se estaba obteniendo este material para depositarlo posteriormente como insumo para la construcci\u00f3n de la carretera 60CH, explotaci\u00f3n de terreno que sin afectar directamente a los \u00e1rboles milenarios, s\u00ed habr\u00eda afectado alrededor de 1,5 hect\u00e1reas de otras especies protegidas a nivel nacional.<br \/>\nEsta informaci\u00f3n fue confirmada por la delegada Bi-Provincial de la Corporaci\u00f3n Nacional Forestal (Conaf), Denisse N\u00fa\u00f1ez, quien al igual que el Gobernador Eduardo Lazcano, mostr\u00f3 preocupaci\u00f3n por esta extracci\u00f3n de \u00e1ridos, la cual, en primera instancia, estar\u00eda siendo desarrollada en terrenos privados, correspondientes a una servidumbre minera.<br \/>\nRespecto a esta hip\u00f3tesis, Torres afirm\u00f3 que \u201cla informaci\u00f3n que nosotros hemos recabado es que no existe ning\u00fan permiso que autorice esa extracci\u00f3n, ni por parte de la minera (conocida popularmente como la mina de los chinos) presentada al Sernageom\u00edn ni a autoridades medioambientales\u201d, advirti\u00f3, a\u00f1adiendo que \u201cesto toma un cariz m\u00e1s grave porque estas rocas est\u00e1n siendo llevadas a la OHL y ellos tampoco tienen un estudio de impacto ambiental para realizar estos trabajos\u201d, detall\u00f3 el comunero.<br \/>\nMario Villanueva, concejal de San Felipe, dio a conocer que durante la sesi\u00f3n de hoy del Concejo Municipal, expondr\u00e1 esta situaci\u00f3n mediante un oficio, solicitando que el municipio lleve a cabo las instancias legales que sean necesarias para proteger la calidad de vida de los vecinos, no s\u00f3lo de El Asiento, sino tambi\u00e9n de otros lugares que se puedan ver afectados por pr\u00e1cticas ilegales.<br \/>\n\u201cHay destrucci\u00f3n tambi\u00e9n en el sector de Estero Seco, en Barrancas con Bellavista, ah\u00ed al ingresar se ve un camino al costado del Estero Seco, hay una acumulaci\u00f3n de material \u00e1rido en la parte del R\u00edo Aconcagua, donde claramente hay un impacto ambiental, por lo tanto hoy como Municipalidad nos debemos adelantar, porque somos la segunda en la Regi\u00f3n de Valpara\u00edso que contamos con una ordenanza respecto de la extracci\u00f3n de \u00e1ridos y pozos lastreros\u201d, sostuvo el edil.<\/p>\n<figure id=\"attachment_78794\" aria-describedby=\"caption-attachment-78794\" style=\"width: 580px\" class=\"wp-caption alignnone\"><img data-recalc-dims=\"1\" loading=\"lazy\" decoding=\"async\" class=\"size-full wp-image-78794\" src=\"https:\/\/i0.wp.com\/www.eltrabajo.cl\/2017\/wp-content\/uploads\/2017\/05\/organizaciones-ambientalistas.jpg?resize=580%2C350\" alt=\"Representantes de las organizaciones ambientalistas \u201cColectivo Aldea sin Sargento\u201d, \u201cRa\u00edces de Aconcagua\u201d, \u201cPutaendo Resiste\u201d y \u201cMovimiento Cultural Aconcagua\u201d, entregaron carta al Gobernado de San Felipe, para que se pronuncie respecto de la extracci\u00f3n de \u00e1ridos en El Asiento\" width=\"580\" height=\"350\" srcset=\"https:\/\/i0.wp.com\/eltrabajo.cl\/portal\/wp-content\/uploads\/2017\/05\/organizaciones-ambientalistas.jpg?w=580&amp;ssl=1 580w, https:\/\/i0.wp.com\/eltrabajo.cl\/portal\/wp-content\/uploads\/2017\/05\/organizaciones-ambientalistas.jpg?resize=200%2C121&amp;ssl=1 200w, https:\/\/i0.wp.com\/eltrabajo.cl\/portal\/wp-content\/uploads\/2017\/05\/organizaciones-ambientalistas.jpg?resize=300%2C181&amp;ssl=1 300w, https:\/\/i0.wp.com\/eltrabajo.cl\/portal\/wp-content\/uploads\/2017\/05\/organizaciones-ambientalistas.jpg?resize=249%2C150&amp;ssl=1 249w, https:\/\/i0.wp.com\/eltrabajo.cl\/portal\/wp-content\/uploads\/2017\/05\/organizaciones-ambientalistas.jpg?resize=400%2C241&amp;ssl=1 400w\" sizes=\"auto, (max-width: 580px) 100vw, 580px\" \/><figcaption id=\"caption-attachment-78794\" class=\"wp-caption-text\">Representantes de las organizaciones ambientalistas \u201cColectivo Aldea sin Sargento\u201d, \u201cRa\u00edces de Aconcagua\u201d, \u201cPutaendo Resiste\u201d y \u201cMovimiento Cultural Aconcagua\u201d, entregaron carta al Gobernado de San Felipe, para que se pronuncie respecto de la extracci\u00f3n de \u00e1ridos en El Asiento<\/figcaption><\/figure>\n","protected":false},"excerpt":{"rendered":"<p>Piden que autoridades aclaren qu\u00e9 acciones se tomar\u00e1n frente a esta situaci\u00f3n:\u00a0Si bien las tronaduras no se llevan a efecto cerca de los Cipreses, estar\u00edan realiz\u00e1ndose a unos dos kil\u00f3metros de una&#8230;<\/p>\n","protected":false},"author":482,"featured_media":78794,"comment_status":"open","ping_status":"open","sticky":false,"template":"","format":"standard","meta":{"advanced_seo_description":"","jetpack_seo_html_title":"","jetpack_seo_noindex":false,"_jetpack_memberships_contains_paid_content":false,"footnotes":""},"categories":[1],"tags":[],"class_list":["post-78792","post","type-post","status-publish","format-standard","has-post-thumbnail","hentry","category-cronica"],"jetpack_featured_media_url":"https:\/\/i0.wp.com\/eltrabajo.cl\/portal\/wp-content\/uploads\/2017\/05\/organizaciones-ambientalistas.jpg?fit=580%2C350&ssl=1","jetpack_sharing_enabled":true,"jetpack_likes_enabled":true,"jetpack-related-posts":[],"_links":{"self":[{"href":"https:\/\/eltrabajo.cl\/portal\/wp-json\/wp\/v2\/posts\/78792","targetHints":{"allow":["GET"]}}],"collection":[{"href":"https:\/\/eltrabajo.cl\/portal\/wp-json\/wp\/v2\/posts"}],"about":[{"href":"https:\/\/eltrabajo.cl\/portal\/wp-json\/wp\/v2\/types\/post"}],"author":[{"embeddable":true,"href":"https:\/\/eltrabajo.cl\/portal\/wp-json\/wp\/v2\/users\/482"}],"replies":[{"embeddable":true,"href":"https:\/\/eltrabajo.cl\/portal\/wp-json\/wp\/v2\/comments?post=78792"}],"version-history":[{"count":0,"href":"https:\/\/eltrabajo.cl\/portal\/wp-json\/wp\/v2\/posts\/78792\/revisions"}],"wp:featuredmedia":[{"embeddable":true,"href":"https:\/\/eltrabajo.cl\/portal\/wp-json\/wp\/v2\/media\/78794"}],"wp:attachment":[{"href":"https:\/\/eltrabajo.cl\/portal\/wp-json\/wp\/v2\/media?parent=78792"}],"wp:term":[{"taxonomy":"category","embeddable":true,"href":"https:\/\/eltrabajo.cl\/portal\/wp-json\/wp\/v2\/categories?post=78792"},{"taxonomy":"post_tag","embeddable":true,"href":"https:\/\/eltrabajo.cl\/portal\/wp-json\/wp\/v2\/tags?post=78792"}],"curies":[{"name":"wp","href":"https:\/\/api.w.org\/{rel}","templated":true}]}}