{"id":78807,"date":"2017-05-10T06:00:59","date_gmt":"2017-05-10T10:00:59","guid":{"rendered":"http:\/\/www.eltrabajo.cl\/2017\/?p=78807"},"modified":"2017-05-10T06:00:59","modified_gmt":"2017-05-10T10:00:59","slug":"san-felipe-baja-y-los-andes-sube-en-ranking-nacional-de-calidad-de-vida","status":"publish","type":"post","link":"https:\/\/eltrabajo.cl\/portal\/san-felipe-baja-y-los-andes-sube-en-ranking-nacional-de-calidad-de-vida\/","title":{"rendered":"San Felipe baja y Los Andes sube en ranking nacional de calidad de vida"},"content":{"rendered":"<figure id=\"attachment_78808\" aria-describedby=\"caption-attachment-78808\" style=\"width: 580px\" class=\"wp-caption alignnone\"><img data-recalc-dims=\"1\" loading=\"lazy\" decoding=\"async\" class=\"size-full wp-image-78808\" src=\"https:\/\/i0.wp.com\/www.eltrabajo.cl\/2017\/wp-content\/uploads\/2017\/05\/san-felipe-plaza.jpg?resize=580%2C350\" alt=\"La ciudad de San Felipe baj\u00f3 al puesto 65 en calidad de vida, en tanto Los Andes subi\u00f3 al 22 a nivel nacional.\" width=\"580\" height=\"350\" \/><figcaption id=\"caption-attachment-78808\" class=\"wp-caption-text\">La ciudad de San Felipe baj\u00f3 al puesto 65 en calidad de vida, en tanto Los Andes subi\u00f3 al 22 a nivel nacional.<\/figcaption><\/figure>\n<ul>\n<li><span style=\"color: #ff0000;\"><strong>Mientras Los Andes se eleva al lugar 22 en todo el pa\u00eds, San Felipe baja al puesto 65, apenas sobre Valpara\u00edso.<\/strong><\/span><\/li>\n<\/ul>\n<p>La ciudad de San Felipe registr\u00f3 un importante descenso en la calidad de vida de sus habitantes seg\u00fan el estudio elaborado por la C\u00e1mara Chilena de la Construcci\u00f3n y el Instituto de Estudios Urbanos de la Universidad Cat\u00f3lica, llegando al puesto 65 con 37,8 por ciento de promedio respecto de comunas con m\u00e1s de 50 mil habitantes a nivel nacional.<br \/>\nLos Andes, en tanto, ocupa el puesto 22 en el ranking, alcanzando 48,4 puntos.<br \/>\nLa medici\u00f3n contempl\u00f3 par\u00e1metros relacionados con calidad de las viviendas construidas, niveles de salud, medio ambiente, generaci\u00f3n de nuevos negocios, condiciones socioculturales, condiciones laborales, conectividad y movilidad.<br \/>\nEl informe mide las condiciones de vida de la poblaci\u00f3n generadas a partir de las actuaciones y din\u00e1micas de transformaci\u00f3n del espacio urbano inducidas por actores p\u00fablicos, privados y la sociedad civil, medidas y comparadas con informaci\u00f3n estad\u00edstica provistas por fuentes oficiales p\u00fablicas y privadas lo m\u00e1s actualizadas posibles.<br \/>\nEl ranking a nivel nacional es el siguiente:<\/p>\n<p>Ranking Comuna ICVU 2017<br \/>\n1 Las Condes 73,6<br \/>\n2 Vitacura 71,6<br \/>\n3 Providencia 71,1<br \/>\n4 Punta Arenas 68,4<br \/>\n5 Puerto Varas 58,7<br \/>\n6 Lo Barnechea 57,6<br \/>\n7 Castro 57,2<br \/>\n8 Valdivia 55,2<br \/>\n9 Conc\u00f3n 54,7<br \/>\n10 \u00d1u\u00f1oa 54,2<br \/>\n11 Vi\u00f1a del Mar 54,2<br \/>\n12 Temuco 53,5<br \/>\n13 Osorno 52,5<br \/>\n14 La Reina 52,4<br \/>\n15 Concepci\u00f3n 51,7<br \/>\n16 Talcahuano 51<br \/>\n17 Santiago 50,4<br \/>\n18 Villa Alemana 50,1<br \/>\n19 Puerto Montt 49,6<br \/>\n20 La Serena 49,3<br \/>\n21 Penco 48,9<br \/>\n<strong><span style=\"color: #ff0000;\">22 Los Andes 48,4<\/span><\/strong><br \/>\n23 Machal\u00ed 47,9<br \/>\n24 Macul 47,8<br \/>\n25 Angol 47,7<br \/>\n26 Chiguayante 47,6<br \/>\n27 Quillota 47,5<br \/>\n28 Coyhaique 47,2<br \/>\n29 Quilpu\u00e9 46,5<br \/>\n30 Maip\u00fa 46,4<br \/>\n31 San Pedro<br \/>\nde la Paz 46,4<br \/>\n32 San Fernando 46,4<br \/>\n33 Talca 45,9<br \/>\n34 Coronel 45,7<br \/>\n35 Villarrica 45,1<br \/>\n36 Copiap\u00f3 44,7<br \/>\n37 Melipilla 44,6<br \/>\n38 Rancagua 44<br \/>\n39 Chill\u00e1n 43,8<br \/>\n40 San Miguel 43,4<br \/>\n41 Coquimbo 43,1<br \/>\n42 Tom\u00e9 42,8<br \/>\n43 Buin 42,4<br \/>\n44 Ovalle 42,2<br \/>\n45 Calama 42,1<br \/>\n46 Paine 41,6<br \/>\n47 Vallenar 41,5<br \/>\n48 Chill\u00e1n Viejo 41,2<br \/>\n49 Talagante 41,2<br \/>\n50 Antofagasta 40,4<br \/>\n51 La Calera 40,2<br \/>\n52 Rengo 40<br \/>\n53 Curic\u00f3 40<br \/>\n54 San Antonio 40<br \/>\n55 Los \u00c1ngeles 39,6<br \/>\n56 Colina 39,6<br \/>\n57 Quilicura 39,6<br \/>\n58 La Florida 38,9<br \/>\n59 Linares 38,8<br \/>\n60 Pe\u00f1alol\u00e9n 38,8<br \/>\n61 Lampa 38,8<br \/>\n62 Hualp\u00e9n 38,3<br \/>\n63 San Joaqu\u00edn 38,2<br \/>\n64 Arica 38<br \/>\n<strong><span style=\"color: #ff0000;\">65 San Felipe 37,8<\/span><\/strong><br \/>\n66 Lota 37,8<br \/>\n67 Padre Hurtado 37,2<br \/>\n68 Huechuraba 37,2<br \/>\n69 Valpara\u00edso 37,1<br \/>\n70 Puente Alto 36,9<br \/>\n71 Renca 36,4<br \/>\n72 Pe\u00f1aflor 36,2<br \/>\n73 Pudahuel 36,2<br \/>\n74 San Ram\u00f3n 35,5<br \/>\n75 San Carlos 35,2<br \/>\n76 Padre las Casas 33,9<br \/>\n77 La Granja 33,9<br \/>\n78 Alto Hospicio 33,4<br \/>\n79 Estaci\u00f3n Central 33,4<br \/>\n80 La Cisterna 32,8<br \/>\n81 Cerrillos 32,6<br \/>\n82 Recoleta 32,3<br \/>\n83 Iquique 32,1<br \/>\n84 Conchal\u00ed 30,7<br \/>\n85 Quinta Normal 30,1<br \/>\n86 Lo Prado 30<br \/>\n87 Independencia 30<br \/>\n88 San Bernardo 28,9<br \/>\n89 El Bosque 28<br \/>\n90 Cerro Navia 26,9<br \/>\n91 P.Aguirre Cerda 26,4<br \/>\n92 La Pintana 24,2<br \/>\n93 Lo Espejo 24,1<\/p>\n","protected":false},"excerpt":{"rendered":"<p>Mientras Los Andes se eleva al lugar 22 en todo el pa\u00eds, San Felipe baja al puesto 65, apenas sobre Valpara\u00edso. La ciudad de San Felipe registr\u00f3 un importante descenso en la&#8230;<\/p>\n","protected":false},"author":482,"featured_media":0,"comment_status":"open","ping_status":"open","sticky":false,"template":"","format":"standard","meta":{"advanced_seo_description":"","jetpack_seo_html_title":"","jetpack_seo_noindex":false,"_jetpack_memberships_contains_paid_content":false,"footnotes":""},"categories":[1],"tags":[],"class_list":["post-78807","post","type-post","status-publish","format-standard","hentry","category-cronica"],"jetpack_featured_media_url":"","jetpack_sharing_enabled":true,"jetpack_likes_enabled":true,"jetpack-related-posts":[],"_links":{"self":[{"href":"https:\/\/eltrabajo.cl\/portal\/wp-json\/wp\/v2\/posts\/78807","targetHints":{"allow":["GET"]}}],"collection":[{"href":"https:\/\/eltrabajo.cl\/portal\/wp-json\/wp\/v2\/posts"}],"about":[{"href":"https:\/\/eltrabajo.cl\/portal\/wp-json\/wp\/v2\/types\/post"}],"author":[{"embeddable":true,"href":"https:\/\/eltrabajo.cl\/portal\/wp-json\/wp\/v2\/users\/482"}],"replies":[{"embeddable":true,"href":"https:\/\/eltrabajo.cl\/portal\/wp-json\/wp\/v2\/comments?post=78807"}],"version-history":[{"count":0,"href":"https:\/\/eltrabajo.cl\/portal\/wp-json\/wp\/v2\/posts\/78807\/revisions"}],"wp:attachment":[{"href":"https:\/\/eltrabajo.cl\/portal\/wp-json\/wp\/v2\/media?parent=78807"}],"wp:term":[{"taxonomy":"category","embeddable":true,"href":"https:\/\/eltrabajo.cl\/portal\/wp-json\/wp\/v2\/categories?post=78807"},{"taxonomy":"post_tag","embeddable":true,"href":"https:\/\/eltrabajo.cl\/portal\/wp-json\/wp\/v2\/tags?post=78807"}],"curies":[{"name":"wp","href":"https:\/\/api.w.org\/{rel}","templated":true}]}}