{"id":78825,"date":"2017-05-10T06:04:01","date_gmt":"2017-05-10T10:04:01","guid":{"rendered":"http:\/\/www.eltrabajo.cl\/2017\/?p=78825"},"modified":"2017-05-10T06:04:01","modified_gmt":"2017-05-10T10:04:01","slug":"raul-delgado-confirmo-partida-de-cordova-y-que-no-jugaran-en-el-municipal","status":"publish","type":"post","link":"https:\/\/eltrabajo.cl\/portal\/raul-delgado-confirmo-partida-de-cordova-y-que-no-jugaran-en-el-municipal\/","title":{"rendered":"Ra\u00fal Delgado confirm\u00f3 partida de C\u00f3rdova y que no jugar\u00e1n en el Municipal"},"content":{"rendered":"<figure id=\"attachment_78826\" aria-describedby=\"caption-attachment-78826\" style=\"width: 580px\" class=\"wp-caption alignnone\"><img data-recalc-dims=\"1\" loading=\"lazy\" decoding=\"async\" class=\"size-full wp-image-78826\" src=\"https:\/\/i0.wp.com\/www.eltrabajo.cl\/2017\/wp-content\/uploads\/2017\/05\/juan-cordova.jpg?resize=580%2C349\" alt=\"Con su traspaso a Huachipato, Juan C\u00f3rdova dar\u00e1 un importante paso hacia adelante en su carrera.\" width=\"580\" height=\"349\" srcset=\"https:\/\/i0.wp.com\/eltrabajo.cl\/portal\/wp-content\/uploads\/2017\/05\/juan-cordova.jpg?w=580&amp;ssl=1 580w, https:\/\/i0.wp.com\/eltrabajo.cl\/portal\/wp-content\/uploads\/2017\/05\/juan-cordova.jpg?resize=200%2C120&amp;ssl=1 200w, https:\/\/i0.wp.com\/eltrabajo.cl\/portal\/wp-content\/uploads\/2017\/05\/juan-cordova.jpg?resize=300%2C181&amp;ssl=1 300w, https:\/\/i0.wp.com\/eltrabajo.cl\/portal\/wp-content\/uploads\/2017\/05\/juan-cordova.jpg?resize=249%2C150&amp;ssl=1 249w, https:\/\/i0.wp.com\/eltrabajo.cl\/portal\/wp-content\/uploads\/2017\/05\/juan-cordova.jpg?resize=400%2C241&amp;ssl=1 400w\" sizes=\"auto, (max-width: 580px) 100vw, 580px\" \/><figcaption id=\"caption-attachment-78826\" class=\"wp-caption-text\">Con su traspaso a Huachipato, Juan C\u00f3rdova dar\u00e1 un importante paso hacia adelante en su carrera.<\/figcaption><\/figure>\n<ul>\n<li><strong><span style=\"color: #ff0000;\">El mandam\u00e1s del Un\u00ed Un\u00ed tambi\u00e9n puso en duda la continuidad de C\u00e9sar Vigevani como entrenador del equipo de honor.<\/span> <\/strong><\/li>\n<\/ul>\n<p>El joven jugador Juan C\u00f3rdova dejar\u00e1 Uni\u00f3n San Felipe para jugar la pr\u00f3xima temporada en Huachipato, club de la Primera Divisi\u00f3n A, que adquiri\u00f3 el 50% del pase del volante formado en las canteras del Un\u00ed Un\u00ed, y que en la actualidad tambi\u00e9n es seleccionado juvenil canadiense.<br \/>\nLa informaci\u00f3n del traspaso del \u2018Corcho\u2019 al club acerero fue confirmada por el due\u00f1o de Uni\u00f3n San Felipe, Ra\u00fal Delgado, en una extensa entrevista concedida el d\u00eda de ayer a Eugenio Cornejo en Radio Aconcagua. \u201cSolo faltan detalles que afinar, ya que queremos incorporar dos jugadores (Ricardo Gonz\u00e1lez y Juan M\u00e9ndez) de ese club al nuestro, y durante la semana me reunir\u00e9 con sus representantes para acordar sus incorporaciones\u201d, afirm\u00f3 el m\u00e1ximo directivo del Un\u00ed Un\u00ed.<br \/>\nRespecto a la situaci\u00f3n del defensor central David Fern\u00e1ndez, el controlador de los albirrojos explic\u00f3 que es posible que el capit\u00e1n no siga en el club debido a que tendr\u00eda ofertas de equipos de la Primera A, las que de no llegar a concretarse abrir\u00edan la posibilidad que vuelva a jugar por los sanfelipe\u00f1os.<br \/>\nEn cuanto a Jorge \u2018Kike\u2019 Acu\u00f1a, el dirigente fue claro en que la opci\u00f3n que el volante vuelva a defender la divisa unionista, tal como lo informara ayer nuestro medio, es real y que su incorporaci\u00f3n solo depende de la decisi\u00f3n del entrenador, ya que en lo personal a \u00e9l le gusta la idea que el centrocampista vuelva al club.<br \/>\nSobre C\u00e9sar Vigevani, Delgado fue cauto y no garantiz\u00f3 que el t\u00e9cnico se mantenga en su puesto, ya que si bien es cierto \u00e9ste (Vigevani) tiene contrato vigente, se est\u00e1 evaluando su continuidad. \u201cEl equipo bajo su mando cumpli\u00f3 creo la peor campa\u00f1a desde que estamos en el club, no puedo estar conforme con lo que hizo\u201d, afirm\u00f3 el directivo, dejando abierta la posibilidad a que se produzca un cambio de entrenador para la pr\u00f3xima temporada.<\/p>\n<p><strong>NO M\u00c1S EN EL MUNICIPAL<\/strong><br \/>\nOtro punto que abord\u00f3 fue la permanencia del Un\u00ed en la ciudad: \u201cUni\u00f3n San Felipe es de la ciudad y queremos que siga siendo as\u00ed, pero en las condiciones actuales el estadio Municipal no est\u00e1 en condiciones de recibir un espect\u00e1culo de f\u00fatbol profesional; espero que el Alcalde (Patricio Freire) tome las medidas que correspondan y clausure el recinto, porque los informes de Carabineros dicen claramente que el estadio es un riesgo para la seguridad de la gente. Este estadio (Municipal) no est\u00e1 en condiciones para el f\u00fatbol profesional ni amateur; no lo digo yo (Delgado), sino que los informes de Carabineros, as\u00ed que mientras el estadio no est\u00e9 en condiciones no jugaremos en San Felipe\u201d, dijo de manera categ\u00f3rica.<\/p>\n<figure id=\"attachment_78827\" aria-describedby=\"caption-attachment-78827\" style=\"width: 580px\" class=\"wp-caption alignnone\"><img data-recalc-dims=\"1\" loading=\"lazy\" decoding=\"async\" class=\"size-full wp-image-78827\" src=\"https:\/\/i0.wp.com\/www.eltrabajo.cl\/2017\/wp-content\/uploads\/2017\/05\/raul-delgado.jpg?resize=580%2C349\" alt=\"El due\u00f1o del Un\u00ed dio importantes novedades del club, entre ellas que se mantiene firme la decisi\u00f3n de no ocupar el estadio Municipal mientras el recinto no sea sometido a mejoras reales y de fondo.\" width=\"580\" height=\"349\" srcset=\"https:\/\/i0.wp.com\/eltrabajo.cl\/portal\/wp-content\/uploads\/2017\/05\/raul-delgado.jpg?w=580&amp;ssl=1 580w, https:\/\/i0.wp.com\/eltrabajo.cl\/portal\/wp-content\/uploads\/2017\/05\/raul-delgado.jpg?resize=200%2C120&amp;ssl=1 200w, https:\/\/i0.wp.com\/eltrabajo.cl\/portal\/wp-content\/uploads\/2017\/05\/raul-delgado.jpg?resize=300%2C181&amp;ssl=1 300w, https:\/\/i0.wp.com\/eltrabajo.cl\/portal\/wp-content\/uploads\/2017\/05\/raul-delgado.jpg?resize=249%2C150&amp;ssl=1 249w, https:\/\/i0.wp.com\/eltrabajo.cl\/portal\/wp-content\/uploads\/2017\/05\/raul-delgado.jpg?resize=400%2C241&amp;ssl=1 400w\" sizes=\"auto, (max-width: 580px) 100vw, 580px\" \/><figcaption id=\"caption-attachment-78827\" class=\"wp-caption-text\">El due\u00f1o del Un\u00ed dio importantes novedades del club, entre ellas que se mantiene firme la decisi\u00f3n de no ocupar el estadio Municipal mientras el recinto no sea sometido a mejoras reales y de fondo.<\/figcaption><\/figure>\n","protected":false},"excerpt":{"rendered":"<p>El mandam\u00e1s del Un\u00ed Un\u00ed tambi\u00e9n puso en duda la continuidad de C\u00e9sar Vigevani como entrenador del equipo de honor. El joven jugador Juan C\u00f3rdova dejar\u00e1 Uni\u00f3n San Felipe para jugar la&#8230;<\/p>\n","protected":false},"author":482,"featured_media":78827,"comment_status":"open","ping_status":"open","sticky":false,"template":"","format":"standard","meta":{"advanced_seo_description":"","jetpack_seo_html_title":"","jetpack_seo_noindex":false,"_jetpack_memberships_contains_paid_content":false,"footnotes":""},"categories":[19],"tags":[],"class_list":["post-78825","post","type-post","status-publish","format-standard","has-post-thumbnail","hentry","category-deportes"],"jetpack_featured_media_url":"https:\/\/i0.wp.com\/eltrabajo.cl\/portal\/wp-content\/uploads\/2017\/05\/raul-delgado.jpg?fit=580%2C349&ssl=1","jetpack_sharing_enabled":true,"jetpack_likes_enabled":true,"jetpack-related-posts":[],"_links":{"self":[{"href":"https:\/\/eltrabajo.cl\/portal\/wp-json\/wp\/v2\/posts\/78825","targetHints":{"allow":["GET"]}}],"collection":[{"href":"https:\/\/eltrabajo.cl\/portal\/wp-json\/wp\/v2\/posts"}],"about":[{"href":"https:\/\/eltrabajo.cl\/portal\/wp-json\/wp\/v2\/types\/post"}],"author":[{"embeddable":true,"href":"https:\/\/eltrabajo.cl\/portal\/wp-json\/wp\/v2\/users\/482"}],"replies":[{"embeddable":true,"href":"https:\/\/eltrabajo.cl\/portal\/wp-json\/wp\/v2\/comments?post=78825"}],"version-history":[{"count":0,"href":"https:\/\/eltrabajo.cl\/portal\/wp-json\/wp\/v2\/posts\/78825\/revisions"}],"wp:featuredmedia":[{"embeddable":true,"href":"https:\/\/eltrabajo.cl\/portal\/wp-json\/wp\/v2\/media\/78827"}],"wp:attachment":[{"href":"https:\/\/eltrabajo.cl\/portal\/wp-json\/wp\/v2\/media?parent=78825"}],"wp:term":[{"taxonomy":"category","embeddable":true,"href":"https:\/\/eltrabajo.cl\/portal\/wp-json\/wp\/v2\/categories?post=78825"},{"taxonomy":"post_tag","embeddable":true,"href":"https:\/\/eltrabajo.cl\/portal\/wp-json\/wp\/v2\/tags?post=78825"}],"curies":[{"name":"wp","href":"https:\/\/api.w.org\/{rel}","templated":true}]}}