{"id":78841,"date":"2017-05-11T06:00:14","date_gmt":"2017-05-11T10:00:14","guid":{"rendered":"http:\/\/www.eltrabajo.cl\/2017\/?p=78841"},"modified":"2017-05-11T06:00:14","modified_gmt":"2017-05-11T10:00:14","slug":"indice-de-calidad-de-vida-no-demuestra-los-avances-de-la-comuna","status":"publish","type":"post","link":"https:\/\/eltrabajo.cl\/portal\/indice-de-calidad-de-vida-no-demuestra-los-avances-de-la-comuna\/","title":{"rendered":"\u00ab\u00cdndice de calidad de vida no demuestra los avances de la comuna\u00bb"},"content":{"rendered":"<figure id=\"attachment_78842\" aria-describedby=\"caption-attachment-78842\" style=\"width: 580px\" class=\"wp-caption alignnone\"><img data-recalc-dims=\"1\" loading=\"lazy\" decoding=\"async\" class=\"size-full wp-image-78842\" src=\"https:\/\/i0.wp.com\/www.eltrabajo.cl\/2017\/wp-content\/uploads\/2017\/05\/conferencia-de-prensa-calidad-de-vida2.jpg?resize=580%2C348\" alt=\"En conferencia de prensa el Alcalde Patricio Freire junto al asesor urbanista de la municipalidad, arquitecto Rodrigo Salinas, y el concejal Igor Carrasco se refirieron a la encuesta que sit\u00faa a San Felipe en el puesto 65.\" width=\"580\" height=\"348\" srcset=\"https:\/\/i0.wp.com\/eltrabajo.cl\/portal\/wp-content\/uploads\/2017\/05\/conferencia-de-prensa-calidad-de-vida2.jpg?w=580&amp;ssl=1 580w, https:\/\/i0.wp.com\/eltrabajo.cl\/portal\/wp-content\/uploads\/2017\/05\/conferencia-de-prensa-calidad-de-vida2.jpg?resize=200%2C120&amp;ssl=1 200w, https:\/\/i0.wp.com\/eltrabajo.cl\/portal\/wp-content\/uploads\/2017\/05\/conferencia-de-prensa-calidad-de-vida2.jpg?resize=300%2C180&amp;ssl=1 300w, https:\/\/i0.wp.com\/eltrabajo.cl\/portal\/wp-content\/uploads\/2017\/05\/conferencia-de-prensa-calidad-de-vida2.jpg?resize=250%2C150&amp;ssl=1 250w, https:\/\/i0.wp.com\/eltrabajo.cl\/portal\/wp-content\/uploads\/2017\/05\/conferencia-de-prensa-calidad-de-vida2.jpg?resize=400%2C240&amp;ssl=1 400w\" sizes=\"auto, (max-width: 580px) 100vw, 580px\" \/><figcaption id=\"caption-attachment-78842\" class=\"wp-caption-text\">En conferencia de prensa el Alcalde Patricio Freire junto al asesor urbanista de la municipalidad, arquitecto Rodrigo Salinas, y el concejal Igor Carrasco se refirieron a la encuesta que sit\u00faa a San Felipe en el puesto 65.<\/figcaption><\/figure>\n<ul>\n<li><span style=\"color: #ff0000;\"><strong>Asegura Alcalde Patricio Freire:<\/strong><\/span><\/li>\n<\/ul>\n<p>Por segundo a\u00f1o consecutivo la comuna de San Felipe aparece en el puesto 65 dentro del Indicador de Calidad de Vida Urbana realizado por la C\u00e1mara Chilena de la Construcci\u00f3n y el Instituto de Estudios Urbanos de la Universidad Cat\u00f3lica, documento que a juicio del Alcalde Patricio Freire no demostrar\u00eda los avances que ha registrado la comuna en los \u00faltimos a\u00f1os.<br \/>\nA su juicio esta medici\u00f3n no se\u00f1alar\u00eda las mejoras que se han realizado, por ejemplo, en el \u00e1rea de la Salud, que logr\u00f3 la acreditaci\u00f3n en calidad de uno de los centros de salud de la comuna, a lo que se suma la construcci\u00f3n de ciclov\u00edas, y el avance en aspectos de medio ambiente, como el trabajo que se realiza para contar con la ordenanza que elimina del comercio las bolsas pl\u00e1sticas.<br \/>\n\u00abEl 2016 tuvimos un ranking de 65 puntos, el 2017 tambi\u00e9n de 65 puntos y no estamos conformes con este ranking, sobre todo por todo lo que hemos hecho en la atenci\u00f3n primaria de Salud en lo que le compete al municipio. En Salud hemos tenido los mejores \u00edndices a nivel regional, y acreditado el Cesfam Segismundo Iturra como el mejor de la regi\u00f3n. Si se le pregunta a un vecino de San Felipe qu\u00e9 piensa de la conectividad urbana, va a encontrar que tenemos problemas, porque estamos construyendo ciclov\u00edas, y porque estamos reparando la ciudad. Estamos haciendo proyectos en toda la ciudad y no se refleja en este \u00edndice\u00bb, dijo el Alcalde Patricio Freire.<br \/>\nEl estudio contempl\u00f3 par\u00e1metros como vivienda y entorno, salud y medioambiente, condiciones socioculturales, ambiente de negocios, conectividad y movilidad y condiciones laborales.<br \/>\nEl jefe comunal de San Felipe destac\u00f3 el alto nivel de la inversi\u00f3n p\u00fablica y que se ha traducido en una serie de proyectos de mejoramiento para la comuna, y afirm\u00f3 que en el corto plazo se comenzar\u00e1 a dinamizar a\u00fan m\u00e1s la inversi\u00f3n privada con la construcci\u00f3n de edificios de departamentos y un centro comercial.<br \/>\nRodrigo Salinas, arquitecto y asesor urbanista de la municipalidad, explic\u00f3 que dentro del estudio existen variables de percepci\u00f3n de la comunidad, y que eval\u00faan, por ejemplo, el estado de las calles, estado de plazas, \u00edndices que se han visto afectados debido a que en los \u00faltimos a\u00f1os se han realizado trabajos que por d\u00e9cadas no se hab\u00edan visto en la comuna.<br \/>\n\u00abEntonces entendemos que si bien nos hemos mantenido y que no estamos conformes con los resultados de los \u00edndices, entendemos que hay una componente que podr\u00eda producir una desviaci\u00f3n en la encuesta en los \u00faltimos a\u00f1os en particular y tambi\u00e9n en el pr\u00f3ximo a\u00f1o, porque este a\u00f1o 2017 vamos a seguir con obras y a\u00fan mayores dentro de la comuna. Todos estos esfuerzos tienen el objetivo de mejorar la calidad de vida y se van a ver reflejados en la encuesta 2018 tal vez\u00bb.<br \/>\nEl profesional se\u00f1al\u00f3 que no es el objetivo del municipio disminuir el peso que tiene el indicador a nivel nacional y \u00abdebemos redoblar los esfuerzos para mejorar la calidad de vida de los habitantes de la comuna\u00bb, sostuvo.<br \/>\nEl concejal Igor Carrasco destac\u00f3 algunos aspectos positivos, se\u00f1alando que se est\u00e1 realizando un trabajo importante en salud y medio ambiente, con acciones concretas en beneficio de los vecinos, mientras que el concejal Mario Villanueva sostuvo que actualmente San Felipe est\u00e1 trabajando en el tema medio ambiental, con la ordenanza de \u00e1ridos, vida saludable, comida chatarra y reciclaje de vidrio, lo que significar\u00eda tambi\u00e9n mejorar las condiciones laborales, tanto de los sanfelipe\u00f1os como de aquellas personas que han elegido esta comuna para vivir junto a sus familias.<\/p>\n","protected":false},"excerpt":{"rendered":"<p>Asegura Alcalde Patricio Freire: Por segundo a\u00f1o consecutivo la comuna de San Felipe aparece en el puesto 65 dentro del Indicador de Calidad de Vida Urbana realizado por la C\u00e1mara Chilena de&#8230;<\/p>\n","protected":false},"author":482,"featured_media":78842,"comment_status":"open","ping_status":"open","sticky":false,"template":"","format":"standard","meta":{"advanced_seo_description":"","jetpack_seo_html_title":"","jetpack_seo_noindex":false,"_jetpack_memberships_contains_paid_content":false,"footnotes":""},"categories":[1],"tags":[],"class_list":["post-78841","post","type-post","status-publish","format-standard","has-post-thumbnail","hentry","category-cronica"],"jetpack_featured_media_url":"https:\/\/i0.wp.com\/eltrabajo.cl\/portal\/wp-content\/uploads\/2017\/05\/conferencia-de-prensa-calidad-de-vida2.jpg?fit=580%2C348&ssl=1","jetpack_sharing_enabled":true,"jetpack_likes_enabled":true,"jetpack-related-posts":[],"_links":{"self":[{"href":"https:\/\/eltrabajo.cl\/portal\/wp-json\/wp\/v2\/posts\/78841","targetHints":{"allow":["GET"]}}],"collection":[{"href":"https:\/\/eltrabajo.cl\/portal\/wp-json\/wp\/v2\/posts"}],"about":[{"href":"https:\/\/eltrabajo.cl\/portal\/wp-json\/wp\/v2\/types\/post"}],"author":[{"embeddable":true,"href":"https:\/\/eltrabajo.cl\/portal\/wp-json\/wp\/v2\/users\/482"}],"replies":[{"embeddable":true,"href":"https:\/\/eltrabajo.cl\/portal\/wp-json\/wp\/v2\/comments?post=78841"}],"version-history":[{"count":0,"href":"https:\/\/eltrabajo.cl\/portal\/wp-json\/wp\/v2\/posts\/78841\/revisions"}],"wp:featuredmedia":[{"embeddable":true,"href":"https:\/\/eltrabajo.cl\/portal\/wp-json\/wp\/v2\/media\/78842"}],"wp:attachment":[{"href":"https:\/\/eltrabajo.cl\/portal\/wp-json\/wp\/v2\/media?parent=78841"}],"wp:term":[{"taxonomy":"category","embeddable":true,"href":"https:\/\/eltrabajo.cl\/portal\/wp-json\/wp\/v2\/categories?post=78841"},{"taxonomy":"post_tag","embeddable":true,"href":"https:\/\/eltrabajo.cl\/portal\/wp-json\/wp\/v2\/tags?post=78841"}],"curies":[{"name":"wp","href":"https:\/\/api.w.org\/{rel}","templated":true}]}}