{"id":78844,"date":"2017-05-11T06:01:54","date_gmt":"2017-05-11T10:01:54","guid":{"rendered":"http:\/\/www.eltrabajo.cl\/2017\/?p=78844"},"modified":"2017-05-11T06:01:54","modified_gmt":"2017-05-11T10:01:54","slug":"enfermos-lamentan-que-auge-no-cumpla-entrega-de-medicamentos","status":"publish","type":"post","link":"https:\/\/eltrabajo.cl\/portal\/enfermos-lamentan-que-auge-no-cumpla-entrega-de-medicamentos\/","title":{"rendered":"Enfermos lamentan que Auge no cumpla entrega de medicamentos"},"content":{"rendered":"<figure id=\"attachment_78845\" aria-describedby=\"caption-attachment-78845\" style=\"width: 580px\" class=\"wp-caption alignnone\"><img data-recalc-dims=\"1\" loading=\"lazy\" decoding=\"async\" class=\"size-full wp-image-78845\" src=\"https:\/\/i0.wp.com\/www.eltrabajo.cl\/2017\/wp-content\/uploads\/2017\/05\/Lupus.jpg?resize=580%2C350\" alt=\"La Directiva de la Agrupaci\u00f3n Lupus Valle de Aconcagua, encabezada por Beti Palma Morales.\" width=\"580\" height=\"350\" srcset=\"https:\/\/i0.wp.com\/eltrabajo.cl\/portal\/wp-content\/uploads\/2017\/05\/Lupus.jpg?w=580&amp;ssl=1 580w, https:\/\/i0.wp.com\/eltrabajo.cl\/portal\/wp-content\/uploads\/2017\/05\/Lupus.jpg?resize=200%2C121&amp;ssl=1 200w, https:\/\/i0.wp.com\/eltrabajo.cl\/portal\/wp-content\/uploads\/2017\/05\/Lupus.jpg?resize=300%2C181&amp;ssl=1 300w, https:\/\/i0.wp.com\/eltrabajo.cl\/portal\/wp-content\/uploads\/2017\/05\/Lupus.jpg?resize=249%2C150&amp;ssl=1 249w, https:\/\/i0.wp.com\/eltrabajo.cl\/portal\/wp-content\/uploads\/2017\/05\/Lupus.jpg?resize=400%2C241&amp;ssl=1 400w\" sizes=\"auto, (max-width: 580px) 100vw, 580px\" \/><figcaption id=\"caption-attachment-78845\" class=\"wp-caption-text\">La Directiva de la Agrupaci\u00f3n Lupus Valle de Aconcagua, encabezada por Beti Palma Morales.<\/figcaption><\/figure>\n<ul>\n<li><span style=\"color: #ff0000;\"><strong>En celebraci\u00f3n del D\u00eda Mundial del Lupus:<\/strong><\/span><\/li>\n<\/ul>\n<p>En el D\u00eda Mundial del Lupus, la Agrupaci\u00f3n Lupus Valle del Aconcagua lo conmemor\u00f3 difundiendo los aspectos principales de esta enfermedad que afecta al sistema inmunol\u00f3gico.<br \/>\nLa presidenta de la Agrupaci\u00f3n, Beti Palma Molares, dijo que esta enfermedad es de origen reumatoide; \u00abqu\u00e9 quiere decir en palabras m\u00e1s sencillas, nosotros tenemos en nuestro torrente sangu\u00edneo gl\u00f3bulos rojos y blancos, adem\u00e1s de prote\u00ednas, vitaminas; los gl\u00f3bulos blancos son los encargados de defendernos de un ataque de virus, bacterias. Cuando uno tiene una enfermedad que afecta al sistema inmunol\u00f3gico como el Lupus, en este caso los gl\u00f3bulos blancos a nosotros en vez de defendernos, nos atacan, eso es lo principal de esta enfermedad, entonces atacando a cualquiera de nuestros \u00f3rganos nos vemos afectados\u00bb.<br \/>\nEl Lupus es una enfermedad que se caracteriza por pasar por periodos de remisi\u00f3n, que es cuando parece que la persona est\u00e1 sana y un periodo de brote l\u00fapico, que es cuando se activa la enfermedad.<br \/>\nLa enfermedad se puede activar por medio de los rayos ultravioleta, que afecta considerablemente a las personas que padecen esta enfermedad.<br \/>\n\u00abComo digo, puede afectar cualquiera de nuestros \u00f3rganos, principalmente nuestros \u00f3rganos mayores, empezando por la piel, y que cuando afecta a las articulaciones es cuando a la persona le cuesta caminar, se inflaman las articulaciones entonces y al inflamarse hay dolor, tambi\u00e9n hay manifestaciones como un dolor fuerte en el pecho, ante eso uno va al cardi\u00f3logo; dolor intenso en la espalda\u2026 terrible, uno va al broncopulmonar. Afecta a la sangre, andamos bostezando todo el d\u00eda, tenemos una anemia ah\u00ed, vamos al hemat\u00f3logo. Son muchos los s\u00edntomas de esta enfermedad que todav\u00eda es de dif\u00edcil detecci\u00f3n\u00bb, dice Palma<br \/>\n&#8211; \u00bfEs dif\u00edcil prevenirla?<br \/>\n&#8211; \u00abQue es de dif\u00edcil detecci\u00f3n porque puede afectar a cualquiera de nuestros \u00f3rganos\u00bb.<br \/>\n&#8211; \u00bfCu\u00e1ntas personas en el Valle de Aconcagua padecen de esta enfermedad?<br \/>\n&#8211; \u00abCon lupus tenemos en nuestra agrupaci\u00f3n -pero deben haber muchas m\u00e1s-, sesenta y tres pacientes tenemos registrados. Como le digo, pueden haber muchos m\u00e1s\u00bb.<br \/>\nLos integrantes de la agrupaci\u00f3n se juntan una vez al mes en reuniones de car\u00e1cter educativa, es decir hay profesionales de la salud que los apoyan ayud\u00e1ndoles a conocer su enfermedad, ya que mientras mejor conozcan su enfermedad, mejor se pueden ayudar a s\u00ed mismos, \u00abporque voy sabiendo lo que me est\u00e1 sucediendo\u2026 no me asusto, porque como son muchos los s\u00edntomas digo esto es un problema de la enfermedad\u00bb, dice Beti.<br \/>\n&#8211; \u00bfCu\u00e1l puede ser el s\u00edntoma m\u00e1s com\u00fan de esta enfermedad?<br \/>\n&#8211; \u00abInflamaci\u00f3n de las articulaciones, generalmente se manifiesta as\u00ed, o un cansancio excesivo sin motivo de haber subido un cerro por ejemplo, lo otro se cae el pelo en el proceso del brote lupico no el de remisi\u00f3n\u00bb.<br \/>\n&#8211; \u00bfEst\u00e1n en el Auge o GES hoy en d\u00eda?<br \/>\n&#8211; \u00abLa enfermedad est\u00e1 en el mal llamado Auge, porque el Auge no da cumplimiento a todo lo que estipula, por ejemplo una paciente de nuestra agrupaci\u00f3n debe tomar todos los d\u00edas de su vida un medicamento\u2026 por el Auge le dan diez pastillas de treinta que ella consume al mes\u2026 me entiende\u00bb.<br \/>\n&#8211; \u00bfQu\u00e9 pasa con lo dem\u00e1s, las pastillas restantes?<br \/>\n&#8211; \u00abEl Servicio de Salud Aconcagua dice que no tienen m\u00e1s medicamentos, o el plaquinol que es el medicamento de base\u2026 que es la droga de base que nosotros debi\u00e9ramos tomar el resto de nuestras vidas, si es que Dios nos tiene misericordia y nos permite sanarnos de la enfermedad\u00bb.<br \/>\n&#8211; Es decir la persona toma diez, \u00bfy qu\u00e9 pasa con los otros veinte d\u00edas?<br \/>\n&#8211; \u00abPara los otros d\u00edas tiene que compr\u00e1rselo y es un medicamento muy caro\u00bb.<br \/>\n&#8211; \u00bfCu\u00e1nto vale?<br \/>\n&#8211; \u00abSetenta y dos mil pesos\u00bb<br \/>\n&#8211; \u00bfCu\u00e1nto trae esa caja?<br \/>\n&#8211; \u00abTreinta, pero el Servicio de Salud Aconcagua tiene para proporcionarle diez. Qu\u00e9 hace ese paciente los veinte d\u00edas restantes del mes, es llamado mal Auge, porque se dice que gracias al Auge les regalan los medicamentos a los pacientes y eso no es as\u00ed. Tampoco hay consultas m\u00e9dicas. El texto del GES dice que un paciente con lupus debe ser peri\u00f3dicamente evaluado. \u00bfPor qu\u00e9 evaluado?, porque en el tratamiento nosotros tomamos droga, un paciente no puede tomar droga sin una supervisi\u00f3n m\u00e9dica\u00bb.<br \/>\n&#8211; \u00bfQu\u00e9 pasa con eso?<br \/>\n&#8211; \u00abEl Ministerio dice que est\u00e1 bien\u2026 que esto est\u00e1 funcionando, en la cuenta p\u00fablica del Servicio de Salud Aconcagua hace dos o tres semanas, la directora dijo que se han cumplido todos los protocolos para el Auge, todos los pacientes tienen sus medicamentos\u2026 nosotros que somos pacientes sabemos que no es as\u00ed\u00bb.<br \/>\nCabe destacar que en Chile son m\u00e1s de 17 mil personas las que padecen esta enfermedad.<\/p>\n","protected":false},"excerpt":{"rendered":"<p>En celebraci\u00f3n del D\u00eda Mundial del Lupus: En el D\u00eda Mundial del Lupus, la Agrupaci\u00f3n Lupus Valle del Aconcagua lo conmemor\u00f3 difundiendo los aspectos principales de esta enfermedad que afecta al sistema&#8230;<\/p>\n","protected":false},"author":482,"featured_media":78845,"comment_status":"open","ping_status":"open","sticky":false,"template":"","format":"standard","meta":{"advanced_seo_description":"","jetpack_seo_html_title":"","jetpack_seo_noindex":false,"_jetpack_memberships_contains_paid_content":false,"footnotes":""},"categories":[15],"tags":[],"class_list":["post-78844","post","type-post","status-publish","format-standard","has-post-thumbnail","hentry","category-comunidad"],"jetpack_featured_media_url":"https:\/\/i0.wp.com\/eltrabajo.cl\/portal\/wp-content\/uploads\/2017\/05\/Lupus.jpg?fit=580%2C350&ssl=1","jetpack_sharing_enabled":true,"jetpack_likes_enabled":true,"jetpack-related-posts":[],"_links":{"self":[{"href":"https:\/\/eltrabajo.cl\/portal\/wp-json\/wp\/v2\/posts\/78844","targetHints":{"allow":["GET"]}}],"collection":[{"href":"https:\/\/eltrabajo.cl\/portal\/wp-json\/wp\/v2\/posts"}],"about":[{"href":"https:\/\/eltrabajo.cl\/portal\/wp-json\/wp\/v2\/types\/post"}],"author":[{"embeddable":true,"href":"https:\/\/eltrabajo.cl\/portal\/wp-json\/wp\/v2\/users\/482"}],"replies":[{"embeddable":true,"href":"https:\/\/eltrabajo.cl\/portal\/wp-json\/wp\/v2\/comments?post=78844"}],"version-history":[{"count":0,"href":"https:\/\/eltrabajo.cl\/portal\/wp-json\/wp\/v2\/posts\/78844\/revisions"}],"wp:featuredmedia":[{"embeddable":true,"href":"https:\/\/eltrabajo.cl\/portal\/wp-json\/wp\/v2\/media\/78845"}],"wp:attachment":[{"href":"https:\/\/eltrabajo.cl\/portal\/wp-json\/wp\/v2\/media?parent=78844"}],"wp:term":[{"taxonomy":"category","embeddable":true,"href":"https:\/\/eltrabajo.cl\/portal\/wp-json\/wp\/v2\/categories?post=78844"},{"taxonomy":"post_tag","embeddable":true,"href":"https:\/\/eltrabajo.cl\/portal\/wp-json\/wp\/v2\/tags?post=78844"}],"curies":[{"name":"wp","href":"https:\/\/api.w.org\/{rel}","templated":true}]}}