{"id":78847,"date":"2017-05-11T06:02:46","date_gmt":"2017-05-11T10:02:46","guid":{"rendered":"http:\/\/www.eltrabajo.cl\/2017\/?p=78847"},"modified":"2017-05-11T06:02:46","modified_gmt":"2017-05-11T10:02:46","slug":"hoy-y-manana-nos-impactara-el-frente-lluvioso-en-el-valle-aconcagua","status":"publish","type":"post","link":"https:\/\/eltrabajo.cl\/portal\/hoy-y-manana-nos-impactara-el-frente-lluvioso-en-el-valle-aconcagua\/","title":{"rendered":"Hoy y ma\u00f1ana nos impactar\u00e1 el frente lluvioso en el Valle Aconcagua"},"content":{"rendered":"<figure id=\"attachment_78849\" aria-describedby=\"caption-attachment-78849\" style=\"width: 580px\" class=\"wp-caption alignnone\"><img data-recalc-dims=\"1\" loading=\"lazy\" decoding=\"async\" class=\"size-full wp-image-78849\" src=\"https:\/\/i0.wp.com\/www.eltrabajo.cl\/2017\/wp-content\/uploads\/2017\/05\/Lluvias1.jpg?resize=580%2C348\" alt=\"A PREVENIR HOY.- Los chubascos de ayer mi\u00e9rcoles pusieron en apuros a m\u00e1s de uno, hoy y ma\u00f1ana se esperan intensas lluvias en el Valle Aconcagua.\" width=\"580\" height=\"348\" srcset=\"https:\/\/i0.wp.com\/eltrabajo.cl\/portal\/wp-content\/uploads\/2017\/05\/Lluvias1.jpg?w=580&amp;ssl=1 580w, https:\/\/i0.wp.com\/eltrabajo.cl\/portal\/wp-content\/uploads\/2017\/05\/Lluvias1.jpg?resize=200%2C120&amp;ssl=1 200w, https:\/\/i0.wp.com\/eltrabajo.cl\/portal\/wp-content\/uploads\/2017\/05\/Lluvias1.jpg?resize=300%2C180&amp;ssl=1 300w, https:\/\/i0.wp.com\/eltrabajo.cl\/portal\/wp-content\/uploads\/2017\/05\/Lluvias1.jpg?resize=250%2C150&amp;ssl=1 250w, https:\/\/i0.wp.com\/eltrabajo.cl\/portal\/wp-content\/uploads\/2017\/05\/Lluvias1.jpg?resize=400%2C240&amp;ssl=1 400w\" sizes=\"auto, (max-width: 580px) 100vw, 580px\" \/><figcaption id=\"caption-attachment-78849\" class=\"wp-caption-text\">A PREVENIR HOY.- Los chubascos de ayer mi\u00e9rcoles pusieron en apuros a m\u00e1s de uno, hoy y ma\u00f1ana se esperan intensas lluvias en el Valle Aconcagua.<\/figcaption><\/figure>\n<ul>\n<li><span style=\"color: #ff0000;\"><strong>Pronostican ca\u00edda de unos 60 mm. en dos d\u00edas:<\/strong><\/span><\/li>\n<\/ul>\n<p>Luego que la Direcci\u00f3n Meteorol\u00f3gica de Chile anunciara desde hace varios d\u00edas un importante frente de mal tiempo que tendr\u00eda su mayor intensidad hoy jueves y ma\u00f1ana viernes en el Valle de Aconcagua, donde caer\u00edan unos 60 mm. de aguas lluvias, la gran sorpresa para los sanfelipe\u00f1os la experimentaron ayer mi\u00e9rcoles con los chubascos que durante todo el d\u00eda cayeron en nuestro sediento valle.<br \/>\nDiario El Trabajo habl\u00f3 ayer con el encargado de la estaci\u00f3n meteorol\u00f3gica de la Escuela Agr\u00edcola, Miguel Cuevas, quien nos explic\u00f3 que \u00ablas lluvias est\u00e1n pronosticadas para este jueves y viernes, esto es bueno para la fruta. Se anuncia que ser\u00e1n unos 60 mm. que caer\u00e1n durante todo el evento, estamos hablando aqu\u00ed de chubascos este jueves hasta el mediod\u00eda, seguir\u00e1 en la tarde con fuertes lluvias y tambi\u00e9n en la noche. Para el viernes ser\u00e1 muy parecido, chubascos y fuertes lluvias\u00bb, dijo Cuevas.<br \/>\nSeg\u00fan don Miguel, estas lluvias ser\u00e1n m\u00e1s que bienvenidas, pues \u00abcuando los frentes lluviosos son anunciados procedentes del norte, de Coquimbo por ejemplo, esas lluvias son buenas y muy fuertes, como lo es en el caso de esta semana, pero cuando las lluvias son anunciadas procedentes de Valpara\u00edso y Vi\u00f1a, generalmente esas aguas se quedan en esa zona del puerto, llega muy poco al Valle Aconcagua\u00bb.<br \/>\nLas c\u00e1maras de Diario El Trabajo tomaron registro del comportamiento del clima ayer mi\u00e9rcoles, en la zona urbana de San Felipe nos encontramos con algunos sectores ligeramente inundados, pero sin colapsar alguna v\u00eda.<br \/>\n<strong>Roberto Gonz\u00e1lez Short<\/strong><\/p>\n<figure id=\"attachment_78850\" aria-describedby=\"caption-attachment-78850\" style=\"width: 580px\" class=\"wp-caption alignnone\"><img data-recalc-dims=\"1\" loading=\"lazy\" decoding=\"async\" class=\"size-full wp-image-78850\" src=\"https:\/\/i0.wp.com\/www.eltrabajo.cl\/2017\/wp-content\/uploads\/2017\/05\/Lluvias2.jpg?resize=580%2C349\" alt=\"FRENTE LLUVIOSO.- Si este era el panorama ayer mi\u00e9rcoles con un par de chubascos, \u00bfqu\u00e9 nos espera para hoy y ma\u00f1ana?\" width=\"580\" height=\"349\" srcset=\"https:\/\/i0.wp.com\/eltrabajo.cl\/portal\/wp-content\/uploads\/2017\/05\/Lluvias2.jpg?w=580&amp;ssl=1 580w, https:\/\/i0.wp.com\/eltrabajo.cl\/portal\/wp-content\/uploads\/2017\/05\/Lluvias2.jpg?resize=200%2C120&amp;ssl=1 200w, https:\/\/i0.wp.com\/eltrabajo.cl\/portal\/wp-content\/uploads\/2017\/05\/Lluvias2.jpg?resize=300%2C181&amp;ssl=1 300w, https:\/\/i0.wp.com\/eltrabajo.cl\/portal\/wp-content\/uploads\/2017\/05\/Lluvias2.jpg?resize=249%2C150&amp;ssl=1 249w, https:\/\/i0.wp.com\/eltrabajo.cl\/portal\/wp-content\/uploads\/2017\/05\/Lluvias2.jpg?resize=400%2C241&amp;ssl=1 400w\" sizes=\"auto, (max-width: 580px) 100vw, 580px\" \/><figcaption id=\"caption-attachment-78850\" class=\"wp-caption-text\">FRENTE LLUVIOSO.- Si este era el panorama ayer mi\u00e9rcoles con un par de chubascos, \u00bfqu\u00e9 nos espera para hoy y ma\u00f1ana?<\/figcaption><\/figure>\n<figure id=\"attachment_78848\" aria-describedby=\"caption-attachment-78848\" style=\"width: 579px\" class=\"wp-caption alignnone\"><img data-recalc-dims=\"1\" loading=\"lazy\" decoding=\"async\" class=\"size-full wp-image-78848\" src=\"https:\/\/i0.wp.com\/www.eltrabajo.cl\/2017\/wp-content\/uploads\/2017\/05\/lluvias-Miguel-Cuevas.jpg?resize=579%2C576\" alt=\"Encargado de la estaci\u00f3n meteorol\u00f3gica de la Escuela Agr\u00edcola, Miguel Cuevas.\" width=\"579\" height=\"576\" srcset=\"https:\/\/i0.wp.com\/eltrabajo.cl\/portal\/wp-content\/uploads\/2017\/05\/lluvias-Miguel-Cuevas.jpg?w=579&amp;ssl=1 579w, https:\/\/i0.wp.com\/eltrabajo.cl\/portal\/wp-content\/uploads\/2017\/05\/lluvias-Miguel-Cuevas.jpg?resize=151%2C150&amp;ssl=1 151w, https:\/\/i0.wp.com\/eltrabajo.cl\/portal\/wp-content\/uploads\/2017\/05\/lluvias-Miguel-Cuevas.jpg?resize=300%2C298&amp;ssl=1 300w, https:\/\/i0.wp.com\/eltrabajo.cl\/portal\/wp-content\/uploads\/2017\/05\/lluvias-Miguel-Cuevas.jpg?resize=400%2C398&amp;ssl=1 400w\" sizes=\"auto, (max-width: 579px) 100vw, 579px\" \/><figcaption id=\"caption-attachment-78848\" class=\"wp-caption-text\">Encargado de la estaci\u00f3n meteorol\u00f3gica de la Escuela Agr\u00edcola, Miguel Cuevas.<\/figcaption><\/figure>\n","protected":false},"excerpt":{"rendered":"<p>Pronostican ca\u00edda de unos 60 mm. en dos d\u00edas: Luego que la Direcci\u00f3n Meteorol\u00f3gica de Chile anunciara desde hace varios d\u00edas un importante frente de mal tiempo que tendr\u00eda su mayor intensidad&#8230;<\/p>\n","protected":false},"author":482,"featured_media":78850,"comment_status":"open","ping_status":"open","sticky":false,"template":"","format":"standard","meta":{"advanced_seo_description":"","jetpack_seo_html_title":"","jetpack_seo_noindex":false,"_jetpack_memberships_contains_paid_content":false,"footnotes":""},"categories":[1],"tags":[],"class_list":["post-78847","post","type-post","status-publish","format-standard","has-post-thumbnail","hentry","category-cronica"],"jetpack_featured_media_url":"https:\/\/i0.wp.com\/eltrabajo.cl\/portal\/wp-content\/uploads\/2017\/05\/Lluvias2.jpg?fit=580%2C349&ssl=1","jetpack_sharing_enabled":true,"jetpack_likes_enabled":true,"jetpack-related-posts":[],"_links":{"self":[{"href":"https:\/\/eltrabajo.cl\/portal\/wp-json\/wp\/v2\/posts\/78847","targetHints":{"allow":["GET"]}}],"collection":[{"href":"https:\/\/eltrabajo.cl\/portal\/wp-json\/wp\/v2\/posts"}],"about":[{"href":"https:\/\/eltrabajo.cl\/portal\/wp-json\/wp\/v2\/types\/post"}],"author":[{"embeddable":true,"href":"https:\/\/eltrabajo.cl\/portal\/wp-json\/wp\/v2\/users\/482"}],"replies":[{"embeddable":true,"href":"https:\/\/eltrabajo.cl\/portal\/wp-json\/wp\/v2\/comments?post=78847"}],"version-history":[{"count":0,"href":"https:\/\/eltrabajo.cl\/portal\/wp-json\/wp\/v2\/posts\/78847\/revisions"}],"wp:featuredmedia":[{"embeddable":true,"href":"https:\/\/eltrabajo.cl\/portal\/wp-json\/wp\/v2\/media\/78850"}],"wp:attachment":[{"href":"https:\/\/eltrabajo.cl\/portal\/wp-json\/wp\/v2\/media?parent=78847"}],"wp:term":[{"taxonomy":"category","embeddable":true,"href":"https:\/\/eltrabajo.cl\/portal\/wp-json\/wp\/v2\/categories?post=78847"},{"taxonomy":"post_tag","embeddable":true,"href":"https:\/\/eltrabajo.cl\/portal\/wp-json\/wp\/v2\/tags?post=78847"}],"curies":[{"name":"wp","href":"https:\/\/api.w.org\/{rel}","templated":true}]}}