{"id":78853,"date":"2017-05-11T06:03:56","date_gmt":"2017-05-11T10:03:56","guid":{"rendered":"http:\/\/www.eltrabajo.cl\/2017\/?p=78853"},"modified":"2017-05-11T06:03:56","modified_gmt":"2017-05-11T10:03:56","slug":"sanfelipenas-representaran-a-chile-en-mundial-de-danza-en-estados-unidos","status":"publish","type":"post","link":"https:\/\/eltrabajo.cl\/portal\/sanfelipenas-representaran-a-chile-en-mundial-de-danza-en-estados-unidos\/","title":{"rendered":"Sanfelipe\u00f1as representar\u00e1n a Chile en mundial de Danza en Estados Unidos"},"content":{"rendered":"<figure id=\"attachment_78855\" aria-describedby=\"caption-attachment-78855\" style=\"width: 580px\" class=\"wp-caption alignnone\"><img data-recalc-dims=\"1\" loading=\"lazy\" decoding=\"async\" class=\"size-full wp-image-78855\" src=\"https:\/\/i0.wp.com\/www.eltrabajo.cl\/2017\/wp-content\/uploads\/2017\/05\/media-punta-2.jpg?resize=580%2C349\" alt=\"Academia de danza sanfelipe\u00f1a \u2018Media Punta\u2019, se gan\u00f3 el derecho de representar a Chile en el mundial de la disciplina que se desarrollar\u00e1 en Estados Unidos.\" width=\"580\" height=\"349\" srcset=\"https:\/\/i0.wp.com\/eltrabajo.cl\/portal\/wp-content\/uploads\/2017\/05\/media-punta-2.jpg?w=580&amp;ssl=1 580w, https:\/\/i0.wp.com\/eltrabajo.cl\/portal\/wp-content\/uploads\/2017\/05\/media-punta-2.jpg?resize=200%2C120&amp;ssl=1 200w, https:\/\/i0.wp.com\/eltrabajo.cl\/portal\/wp-content\/uploads\/2017\/05\/media-punta-2.jpg?resize=300%2C181&amp;ssl=1 300w, https:\/\/i0.wp.com\/eltrabajo.cl\/portal\/wp-content\/uploads\/2017\/05\/media-punta-2.jpg?resize=249%2C150&amp;ssl=1 249w, https:\/\/i0.wp.com\/eltrabajo.cl\/portal\/wp-content\/uploads\/2017\/05\/media-punta-2.jpg?resize=400%2C241&amp;ssl=1 400w\" sizes=\"auto, (max-width: 580px) 100vw, 580px\" \/><figcaption id=\"caption-attachment-78855\" class=\"wp-caption-text\">Academia de danza sanfelipe\u00f1a \u2018Media Punta\u2019, se gan\u00f3 el derecho de representar a Chile en el mundial de la disciplina que se desarrollar\u00e1 en Estados Unidos.<\/figcaption><\/figure>\n<ul>\n<li><strong><span style=\"color: #ff0000;\">Academia de Danza \u2018Media Punta\u2019:\u00a0<\/span>Certamen planetario de la disciplina se realiza en el mes de noviembre, pero requiere de una alta cifra de dinero para asegurar la participaci\u00f3n de las 30 competidoras: unos 900 mil pesos por cada una.<\/strong><\/li>\n<\/ul>\n<p>El pasado 6 de mayo, la academia de danza sanfelipe\u00f1a \u2018Media Punta\u2019, obtuvo su mayor logro desde su nacimiento el a\u00f1o 2013: Particip\u00f3 con tres distintas categor\u00edas en el certamen \u2018All Dance International Chile\u2019, realizado en el Teatro Cariola, en Santiago, consiguiendo uno de los tres cupos para formar parte en noviembre pr\u00f3ximo del \u2018WorldAll Dance\u2019, instancia que congregar\u00e1 en Orlando, Florida, Estados Unidos, a lo m\u00e1s selecto de la danza de los cinco continentes.<br \/>\nLa clasificaci\u00f3n de \u2018Media Punta\u2019 a la instancia planetaria, se dio luego que una de las coreograf\u00edas preparadas por las chicas sanfelipe\u00f1as, fuera categorizada como una de las tres mejores presentaciones de todos los representativos provenientes de distintas regiones del pa\u00eds.<br \/>\nLa directora e instructora de la academia, Karen Cataldo Pino, Profesora de Educaci\u00f3n F\u00edsica (con especializaci\u00f3n y estudios internacionales en danza), cont\u00f3 que la competencia se realiz\u00f3 por primera vez en Chile de acuerdo a \u201cun formato gringo\u201d, con un \u201cmuy alto nivel y de muy buena calidad art\u00edstica\u201d, detall\u00f3 la maestra.<br \/>\nAll Dance, es una organizaci\u00f3n internacional que busca \u2018hacer de la danza una industria\u2019, Sus convocatorias recorren el mundo con el objetivo de reclutar a los mejores exponentes de la disciplina.<br \/>\nLas sanfelipe\u00f1as acudieron a la cita con las categor\u00edas: infantil (de 9 a 11 a\u00f1os), juveniles 1 (de 12 a 14 a\u00f1os) y juveniles 2 de 14 a 17 a\u00f1os; siendo \u00e9stas \u00faltimas las que se ganaron la responsabilidad de representar a Chile en el mundial de danza.<br \/>\n\u201cEsta es una disciplina s\u00faper desconocida, tenemos muy poco campo, por eso todo esto para nosotros como bailarines fue una experiencia m\u00e1xima, fue tremendo porque el formato gringo que tra\u00edan muy responsable, todo muy bien organizado, con pantallas gigantes, todo un espect\u00e1culo maravilloso, as\u00ed que estamos felices, para m\u00ed como directora y profesora este es mi mejor pago\u201d, a\u00f1adi\u00f3 Cataldo.<br \/>\nLa profesional siente que esta es una gran oportunidad para las ni\u00f1as, sobre todo, pensando en que la esencia de la academia es m\u00e1s formativa que competitiva, reconociendo que nunca esperaron tan buenos resultados y que su participaci\u00f3n en el AllDance Chile fue \u201cpara probar suerte\u201d.<br \/>\nSeg\u00fan argument\u00f3 la docente, \u201clas chicas tuvieron que pagar como 20 d\u00f3lares (unos 14 mil pesos) cada una por una coreograf\u00eda\u2026 nosotros somos una academia s\u00faper chica, que entrenamos mucho, pero no seleccionamos por talento, el \u00fanico requisito es tener responsabilidad y amar bailar\u201d.<\/p>\n<p><strong>COSTOSO VIAJE<\/strong><br \/>\nLamentablemente, el haberse ganado un cupo para viajar a Estados Unidos como representante de Chile, no le entrega ning\u00fan tipo de beneficio econ\u00f3mico a la Academia sanfelipe\u00f1a, y por tratarse de una entidad particular, ser\u00e1n las propias familias de las 30 bailarinas clasificadas, las que tengan que cubrir los gastos de pasajes y estad\u00eda por 5 d\u00edas en el pa\u00eds norteamericano.<br \/>\n\u201cTengo chicas que quiz\u00e1s \u00e9sta sea la primera y \u00faltima vez que puedan viajar a otro pa\u00eds haciendo lo que m\u00e1s aman, que es bailar. Cada chica debe contar con cerca de 900 mil pesos para poder financiar este viaje, por eso hacemos el llamado para que cada vez que vayamos a bailar, a presentarnos en alg\u00fan lugar, nos apoyen; si hay alguien que quiere ser nuestro auspiciador, lo ponemos en nuestras poleras y nos presentamos all\u00e1 (USA) con ellas, toda ayuda es bienvenida\u201d, enfatiz\u00f3 Cataldo.<\/p>\n<figure id=\"attachment_78854\" aria-describedby=\"caption-attachment-78854\" style=\"width: 580px\" class=\"wp-caption alignnone\"><img data-recalc-dims=\"1\" loading=\"lazy\" decoding=\"async\" class=\"size-full wp-image-78854\" src=\"https:\/\/i0.wp.com\/www.eltrabajo.cl\/2017\/wp-content\/uploads\/2017\/05\/media-punta-1.jpg?resize=580%2C349\" alt=\"La academia funciona desde 2013, recibe a ni\u00f1as y ni\u00f1os desde los 3 a\u00f1os de edad y actualmente implementa sus clases en el Club de Tenis de La Troya.\" width=\"580\" height=\"349\" srcset=\"https:\/\/i0.wp.com\/eltrabajo.cl\/portal\/wp-content\/uploads\/2017\/05\/media-punta-1.jpg?w=580&amp;ssl=1 580w, https:\/\/i0.wp.com\/eltrabajo.cl\/portal\/wp-content\/uploads\/2017\/05\/media-punta-1.jpg?resize=200%2C120&amp;ssl=1 200w, https:\/\/i0.wp.com\/eltrabajo.cl\/portal\/wp-content\/uploads\/2017\/05\/media-punta-1.jpg?resize=300%2C181&amp;ssl=1 300w, https:\/\/i0.wp.com\/eltrabajo.cl\/portal\/wp-content\/uploads\/2017\/05\/media-punta-1.jpg?resize=249%2C150&amp;ssl=1 249w, https:\/\/i0.wp.com\/eltrabajo.cl\/portal\/wp-content\/uploads\/2017\/05\/media-punta-1.jpg?resize=400%2C241&amp;ssl=1 400w\" sizes=\"auto, (max-width: 580px) 100vw, 580px\" \/><figcaption id=\"caption-attachment-78854\" class=\"wp-caption-text\">La academia funciona desde 2013, recibe a ni\u00f1as y ni\u00f1os desde los 3 a\u00f1os de edad y actualmente implementa sus clases en el Club de Tenis de La Troya.<\/figcaption><\/figure>\n","protected":false},"excerpt":{"rendered":"<p>Academia de Danza \u2018Media Punta\u2019:\u00a0Certamen planetario de la disciplina se realiza en el mes de noviembre, pero requiere de una alta cifra de dinero para asegurar la participaci\u00f3n de las 30 competidoras:&#8230;<\/p>\n","protected":false},"author":482,"featured_media":78854,"comment_status":"open","ping_status":"open","sticky":false,"template":"","format":"standard","meta":{"advanced_seo_description":"","jetpack_seo_html_title":"","jetpack_seo_noindex":false,"_jetpack_memberships_contains_paid_content":false,"footnotes":""},"categories":[15],"tags":[],"class_list":["post-78853","post","type-post","status-publish","format-standard","has-post-thumbnail","hentry","category-comunidad"],"jetpack_featured_media_url":"https:\/\/i0.wp.com\/eltrabajo.cl\/portal\/wp-content\/uploads\/2017\/05\/media-punta-1.jpg?fit=580%2C349&ssl=1","jetpack_sharing_enabled":true,"jetpack_likes_enabled":true,"jetpack-related-posts":[],"_links":{"self":[{"href":"https:\/\/eltrabajo.cl\/portal\/wp-json\/wp\/v2\/posts\/78853","targetHints":{"allow":["GET"]}}],"collection":[{"href":"https:\/\/eltrabajo.cl\/portal\/wp-json\/wp\/v2\/posts"}],"about":[{"href":"https:\/\/eltrabajo.cl\/portal\/wp-json\/wp\/v2\/types\/post"}],"author":[{"embeddable":true,"href":"https:\/\/eltrabajo.cl\/portal\/wp-json\/wp\/v2\/users\/482"}],"replies":[{"embeddable":true,"href":"https:\/\/eltrabajo.cl\/portal\/wp-json\/wp\/v2\/comments?post=78853"}],"version-history":[{"count":0,"href":"https:\/\/eltrabajo.cl\/portal\/wp-json\/wp\/v2\/posts\/78853\/revisions"}],"wp:featuredmedia":[{"embeddable":true,"href":"https:\/\/eltrabajo.cl\/portal\/wp-json\/wp\/v2\/media\/78854"}],"wp:attachment":[{"href":"https:\/\/eltrabajo.cl\/portal\/wp-json\/wp\/v2\/media?parent=78853"}],"wp:term":[{"taxonomy":"category","embeddable":true,"href":"https:\/\/eltrabajo.cl\/portal\/wp-json\/wp\/v2\/categories?post=78853"},{"taxonomy":"post_tag","embeddable":true,"href":"https:\/\/eltrabajo.cl\/portal\/wp-json\/wp\/v2\/tags?post=78853"}],"curies":[{"name":"wp","href":"https:\/\/api.w.org\/{rel}","templated":true}]}}