{"id":78858,"date":"2017-05-11T06:04:21","date_gmt":"2017-05-11T10:04:21","guid":{"rendered":"http:\/\/www.eltrabajo.cl\/2017\/?p=78858"},"modified":"2017-05-11T06:04:21","modified_gmt":"2017-05-11T10:04:21","slug":"hasta-el-cielo-lloro-la-partida-del-querido-manuelito-hevia","status":"publish","type":"post","link":"https:\/\/eltrabajo.cl\/portal\/hasta-el-cielo-lloro-la-partida-del-querido-manuelito-hevia\/","title":{"rendered":"Hasta el cielo llor\u00f3 la partida del querido Manuelito Hevia"},"content":{"rendered":"<figure id=\"attachment_78862\" aria-describedby=\"caption-attachment-78862\" style=\"width: 580px\" class=\"wp-caption alignnone\"><img data-recalc-dims=\"1\" loading=\"lazy\" decoding=\"async\" class=\"size-full wp-image-78862\" src=\"https:\/\/i0.wp.com\/www.eltrabajo.cl\/2017\/wp-content\/uploads\/2017\/05\/Funerales3.jpg?resize=580%2C349\" alt=\"AMARGURA Y DOLOR.- Ni\u00f1os y grandes rompieron en llanto cuando debieron separarse del querido Manuel, tras su tr\u00e1gica muerte.\" width=\"580\" height=\"349\" srcset=\"https:\/\/i0.wp.com\/eltrabajo.cl\/portal\/wp-content\/uploads\/2017\/05\/Funerales3.jpg?w=580&amp;ssl=1 580w, https:\/\/i0.wp.com\/eltrabajo.cl\/portal\/wp-content\/uploads\/2017\/05\/Funerales3.jpg?resize=200%2C120&amp;ssl=1 200w, https:\/\/i0.wp.com\/eltrabajo.cl\/portal\/wp-content\/uploads\/2017\/05\/Funerales3.jpg?resize=300%2C181&amp;ssl=1 300w, https:\/\/i0.wp.com\/eltrabajo.cl\/portal\/wp-content\/uploads\/2017\/05\/Funerales3.jpg?resize=249%2C150&amp;ssl=1 249w, https:\/\/i0.wp.com\/eltrabajo.cl\/portal\/wp-content\/uploads\/2017\/05\/Funerales3.jpg?resize=400%2C241&amp;ssl=1 400w\" sizes=\"auto, (max-width: 580px) 100vw, 580px\" \/><figcaption id=\"caption-attachment-78862\" class=\"wp-caption-text\">AMARGURA Y DOLOR.- Ni\u00f1os y grandes rompieron en llanto cuando debieron separarse del querido Manuel, tras su tr\u00e1gica muerte.<\/figcaption><\/figure>\n<p>Pareciera que hasta el cielo estuviera llorando ayer mi\u00e9rcoles la partida de don Manuel Jes\u00fas Hevia Balvont\u00edn, de 60 a\u00f1os de edad, quien fuera atropellado la noche del lunes, a eso de las 22:30 horas, por el autom\u00f3vil conducido por el joven de 19 a\u00f1os Mat\u00edas Ignacio Fern\u00e1ndez Ossand\u00f3n, quien lo impact\u00f3 por la parte posterior cuando se desplazaba en bicicleta por el sector de la poblaci\u00f3n Hacienda de Quilpu\u00e9, arrastr\u00e1ndolo por varios metros, provoc\u00e1ndole letales heridas que le costaron la vida en el mismo lugar.<\/p>\n<p><strong>DONAN NICHO<\/strong><br \/>\nSeg\u00fan sus propios familiares, \u00e9l no contaba con recursos para cubrir los gastos de su funeral, por lo que acudieron al alcalde Patricio Freire, quien firm\u00f3 un permiso especial a fin de que su cuerpo pueda permanecer en el Cementerio Municipal por al menos unos tres a\u00f1os.<br \/>\nTambi\u00e9n a solicitud de los familiares, hoy podemos mencionar que fue la junta de vecinos de Hacienda Quilpu\u00e9, encabezada por su presidenta Erna N\u00fa\u00f1ez, que se logr\u00f3 salir adelante con muchas diligencias de los funerales. Esta tragedia uni\u00f3 poderosamente a todos estos vecinos, quienes siguen brindando consuelo a quienes ahora lloran la partida de este \u2018Caballero de las artesas\u2019.<\/p>\n<p><strong>ADI\u00d3S MANUELITO<\/strong><br \/>\nEl velatorio se realiz\u00f3 en la casa de habitaci\u00f3n de do\u00f1a Margarita, en Poblaci\u00f3n Hacienda Quilpu\u00e9. La Misa fue ayer mi\u00e9rcoles a las 16:00 horas en la capilla Sagrada Familia de Santa Br\u00edgida, y sus restos ya descansan desde las 17:00 horas en el Cementerio Municipal ubicado en El Almendral.<br \/>\n<strong>Roberto Gonz\u00e1lez Short<\/strong><\/p>\n<figure id=\"attachment_78859\" aria-describedby=\"caption-attachment-78859\" style=\"width: 579px\" class=\"wp-caption alignnone\"><img data-recalc-dims=\"1\" loading=\"lazy\" decoding=\"async\" class=\"size-full wp-image-78859\" src=\"https:\/\/i0.wp.com\/www.eltrabajo.cl\/2017\/wp-content\/uploads\/2017\/05\/Funerales-Muerte-DE-Manuel-Hevia-copia.jpg?resize=579%2C586\" alt=\"Manuel Jes\u00fas Hevia Balvont\u00edn, de 60 a\u00f1os de edad, falleci\u00f3 atropellado.\" width=\"579\" height=\"586\" srcset=\"https:\/\/i0.wp.com\/eltrabajo.cl\/portal\/wp-content\/uploads\/2017\/05\/Funerales-Muerte-DE-Manuel-Hevia-copia.jpg?w=579&amp;ssl=1 579w, https:\/\/i0.wp.com\/eltrabajo.cl\/portal\/wp-content\/uploads\/2017\/05\/Funerales-Muerte-DE-Manuel-Hevia-copia.jpg?resize=148%2C150&amp;ssl=1 148w, https:\/\/i0.wp.com\/eltrabajo.cl\/portal\/wp-content\/uploads\/2017\/05\/Funerales-Muerte-DE-Manuel-Hevia-copia.jpg?resize=296%2C300&amp;ssl=1 296w, https:\/\/i0.wp.com\/eltrabajo.cl\/portal\/wp-content\/uploads\/2017\/05\/Funerales-Muerte-DE-Manuel-Hevia-copia.jpg?resize=400%2C405&amp;ssl=1 400w\" sizes=\"auto, (max-width: 579px) 100vw, 579px\" \/><figcaption id=\"caption-attachment-78859\" class=\"wp-caption-text\">Manuel Jes\u00fas Hevia Balvont\u00edn, de 60 a\u00f1os de edad, falleci\u00f3 atropellado.<\/figcaption><\/figure>\n<figure id=\"attachment_78860\" aria-describedby=\"caption-attachment-78860\" style=\"width: 580px\" class=\"wp-caption alignnone\"><img data-recalc-dims=\"1\" loading=\"lazy\" decoding=\"async\" class=\"size-full wp-image-78860\" src=\"https:\/\/i0.wp.com\/www.eltrabajo.cl\/2017\/wp-content\/uploads\/2017\/05\/Funerales1.jpg?resize=580%2C348\" alt=\"ADI\u00d3S MANUELITO.- Ayer mi\u00e9rcoles en horas de la tarde fue despedido para siempre el querido Manuelito Hevia, quien muri\u00f3 atropellado en Poblaci\u00f3n Hacienda Quilpu\u00e9 la noche de este lunes. (Foto Roberto Gonz\u00e1lez Short)\" width=\"580\" height=\"348\" srcset=\"https:\/\/i0.wp.com\/eltrabajo.cl\/portal\/wp-content\/uploads\/2017\/05\/Funerales1.jpg?w=580&amp;ssl=1 580w, https:\/\/i0.wp.com\/eltrabajo.cl\/portal\/wp-content\/uploads\/2017\/05\/Funerales1.jpg?resize=200%2C120&amp;ssl=1 200w, https:\/\/i0.wp.com\/eltrabajo.cl\/portal\/wp-content\/uploads\/2017\/05\/Funerales1.jpg?resize=300%2C180&amp;ssl=1 300w, https:\/\/i0.wp.com\/eltrabajo.cl\/portal\/wp-content\/uploads\/2017\/05\/Funerales1.jpg?resize=250%2C150&amp;ssl=1 250w, https:\/\/i0.wp.com\/eltrabajo.cl\/portal\/wp-content\/uploads\/2017\/05\/Funerales1.jpg?resize=400%2C240&amp;ssl=1 400w\" sizes=\"auto, (max-width: 580px) 100vw, 580px\" \/><figcaption id=\"caption-attachment-78860\" class=\"wp-caption-text\">ADI\u00d3S MANUELITO.- Ayer mi\u00e9rcoles en horas de la tarde fue despedido para siempre el querido Manuelito Hevia, quien muri\u00f3 atropellado en Poblaci\u00f3n Hacienda Quilpu\u00e9 la noche de este lunes. (Foto Roberto Gonz\u00e1lez Short)<\/figcaption><\/figure>\n<figure id=\"attachment_78861\" aria-describedby=\"caption-attachment-78861\" style=\"width: 580px\" class=\"wp-caption alignnone\"><img data-recalc-dims=\"1\" loading=\"lazy\" decoding=\"async\" class=\"size-full wp-image-78861\" src=\"https:\/\/i0.wp.com\/www.eltrabajo.cl\/2017\/wp-content\/uploads\/2017\/05\/Funerales2.jpg?resize=580%2C349\" alt=\"UN PADRE TRISTE.- Don V\u00edctor Hevia, de 87 a\u00f1os y pap\u00e1 del fallecido, viaj\u00f3 desde Quillota para dar el \u00daltimo Adi\u00f3s a su hijo.\" width=\"580\" height=\"349\" srcset=\"https:\/\/i0.wp.com\/eltrabajo.cl\/portal\/wp-content\/uploads\/2017\/05\/Funerales2.jpg?w=580&amp;ssl=1 580w, https:\/\/i0.wp.com\/eltrabajo.cl\/portal\/wp-content\/uploads\/2017\/05\/Funerales2.jpg?resize=200%2C120&amp;ssl=1 200w, https:\/\/i0.wp.com\/eltrabajo.cl\/portal\/wp-content\/uploads\/2017\/05\/Funerales2.jpg?resize=300%2C181&amp;ssl=1 300w, https:\/\/i0.wp.com\/eltrabajo.cl\/portal\/wp-content\/uploads\/2017\/05\/Funerales2.jpg?resize=249%2C150&amp;ssl=1 249w, https:\/\/i0.wp.com\/eltrabajo.cl\/portal\/wp-content\/uploads\/2017\/05\/Funerales2.jpg?resize=400%2C241&amp;ssl=1 400w\" sizes=\"auto, (max-width: 580px) 100vw, 580px\" \/><figcaption id=\"caption-attachment-78861\" class=\"wp-caption-text\">UN PADRE TRISTE.- Don V\u00edctor Hevia, de 87 a\u00f1os y pap\u00e1 del fallecido, viaj\u00f3 desde Quillota para dar el \u00daltimo Adi\u00f3s a su hijo.<\/figcaption><\/figure>\n","protected":false},"excerpt":{"rendered":"<p>Pareciera que hasta el cielo estuviera llorando ayer mi\u00e9rcoles la partida de don Manuel Jes\u00fas Hevia Balvont\u00edn, de 60 a\u00f1os de edad, quien fuera atropellado la noche del lunes, a eso de&#8230;<\/p>\n","protected":false},"author":482,"featured_media":78860,"comment_status":"open","ping_status":"open","sticky":false,"template":"","format":"standard","meta":{"advanced_seo_description":"","jetpack_seo_html_title":"","jetpack_seo_noindex":false,"_jetpack_memberships_contains_paid_content":false,"footnotes":""},"categories":[15],"tags":[],"class_list":["post-78858","post","type-post","status-publish","format-standard","has-post-thumbnail","hentry","category-comunidad"],"jetpack_featured_media_url":"https:\/\/i0.wp.com\/eltrabajo.cl\/portal\/wp-content\/uploads\/2017\/05\/Funerales1.jpg?fit=580%2C348&ssl=1","jetpack_sharing_enabled":true,"jetpack_likes_enabled":true,"jetpack-related-posts":[],"_links":{"self":[{"href":"https:\/\/eltrabajo.cl\/portal\/wp-json\/wp\/v2\/posts\/78858","targetHints":{"allow":["GET"]}}],"collection":[{"href":"https:\/\/eltrabajo.cl\/portal\/wp-json\/wp\/v2\/posts"}],"about":[{"href":"https:\/\/eltrabajo.cl\/portal\/wp-json\/wp\/v2\/types\/post"}],"author":[{"embeddable":true,"href":"https:\/\/eltrabajo.cl\/portal\/wp-json\/wp\/v2\/users\/482"}],"replies":[{"embeddable":true,"href":"https:\/\/eltrabajo.cl\/portal\/wp-json\/wp\/v2\/comments?post=78858"}],"version-history":[{"count":0,"href":"https:\/\/eltrabajo.cl\/portal\/wp-json\/wp\/v2\/posts\/78858\/revisions"}],"wp:featuredmedia":[{"embeddable":true,"href":"https:\/\/eltrabajo.cl\/portal\/wp-json\/wp\/v2\/media\/78860"}],"wp:attachment":[{"href":"https:\/\/eltrabajo.cl\/portal\/wp-json\/wp\/v2\/media?parent=78858"}],"wp:term":[{"taxonomy":"category","embeddable":true,"href":"https:\/\/eltrabajo.cl\/portal\/wp-json\/wp\/v2\/categories?post=78858"},{"taxonomy":"post_tag","embeddable":true,"href":"https:\/\/eltrabajo.cl\/portal\/wp-json\/wp\/v2\/tags?post=78858"}],"curies":[{"name":"wp","href":"https:\/\/api.w.org\/{rel}","templated":true}]}}