{"id":79002,"date":"2017-05-18T06:01:12","date_gmt":"2017-05-18T10:01:12","guid":{"rendered":"http:\/\/www.eltrabajo.cl\/2017\/?p=79002"},"modified":"2017-05-18T06:01:12","modified_gmt":"2017-05-18T10:01:12","slug":"trabajadores-agricolas-se-unen-para-negociar-directamente-con-empleadores","status":"publish","type":"post","link":"https:\/\/eltrabajo.cl\/portal\/trabajadores-agricolas-se-unen-para-negociar-directamente-con-empleadores\/","title":{"rendered":"Trabajadores agr\u00edcolas se unen para negociar directamente con empleadores"},"content":{"rendered":"<figure id=\"attachment_79003\" aria-describedby=\"caption-attachment-79003\" style=\"width: 580px\" class=\"wp-caption alignnone\"><img data-recalc-dims=\"1\" loading=\"lazy\" decoding=\"async\" class=\"size-full wp-image-79003\" src=\"https:\/\/i0.wp.com\/www.eltrabajo.cl\/2017\/wp-content\/uploads\/2017\/05\/sofia-barria-dirigentes-cooperativa.jpg?resize=580%2C348\" alt=\"La Presidenta de la Agrupaci\u00f3n de Temporeros Valle Cordillerano, Sof\u00eda Barr\u00eda, indic\u00f3 que la idea de organizar esta cooperativa es velar por el pago justo de los trabajadores.\" width=\"580\" height=\"348\" srcset=\"https:\/\/i0.wp.com\/eltrabajo.cl\/portal\/wp-content\/uploads\/2017\/05\/sofia-barria-dirigentes-cooperativa.jpg?w=580&amp;ssl=1 580w, https:\/\/i0.wp.com\/eltrabajo.cl\/portal\/wp-content\/uploads\/2017\/05\/sofia-barria-dirigentes-cooperativa.jpg?resize=200%2C120&amp;ssl=1 200w, https:\/\/i0.wp.com\/eltrabajo.cl\/portal\/wp-content\/uploads\/2017\/05\/sofia-barria-dirigentes-cooperativa.jpg?resize=300%2C180&amp;ssl=1 300w, https:\/\/i0.wp.com\/eltrabajo.cl\/portal\/wp-content\/uploads\/2017\/05\/sofia-barria-dirigentes-cooperativa.jpg?resize=250%2C150&amp;ssl=1 250w, https:\/\/i0.wp.com\/eltrabajo.cl\/portal\/wp-content\/uploads\/2017\/05\/sofia-barria-dirigentes-cooperativa.jpg?resize=400%2C240&amp;ssl=1 400w\" sizes=\"auto, (max-width: 580px) 100vw, 580px\" \/><figcaption id=\"caption-attachment-79003\" class=\"wp-caption-text\">La Presidenta de la Agrupaci\u00f3n de Temporeros Valle Cordillerano, Sof\u00eda Barr\u00eda, indic\u00f3 que la idea de organizar esta cooperativa es velar por el pago justo de los trabajadores.<\/figcaption><\/figure>\n<ul>\n<li><span style=\"color: #ff0000;\"><strong>Con formaci\u00f3n de cooperativa esperan lograr un incremento real de salarios:<\/strong><\/span><\/li>\n<\/ul>\n<p><strong>LOS ANDES.-<\/strong> Mejores condiciones laborales y salariales, evitando as\u00ed el tema de los empresarios subcontratistas, esperan conseguir trabajadores temporeros del valle de Aconcagua que decidieron organizarse y dar vida a una cooperativa que les permita negociar en forma directa con los agricultores.<br \/>\nLa Presidenta de la Agrupaci\u00f3n de Temporeros Valle Cordillerano, Sof\u00eda Barr\u00eda, indic\u00f3 que la idea de organizar esta cooperativa es velar por el pago justo de los trabajadores agr\u00edcolas y que las cotizaciones sean canceladas donde corresponde y mejorar el trato laboral.<br \/>\n\u201cAhora se est\u00e1 empezando un nuevo proyecto que es el de una Cooperativa de Trabajadores Agr\u00edcolas (Coop. Lapointe) y para tal efecto este jueves 18 (hoy) de mayo a las 11 horas tenemos el lanzamiento en el Sal\u00f3n Municipal de Los Andes y lo que nosotros pretendemos a trav\u00e9s de esta cooperativa es intermediar con el empresario agr\u00edcola para generar empleos\u201d, detall\u00f3.<br \/>\nDijo que esta cooperativa har\u00e1 una prestaci\u00f3n de servicios agr\u00edcolas, \u201cya que esa ser\u00e1 nuestra forma de trabajo y queremos suplir a trav\u00e9s de \u00e9sta a los malos contratistas, donde queremos mejorar las condiciones laborales de los trabajadores y de sus familias; queremos dignificar el trabajo agr\u00edcola y tambi\u00e9n mejorar los sueldos, ya que \u00e9stos est\u00e1n muy bajos y por un lapso de 20 a\u00f1os se han mantenido igual\u201d.<br \/>\nLa dirigenta sostuvo que son los empresarios contratistas quienes se han llevado el m\u00e1ximo de las ganancias, ya que a ellos anualmente les aumenta el valor del contrato, sin embargo eso no se refleja en los sueldos de los trabajadores agr\u00edcolas que se mantienen estancados.<br \/>\n\u201cAdem\u00e1s hay muchos contratistas que no pagan las imposiciones de los trabajadores, no hacen contrato, no hay un seguro de accidente y hay muchas falencias laborales en el tema agr\u00edcola desde que los contratistas agr\u00edcolas toman una determinada faena. En cuanto a la movilizaci\u00f3n los trabajadores son trasladados en furgones o micros y no de la mejor calidad, ya que son m\u00f3viles muy antiguos y que est\u00e1n dadas de bajas en otras ciudades y las colocan a trabajar ac\u00e1 y no est\u00e1n en buenas condiciones\u201d, fustig\u00f3.<br \/>\nPor ello, llam\u00f3 a los trabajadores temporeros a concurrir hoy jueves 18 a las 11 horas al sal\u00f3n de honor del municipio de Los Andes, donde se realizar\u00e1 la constituci\u00f3n oficial de la cooperativa, \u201cpues la idea es que tengamos otra alternativa de empleo, un nuevo trato y que se les garantice que van a tener un trabajo con contrato, sueldos dignos y se les van a respetar las leyes laborales\u201d.<\/p>\n","protected":false},"excerpt":{"rendered":"<p>Con formaci\u00f3n de cooperativa esperan lograr un incremento real de salarios: LOS ANDES.- Mejores condiciones laborales y salariales, evitando as\u00ed el tema de los empresarios subcontratistas, esperan conseguir trabajadores temporeros del valle&#8230;<\/p>\n","protected":false},"author":482,"featured_media":79003,"comment_status":"open","ping_status":"open","sticky":false,"template":"","format":"standard","meta":{"advanced_seo_description":"","jetpack_seo_html_title":"","jetpack_seo_noindex":false,"_jetpack_memberships_contains_paid_content":false,"footnotes":""},"categories":[15],"tags":[],"class_list":["post-79002","post","type-post","status-publish","format-standard","has-post-thumbnail","hentry","category-comunidad"],"jetpack_featured_media_url":"https:\/\/i0.wp.com\/eltrabajo.cl\/portal\/wp-content\/uploads\/2017\/05\/sofia-barria-dirigentes-cooperativa.jpg?fit=580%2C348&ssl=1","jetpack_sharing_enabled":true,"jetpack_likes_enabled":true,"jetpack-related-posts":[],"_links":{"self":[{"href":"https:\/\/eltrabajo.cl\/portal\/wp-json\/wp\/v2\/posts\/79002","targetHints":{"allow":["GET"]}}],"collection":[{"href":"https:\/\/eltrabajo.cl\/portal\/wp-json\/wp\/v2\/posts"}],"about":[{"href":"https:\/\/eltrabajo.cl\/portal\/wp-json\/wp\/v2\/types\/post"}],"author":[{"embeddable":true,"href":"https:\/\/eltrabajo.cl\/portal\/wp-json\/wp\/v2\/users\/482"}],"replies":[{"embeddable":true,"href":"https:\/\/eltrabajo.cl\/portal\/wp-json\/wp\/v2\/comments?post=79002"}],"version-history":[{"count":0,"href":"https:\/\/eltrabajo.cl\/portal\/wp-json\/wp\/v2\/posts\/79002\/revisions"}],"wp:featuredmedia":[{"embeddable":true,"href":"https:\/\/eltrabajo.cl\/portal\/wp-json\/wp\/v2\/media\/79003"}],"wp:attachment":[{"href":"https:\/\/eltrabajo.cl\/portal\/wp-json\/wp\/v2\/media?parent=79002"}],"wp:term":[{"taxonomy":"category","embeddable":true,"href":"https:\/\/eltrabajo.cl\/portal\/wp-json\/wp\/v2\/categories?post=79002"},{"taxonomy":"post_tag","embeddable":true,"href":"https:\/\/eltrabajo.cl\/portal\/wp-json\/wp\/v2\/tags?post=79002"}],"curies":[{"name":"wp","href":"https:\/\/api.w.org\/{rel}","templated":true}]}}