{"id":79037,"date":"2017-05-19T06:02:53","date_gmt":"2017-05-19T10:02:53","guid":{"rendered":"http:\/\/www.eltrabajo.cl\/2017\/?p=79037"},"modified":"2017-05-19T06:02:53","modified_gmt":"2017-05-19T10:02:53","slug":"instalan-contenedores-para-reciclaje-de-vidrio-y-plastico-en-sector-curimon","status":"publish","type":"post","link":"https:\/\/eltrabajo.cl\/portal\/instalan-contenedores-para-reciclaje-de-vidrio-y-plastico-en-sector-curimon\/","title":{"rendered":"Instalan contenedores para reciclaje de vidrio y pl\u00e1stico en sector Curim\u00f3n"},"content":{"rendered":"<figure id=\"attachment_79038\" aria-describedby=\"caption-attachment-79038\" style=\"width: 580px\" class=\"wp-caption alignnone\"><img data-recalc-dims=\"1\" loading=\"lazy\" decoding=\"async\" class=\"size-full wp-image-79038\" src=\"https:\/\/i0.wp.com\/www.eltrabajo.cl\/2017\/wp-content\/uploads\/2017\/05\/INAUGURACION-PUNTOS-VERDES-CURIMON.jpg?resize=580%2C350\" alt=\"A partir de ahora los vecinos de Curim\u00f3n tambi\u00e9n podr\u00e1n reciclar sus botellas de vidrio y pl\u00e1stico.\" width=\"580\" height=\"350\" srcset=\"https:\/\/i0.wp.com\/eltrabajo.cl\/portal\/wp-content\/uploads\/2017\/05\/INAUGURACION-PUNTOS-VERDES-CURIMON.jpg?w=580&amp;ssl=1 580w, https:\/\/i0.wp.com\/eltrabajo.cl\/portal\/wp-content\/uploads\/2017\/05\/INAUGURACION-PUNTOS-VERDES-CURIMON.jpg?resize=200%2C121&amp;ssl=1 200w, https:\/\/i0.wp.com\/eltrabajo.cl\/portal\/wp-content\/uploads\/2017\/05\/INAUGURACION-PUNTOS-VERDES-CURIMON.jpg?resize=300%2C181&amp;ssl=1 300w, https:\/\/i0.wp.com\/eltrabajo.cl\/portal\/wp-content\/uploads\/2017\/05\/INAUGURACION-PUNTOS-VERDES-CURIMON.jpg?resize=249%2C150&amp;ssl=1 249w, https:\/\/i0.wp.com\/eltrabajo.cl\/portal\/wp-content\/uploads\/2017\/05\/INAUGURACION-PUNTOS-VERDES-CURIMON.jpg?resize=400%2C241&amp;ssl=1 400w\" sizes=\"auto, (max-width: 580px) 100vw, 580px\" \/><figcaption id=\"caption-attachment-79038\" class=\"wp-caption-text\">A partir de ahora los vecinos de Curim\u00f3n tambi\u00e9n podr\u00e1n reciclar sus botellas de vidrio y pl\u00e1stico.<\/figcaption><\/figure>\n<ul>\n<li><span style=\"color: #ff0000;\"><strong>Programa contempla la instalaci\u00f3n de nueve contenedores de pl\u00e1stico y tres de vidrio en la localidad.<\/strong><\/span><\/li>\n<\/ul>\n<p>En el marco de la pol\u00edtica medioambiental impulsada por el Alcalde Patricio Freire, contin\u00faa la instalaci\u00f3n de nuevos puntos verdes, epec\u00edficamente en el sector de Curim\u00f3n.<br \/>\nEste mi\u00e9rcoles el Alcalde Freire lleg\u00f3 hasta el Cesfam Curim\u00f3n para el lanzamiento del programa en este sector de la comuna, donde se instalar\u00e1n nueve contenedores de pl\u00e1stico y tres de vidrio en diferentes lugares de la localidad, todos solicitados por los vecinos.<br \/>\nLa iniciativa ha tenido una muy buena evaluaci\u00f3n de parte del equipo profesional en el tiempo que ya lleva implementada en distintos sectores de la comuna, tanto rurales como urbanos. As\u00ed lo se\u00f1al\u00f3 Odette Illanes, encargada del programa, quien sostuvo que son los vecinos quienes constantemente est\u00e1n solicitando conteneores, de acuerdo a las necesiadaes de sus sectores residenciales.<br \/>\n\u00abLos puntos ya est\u00e1n establecidos en la comuna, los vecinos que requieran para su sector tienen que contactarse con la oficina de Gesti\u00f3n Ambiental en villa El Carmen o dirigir una carta a la oficina de atenci\u00f3n ciudadana\u00bb, se\u00f1al\u00f3 la profesional del \u00e1rea medio ambiental.<br \/>\nLa ejecuci\u00f3n del programa tambi\u00e9n ha sido muy valorada por los vecinos del sector de Curim\u00f3n, ya que a juicio de Aracely Casta\u00f1o, al contar con estos contenedores le permite a la comunidad cuidar el medio ambiente.<br \/>\n\u00abEsta es una manera de cuidar nuestro medio ambiente, de cuidar nuestra casa com\u00fan. Si no la cuidamos ser\u00e1 m\u00e1s tarde un basurero, porque la tierra va a terminar siendo lo que queramos que sea, entonces nuestra comunidad se va concientizando que es importante reciclar el pl\u00e1stico y el vidrio. Antes pasaba por la acequia y ve\u00eda como el agua corr\u00eda y hab\u00edan botellas de vidrio y el agua corria por la calle, y ahora veo que, al menos en el sector donde yo vivo, son cinco veces que ha estado lleno el dep\u00f3sito de pl\u00e1stico, y hace solamente dos meses que se ha puesto, entonces es muy importante\u00bb.<\/p>\n","protected":false},"excerpt":{"rendered":"<p>Programa contempla la instalaci\u00f3n de nueve contenedores de pl\u00e1stico y tres de vidrio en la localidad. En el marco de la pol\u00edtica medioambiental impulsada por el Alcalde Patricio Freire, contin\u00faa la instalaci\u00f3n&#8230;<\/p>\n","protected":false},"author":482,"featured_media":79038,"comment_status":"open","ping_status":"open","sticky":false,"template":"","format":"standard","meta":{"advanced_seo_description":"","jetpack_seo_html_title":"","jetpack_seo_noindex":false,"_jetpack_memberships_contains_paid_content":false,"footnotes":""},"categories":[1],"tags":[],"class_list":["post-79037","post","type-post","status-publish","format-standard","has-post-thumbnail","hentry","category-cronica"],"jetpack_featured_media_url":"https:\/\/i0.wp.com\/eltrabajo.cl\/portal\/wp-content\/uploads\/2017\/05\/INAUGURACION-PUNTOS-VERDES-CURIMON.jpg?fit=580%2C350&ssl=1","jetpack_sharing_enabled":true,"jetpack_likes_enabled":true,"jetpack-related-posts":[],"_links":{"self":[{"href":"https:\/\/eltrabajo.cl\/portal\/wp-json\/wp\/v2\/posts\/79037","targetHints":{"allow":["GET"]}}],"collection":[{"href":"https:\/\/eltrabajo.cl\/portal\/wp-json\/wp\/v2\/posts"}],"about":[{"href":"https:\/\/eltrabajo.cl\/portal\/wp-json\/wp\/v2\/types\/post"}],"author":[{"embeddable":true,"href":"https:\/\/eltrabajo.cl\/portal\/wp-json\/wp\/v2\/users\/482"}],"replies":[{"embeddable":true,"href":"https:\/\/eltrabajo.cl\/portal\/wp-json\/wp\/v2\/comments?post=79037"}],"version-history":[{"count":0,"href":"https:\/\/eltrabajo.cl\/portal\/wp-json\/wp\/v2\/posts\/79037\/revisions"}],"wp:featuredmedia":[{"embeddable":true,"href":"https:\/\/eltrabajo.cl\/portal\/wp-json\/wp\/v2\/media\/79038"}],"wp:attachment":[{"href":"https:\/\/eltrabajo.cl\/portal\/wp-json\/wp\/v2\/media?parent=79037"}],"wp:term":[{"taxonomy":"category","embeddable":true,"href":"https:\/\/eltrabajo.cl\/portal\/wp-json\/wp\/v2\/categories?post=79037"},{"taxonomy":"post_tag","embeddable":true,"href":"https:\/\/eltrabajo.cl\/portal\/wp-json\/wp\/v2\/tags?post=79037"}],"curies":[{"name":"wp","href":"https:\/\/api.w.org\/{rel}","templated":true}]}}