{"id":79050,"date":"2017-05-19T06:05:16","date_gmt":"2017-05-19T10:05:16","guid":{"rendered":"http:\/\/www.eltrabajo.cl\/2017\/?p=79050"},"modified":"2017-05-19T06:05:16","modified_gmt":"2017-05-19T10:05:16","slug":"abren-sucursal-de-servipag-santa-isabel-de-yungay-para-pago-de-pensiones","status":"publish","type":"post","link":"https:\/\/eltrabajo.cl\/portal\/abren-sucursal-de-servipag-santa-isabel-de-yungay-para-pago-de-pensiones\/","title":{"rendered":"Abren sucursal de Servipag Santa Isabel de Yungay para pago de pensiones"},"content":{"rendered":"<figure id=\"attachment_79052\" aria-describedby=\"caption-attachment-79052\" style=\"width: 578px\" class=\"wp-caption alignnone\"><img data-recalc-dims=\"1\" loading=\"lazy\" decoding=\"async\" class=\"size-full wp-image-79052\" src=\"https:\/\/i0.wp.com\/www.eltrabajo.cl\/2017\/wp-content\/uploads\/2017\/05\/Servipag3.jpg?resize=578%2C350\" alt=\"DEMASIADO TARDE.- La Superintendencia de Pensiones responsabiliza a Servipag por lo tard\u00edamente que esta empresa instaur\u00f3 las recomendaciones de habilitar mejoras en este servicio, pues, seg\u00fan el documento, lo hizo demasiado tarde.\" width=\"578\" height=\"350\" srcset=\"https:\/\/i0.wp.com\/eltrabajo.cl\/portal\/wp-content\/uploads\/2017\/05\/Servipag3.jpg?w=578&amp;ssl=1 578w, https:\/\/i0.wp.com\/eltrabajo.cl\/portal\/wp-content\/uploads\/2017\/05\/Servipag3.jpg?resize=200%2C121&amp;ssl=1 200w, https:\/\/i0.wp.com\/eltrabajo.cl\/portal\/wp-content\/uploads\/2017\/05\/Servipag3.jpg?resize=300%2C182&amp;ssl=1 300w, https:\/\/i0.wp.com\/eltrabajo.cl\/portal\/wp-content\/uploads\/2017\/05\/Servipag3.jpg?resize=248%2C150&amp;ssl=1 248w, https:\/\/i0.wp.com\/eltrabajo.cl\/portal\/wp-content\/uploads\/2017\/05\/Servipag3.jpg?resize=400%2C242&amp;ssl=1 400w\" sizes=\"auto, (max-width: 578px) 100vw, 578px\" \/><figcaption id=\"caption-attachment-79052\" class=\"wp-caption-text\">DEMASIADO TARDE.- La Superintendencia de Pensiones responsabiliza a Servipag por lo tard\u00edamente que esta empresa instaur\u00f3 las recomendaciones de habilitar mejoras en este servicio, pues, seg\u00fan el documento, lo hizo demasiado tarde.<\/figcaption><\/figure>\n<ul>\n<li><span style=\"color: #ff0000;\"><strong>Medidas deber\u00edan mejorar atenci\u00f3n desde hoy:<\/strong><\/span><\/li>\n<\/ul>\n<p>Luego que en Diario El Trabajo di\u00e9ramos a conocer en nuestra portada y p\u00e1ginas centrales la noticia en la que se\u00f1al\u00e1bamos el repetitivo calvario que viven los abuelitos de nuestra comuna cada vez que deben cobrar su tristemente c\u00e9lebre pensi\u00f3n del Estado en Servipag, y luego tambi\u00e9n que cientos de lectores de nuestro medio marcaran tendencia en redes sociales y en nuestro portal web www.eltrabajo.cl para expresar tambi\u00e9n su malestar con esta situaci\u00f3n, el gobernador de San Felipe, Eduardo Le\u00f3n, hizo llegar a la Superintendencia de Pensiones un Oficio por escrito en el que solicitaba una respuesta y soluci\u00f3n a este problema, esto en busca de minimizar los tiempos de espera para estos usuarios.<br \/>\nAyer jueves este ente de pensiones hizo llegar al Gobernador Le\u00f3n una respuesta por escrito, en la que ofrece desarrollar supervisiones en las sucursales de Servipag de San Felipe, as\u00ed como la habilitaci\u00f3n de otra caja Servipag en Supermercado Santa Isabel Yungay N\u00ba1150.<br \/>\nHoy viernes nuestro medio estar\u00e1 tambi\u00e9n pendiente de estas dos sucursales de Servipag, con miras a verificar el trabajo a favor de quienes en sus a\u00f1os de juventud lo dieron todo por el desarrollo de Chile.<br \/>\nRoberto Gonz\u00e1lez Short<\/p>\n<figure id=\"attachment_79051\" aria-describedby=\"caption-attachment-79051\" style=\"width: 580px\" class=\"wp-caption alignnone\"><img data-recalc-dims=\"1\" loading=\"lazy\" decoding=\"async\" class=\"size-full wp-image-79051\" src=\"https:\/\/i0.wp.com\/www.eltrabajo.cl\/2017\/wp-content\/uploads\/2017\/05\/Servipag1.jpg?resize=580%2C350\" alt=\"EN LA MIRA.- El gobernador Eduardo Le\u00f3n ha estado supervisando este problema y buscando soluciones dignas para este segmento etario.\" width=\"580\" height=\"350\" srcset=\"https:\/\/i0.wp.com\/eltrabajo.cl\/portal\/wp-content\/uploads\/2017\/05\/Servipag1.jpg?w=580&amp;ssl=1 580w, https:\/\/i0.wp.com\/eltrabajo.cl\/portal\/wp-content\/uploads\/2017\/05\/Servipag1.jpg?resize=200%2C121&amp;ssl=1 200w, https:\/\/i0.wp.com\/eltrabajo.cl\/portal\/wp-content\/uploads\/2017\/05\/Servipag1.jpg?resize=300%2C181&amp;ssl=1 300w, https:\/\/i0.wp.com\/eltrabajo.cl\/portal\/wp-content\/uploads\/2017\/05\/Servipag1.jpg?resize=249%2C150&amp;ssl=1 249w, https:\/\/i0.wp.com\/eltrabajo.cl\/portal\/wp-content\/uploads\/2017\/05\/Servipag1.jpg?resize=400%2C241&amp;ssl=1 400w\" sizes=\"auto, (max-width: 580px) 100vw, 580px\" \/><figcaption id=\"caption-attachment-79051\" class=\"wp-caption-text\">EN LA MIRA.- El gobernador Eduardo Le\u00f3n ha estado supervisando este problema y buscando soluciones dignas para este segmento etario.<\/figcaption><\/figure>\n","protected":false},"excerpt":{"rendered":"<p>Medidas deber\u00edan mejorar atenci\u00f3n desde hoy: Luego que en Diario El Trabajo di\u00e9ramos a conocer en nuestra portada y p\u00e1ginas centrales la noticia en la que se\u00f1al\u00e1bamos el repetitivo calvario que viven&#8230;<\/p>\n","protected":false},"author":482,"featured_media":79051,"comment_status":"open","ping_status":"open","sticky":false,"template":"","format":"standard","meta":{"advanced_seo_description":"","jetpack_seo_html_title":"","jetpack_seo_noindex":false,"_jetpack_memberships_contains_paid_content":false,"footnotes":""},"categories":[1],"tags":[],"class_list":["post-79050","post","type-post","status-publish","format-standard","has-post-thumbnail","hentry","category-cronica"],"jetpack_featured_media_url":"https:\/\/i0.wp.com\/eltrabajo.cl\/portal\/wp-content\/uploads\/2017\/05\/Servipag1.jpg?fit=580%2C350&ssl=1","jetpack_sharing_enabled":true,"jetpack_likes_enabled":true,"jetpack-related-posts":[],"_links":{"self":[{"href":"https:\/\/eltrabajo.cl\/portal\/wp-json\/wp\/v2\/posts\/79050","targetHints":{"allow":["GET"]}}],"collection":[{"href":"https:\/\/eltrabajo.cl\/portal\/wp-json\/wp\/v2\/posts"}],"about":[{"href":"https:\/\/eltrabajo.cl\/portal\/wp-json\/wp\/v2\/types\/post"}],"author":[{"embeddable":true,"href":"https:\/\/eltrabajo.cl\/portal\/wp-json\/wp\/v2\/users\/482"}],"replies":[{"embeddable":true,"href":"https:\/\/eltrabajo.cl\/portal\/wp-json\/wp\/v2\/comments?post=79050"}],"version-history":[{"count":0,"href":"https:\/\/eltrabajo.cl\/portal\/wp-json\/wp\/v2\/posts\/79050\/revisions"}],"wp:featuredmedia":[{"embeddable":true,"href":"https:\/\/eltrabajo.cl\/portal\/wp-json\/wp\/v2\/media\/79051"}],"wp:attachment":[{"href":"https:\/\/eltrabajo.cl\/portal\/wp-json\/wp\/v2\/media?parent=79050"}],"wp:term":[{"taxonomy":"category","embeddable":true,"href":"https:\/\/eltrabajo.cl\/portal\/wp-json\/wp\/v2\/categories?post=79050"},{"taxonomy":"post_tag","embeddable":true,"href":"https:\/\/eltrabajo.cl\/portal\/wp-json\/wp\/v2\/tags?post=79050"}],"curies":[{"name":"wp","href":"https:\/\/api.w.org\/{rel}","templated":true}]}}