{"id":79054,"date":"2017-05-19T06:06:05","date_gmt":"2017-05-19T10:06:05","guid":{"rendered":"http:\/\/www.eltrabajo.cl\/2017\/?p=79054"},"modified":"2017-05-19T06:06:05","modified_gmt":"2017-05-19T10:06:05","slug":"abundante-nieve-cayo-ayer-en-almendral-alto","status":"publish","type":"post","link":"https:\/\/eltrabajo.cl\/portal\/abundante-nieve-cayo-ayer-en-almendral-alto\/","title":{"rendered":"Abundante nieve cay\u00f3 ayer en Almendral Alto"},"content":{"rendered":"<figure id=\"attachment_79055\" aria-describedby=\"caption-attachment-79055\" style=\"width: 580px\" class=\"wp-caption alignnone\"><img data-recalc-dims=\"1\" loading=\"lazy\" decoding=\"async\" class=\"size-full wp-image-79055\" src=\"https:\/\/i0.wp.com\/www.eltrabajo.cl\/2017\/wp-content\/uploads\/2017\/05\/Nieve1.jpg?resize=580%2C349\" alt=\"BLANCA INVITADA.- Mientras don Luis Lara se las arreglaba para quitar la nieve del camino, su esposa Zuleida Ahumada no paraba de jugar con la nieve que cay\u00f3 ayer jueves al filo de las 18:00 horas en el sector Almendral Alto.(Foto Roberto Gonz\u00e1lez Short)\" width=\"580\" height=\"349\" srcset=\"https:\/\/i0.wp.com\/eltrabajo.cl\/portal\/wp-content\/uploads\/2017\/05\/Nieve1.jpg?w=580&amp;ssl=1 580w, https:\/\/i0.wp.com\/eltrabajo.cl\/portal\/wp-content\/uploads\/2017\/05\/Nieve1.jpg?resize=200%2C120&amp;ssl=1 200w, https:\/\/i0.wp.com\/eltrabajo.cl\/portal\/wp-content\/uploads\/2017\/05\/Nieve1.jpg?resize=300%2C181&amp;ssl=1 300w, https:\/\/i0.wp.com\/eltrabajo.cl\/portal\/wp-content\/uploads\/2017\/05\/Nieve1.jpg?resize=249%2C150&amp;ssl=1 249w, https:\/\/i0.wp.com\/eltrabajo.cl\/portal\/wp-content\/uploads\/2017\/05\/Nieve1.jpg?resize=400%2C241&amp;ssl=1 400w\" sizes=\"auto, (max-width: 580px) 100vw, 580px\" \/><figcaption id=\"caption-attachment-79055\" class=\"wp-caption-text\">BLANCA INVITADA.- Mientras don Luis Lara se las arreglaba para quitar la nieve del camino, su esposa Zuleida Ahumada no paraba de jugar con la nieve que cay\u00f3 ayer jueves al filo de las 18:00 horas en el sector Almendral Alto.(Foto Roberto Gonz\u00e1lez Short)<\/figcaption><\/figure>\n<p>Una fr\u00eda y blanca sorpresa se llevaron los vecinos de El Almendral Alto ayer jueves al filo de las 18:00 horas, luego que toneladas de nieve se dejaran caer, debido a las baj\u00edsimas temperaturas. Aunque el fr\u00edo y las lluvias hab\u00edan sido pronosticados desde hace varios d\u00edas, no as\u00ed nuestra \u2018Blanca Invitada\u2019.<br \/>\nEl tr\u00e1nsito se volvi\u00f3 lento; la nieve que se derret\u00eda se abr\u00eda camino en un viscoso torrente por la calle principal de ese sector sanfelipe\u00f1o, algunos techos colapsaron y mientras que algunos vecinos se divert\u00edan con este regalo de la naturaleza, otros en cambio buscaban c\u00f3mo quitarla del camino y de los autos estacionados.<\/p>\n<figure id=\"attachment_79056\" aria-describedby=\"caption-attachment-79056\" style=\"width: 580px\" class=\"wp-caption alignnone\"><img data-recalc-dims=\"1\" loading=\"lazy\" decoding=\"async\" class=\"size-full wp-image-79056\" src=\"https:\/\/i0.wp.com\/www.eltrabajo.cl\/2017\/wp-content\/uploads\/2017\/05\/portada-Nieve2-copia.jpg?resize=580%2C349\" alt=\"LLEG\u00d3 LA NIEVE.- Una fr\u00eda y blanca sorpresa se llevaron los vecinos de El Almendral Alto ayer, luego que toneladas de nieve se dejaran caer abrigadas a baj\u00edsimas temperaturas. Aunque el fr\u00edo y las lluvias hab\u00edan sido pronosticados desde hace varios d\u00edas, no as\u00ed nuestra \u2018Blanca Invitada\u2019. (Foto Roberto Gonz\u00e1lez Short)\" width=\"580\" height=\"349\" srcset=\"https:\/\/i0.wp.com\/eltrabajo.cl\/portal\/wp-content\/uploads\/2017\/05\/portada-Nieve2-copia.jpg?w=580&amp;ssl=1 580w, https:\/\/i0.wp.com\/eltrabajo.cl\/portal\/wp-content\/uploads\/2017\/05\/portada-Nieve2-copia.jpg?resize=200%2C120&amp;ssl=1 200w, https:\/\/i0.wp.com\/eltrabajo.cl\/portal\/wp-content\/uploads\/2017\/05\/portada-Nieve2-copia.jpg?resize=300%2C181&amp;ssl=1 300w, https:\/\/i0.wp.com\/eltrabajo.cl\/portal\/wp-content\/uploads\/2017\/05\/portada-Nieve2-copia.jpg?resize=249%2C150&amp;ssl=1 249w, https:\/\/i0.wp.com\/eltrabajo.cl\/portal\/wp-content\/uploads\/2017\/05\/portada-Nieve2-copia.jpg?resize=400%2C241&amp;ssl=1 400w\" sizes=\"auto, (max-width: 580px) 100vw, 580px\" \/><figcaption id=\"caption-attachment-79056\" class=\"wp-caption-text\">LLEG\u00d3 LA NIEVE.- Una fr\u00eda y blanca sorpresa se llevaron los vecinos de El Almendral Alto ayer, luego que toneladas de nieve se dejaran caer abrigadas a baj\u00edsimas temperaturas. Aunque el fr\u00edo y las lluvias hab\u00edan sido pronosticados desde hace varios d\u00edas, no as\u00ed nuestra \u2018Blanca Invitada\u2019. (Foto Roberto Gonz\u00e1lez Short)<\/figcaption><\/figure>\n","protected":false},"excerpt":{"rendered":"<p>Una fr\u00eda y blanca sorpresa se llevaron los vecinos de El Almendral Alto ayer jueves al filo de las 18:00 horas, luego que toneladas de nieve se dejaran caer, debido a las&#8230;<\/p>\n","protected":false},"author":482,"featured_media":79056,"comment_status":"open","ping_status":"open","sticky":false,"template":"","format":"standard","meta":{"advanced_seo_description":"","jetpack_seo_html_title":"","jetpack_seo_noindex":false,"_jetpack_memberships_contains_paid_content":false,"footnotes":""},"categories":[1],"tags":[],"class_list":["post-79054","post","type-post","status-publish","format-standard","has-post-thumbnail","hentry","category-cronica"],"jetpack_featured_media_url":"https:\/\/i0.wp.com\/eltrabajo.cl\/portal\/wp-content\/uploads\/2017\/05\/portada-Nieve2-copia.jpg?fit=580%2C349&ssl=1","jetpack_sharing_enabled":true,"jetpack_likes_enabled":true,"jetpack-related-posts":[],"_links":{"self":[{"href":"https:\/\/eltrabajo.cl\/portal\/wp-json\/wp\/v2\/posts\/79054","targetHints":{"allow":["GET"]}}],"collection":[{"href":"https:\/\/eltrabajo.cl\/portal\/wp-json\/wp\/v2\/posts"}],"about":[{"href":"https:\/\/eltrabajo.cl\/portal\/wp-json\/wp\/v2\/types\/post"}],"author":[{"embeddable":true,"href":"https:\/\/eltrabajo.cl\/portal\/wp-json\/wp\/v2\/users\/482"}],"replies":[{"embeddable":true,"href":"https:\/\/eltrabajo.cl\/portal\/wp-json\/wp\/v2\/comments?post=79054"}],"version-history":[{"count":0,"href":"https:\/\/eltrabajo.cl\/portal\/wp-json\/wp\/v2\/posts\/79054\/revisions"}],"wp:featuredmedia":[{"embeddable":true,"href":"https:\/\/eltrabajo.cl\/portal\/wp-json\/wp\/v2\/media\/79056"}],"wp:attachment":[{"href":"https:\/\/eltrabajo.cl\/portal\/wp-json\/wp\/v2\/media?parent=79054"}],"wp:term":[{"taxonomy":"category","embeddable":true,"href":"https:\/\/eltrabajo.cl\/portal\/wp-json\/wp\/v2\/categories?post=79054"},{"taxonomy":"post_tag","embeddable":true,"href":"https:\/\/eltrabajo.cl\/portal\/wp-json\/wp\/v2\/tags?post=79054"}],"curies":[{"name":"wp","href":"https:\/\/api.w.org\/{rel}","templated":true}]}}