{"id":79058,"date":"2017-05-19T06:07:30","date_gmt":"2017-05-19T10:07:30","guid":{"rendered":"http:\/\/www.eltrabajo.cl\/2017\/?p=79058"},"modified":"2017-05-19T06:07:30","modified_gmt":"2017-05-19T10:07:30","slug":"salvan-a-bebe-nacida-en-forma-prematura-con-solo-700-gramos-de-peso","status":"publish","type":"post","link":"https:\/\/eltrabajo.cl\/portal\/salvan-a-bebe-nacida-en-forma-prematura-con-solo-700-gramos-de-peso\/","title":{"rendered":"Salvan a beb\u00e9 nacida en forma prematura con solo 700 gramos de peso"},"content":{"rendered":"<figure id=\"attachment_79059\" aria-describedby=\"caption-attachment-79059\" style=\"width: 580px\" class=\"wp-caption alignnone\"><img data-recalc-dims=\"1\" loading=\"lazy\" decoding=\"async\" class=\"size-full wp-image-79059\" src=\"https:\/\/i0.wp.com\/www.eltrabajo.cl\/2017\/wp-content\/uploads\/2017\/05\/BEBE-PREMATURO.jpg?resize=580%2C348\" alt=\"La peque\u00f1a Luz ya recuperada y con un peso normal, junto a sus padres Paulo Montivero y Graciela Herrera, quienes este s\u00e1bado regresan a su pa\u00eds, Argentina.\" width=\"580\" height=\"348\" srcset=\"https:\/\/i0.wp.com\/eltrabajo.cl\/portal\/wp-content\/uploads\/2017\/05\/BEBE-PREMATURO.jpg?w=580&amp;ssl=1 580w, https:\/\/i0.wp.com\/eltrabajo.cl\/portal\/wp-content\/uploads\/2017\/05\/BEBE-PREMATURO.jpg?resize=200%2C120&amp;ssl=1 200w, https:\/\/i0.wp.com\/eltrabajo.cl\/portal\/wp-content\/uploads\/2017\/05\/BEBE-PREMATURO.jpg?resize=300%2C180&amp;ssl=1 300w, https:\/\/i0.wp.com\/eltrabajo.cl\/portal\/wp-content\/uploads\/2017\/05\/BEBE-PREMATURO.jpg?resize=250%2C150&amp;ssl=1 250w, https:\/\/i0.wp.com\/eltrabajo.cl\/portal\/wp-content\/uploads\/2017\/05\/BEBE-PREMATURO.jpg?resize=400%2C240&amp;ssl=1 400w\" sizes=\"auto, (max-width: 580px) 100vw, 580px\" \/><figcaption id=\"caption-attachment-79059\" class=\"wp-caption-text\">La peque\u00f1a Luz ya recuperada y con un peso normal, junto a sus padres Paulo Montivero y Graciela Herrera, quienes este s\u00e1bado regresan a su pa\u00eds, Argentina.<\/figcaption><\/figure>\n<ul>\n<li><span style=\"color: #ff0000;\"><strong>Peque\u00f1a<\/strong><strong> hija de argentinos ten\u00eda un 15% de posibilidades vivir, por lo que el equipo m\u00e9dico de Neonatolog\u00eda califica su caso como un \u00e9xito de la medicina.<\/strong><\/span><\/li>\n<\/ul>\n<p>\u00abPrep\u00e1rense porque su beb\u00e9 tiene muy pocas probabilidades de sobrevivir\u00bb, fue la frase que les qued\u00f3 grabada a los padres de Luz, ambos argentinos, tras su nacimiento en febrero de este a\u00f1o en el Servicio de Urgencia en el Hospital San Camilo de San Felipe, hasta donde lleg\u00f3 su madre tras cruzar la cordillera desde Mendoza a Chile debido a que comenz\u00f3 con trabajo de parto con solo 24 semanas de gestaci\u00f3n.<br \/>\nPese a que ven\u00edan a pasar sus vacaciones a la costa, Paulo Montivero y Graciela Herrera s\u00f3lo llegaron hasta San Felipe, en donde desde hace casi tres meses llevan viviendo para poder visitar todos los d\u00edas a su beb\u00e9 que qued\u00f3 hospitalizada en la UCI del Servicio de Neonatolog\u00eda, lugar en donde gracias a los esfuerzos del personal y de todo el equipo m\u00e9dico, Luz ha podido sobrevivir y llegar hasta hoy en que ya pesa dos kilos 400 gramos y est\u00e1 en condiciones de abandonar el recinto y el pa\u00eds este s\u00e1bado por medio de un avi\u00f3n comercial.<br \/>\n\u00abEstamos muy satisfechos por el trabajo realizado ya que Luz se va de alta sin complicaciones, con buen peso y con todas sus vacunas al d\u00eda, lo que claramente era muy dif\u00edcil de lograr en un inicio con sus 700 gramos. Hoy no tiene requerimientos de ox\u00edgeno como la mayor\u00eda de los prematuros y se va con alimentaci\u00f3n al pecho y con leche especial para prematuros, sin secuelas respiratorias, y adem\u00e1s con todos los ex\u00e1menes para descartar problemas, lo que representa un orgullo de todo el equipo por sacar adelante a este tipo de pacientes\u00bb, se\u00f1al\u00f3 el Dr. Gast\u00f3n del Solar, Jefe del Servicio de Neonatolog\u00eda.<br \/>\nPor su parte el padre, Paulo Montivero, asegur\u00f3 estar muy agradecido por toda la ayuda recibida. \u00abUno como padre se siente feliz de poder regresar a su pa\u00eds luego de recibir tanto. Nos vamos muy agradecidos de toda la gente del Hospital y tambi\u00e9n de toda la gente linda del Valle del Aconcagua. Les estaremos agradecidos toda la vida, tienen muy buen coraz\u00f3n por ayudarnos sin mirar la nacionalidad\u00bb.<br \/>\nAsimismo la madre, Graciela Herrera, tambi\u00e9n solo tuvo palabras de agradecimiento por esta acogida: \u00abEsto fue muy duro, ya que al nacer nuestra beb\u00e9 estaba muy inmadura y no sab\u00edamos qu\u00e9 hacer, pero gracias a Dios encontramos gente buena, desde el taxista que nos ayud\u00f3 hasta la nueva amiga que nos prest\u00f3 una casa para vivir todo este tiempo. Ellos ser\u00e1n los padrinos de la beb\u00e9 ya que sin si ayuda todo hubiera sido mucho m\u00e1s dif\u00edcil, al igual que todo el apoyo brindado por el Hospital San Camilo y todo el personal de la Neonatolog\u00eda. Para todos, gracias infinitas\u00bb.<\/p>\n","protected":false},"excerpt":{"rendered":"<p>Peque\u00f1a hija de argentinos ten\u00eda un 15% de posibilidades vivir, por lo que el equipo m\u00e9dico de Neonatolog\u00eda califica su caso como un \u00e9xito de la medicina. \u00abPrep\u00e1rense porque su beb\u00e9 tiene&#8230;<\/p>\n","protected":false},"author":482,"featured_media":79059,"comment_status":"open","ping_status":"open","sticky":false,"template":"","format":"standard","meta":{"advanced_seo_description":"","jetpack_seo_html_title":"","jetpack_seo_noindex":false,"_jetpack_memberships_contains_paid_content":false,"footnotes":""},"categories":[1],"tags":[],"class_list":["post-79058","post","type-post","status-publish","format-standard","has-post-thumbnail","hentry","category-cronica"],"jetpack_featured_media_url":"https:\/\/i0.wp.com\/eltrabajo.cl\/portal\/wp-content\/uploads\/2017\/05\/BEBE-PREMATURO.jpg?fit=580%2C348&ssl=1","jetpack_sharing_enabled":true,"jetpack_likes_enabled":true,"jetpack-related-posts":[],"_links":{"self":[{"href":"https:\/\/eltrabajo.cl\/portal\/wp-json\/wp\/v2\/posts\/79058","targetHints":{"allow":["GET"]}}],"collection":[{"href":"https:\/\/eltrabajo.cl\/portal\/wp-json\/wp\/v2\/posts"}],"about":[{"href":"https:\/\/eltrabajo.cl\/portal\/wp-json\/wp\/v2\/types\/post"}],"author":[{"embeddable":true,"href":"https:\/\/eltrabajo.cl\/portal\/wp-json\/wp\/v2\/users\/482"}],"replies":[{"embeddable":true,"href":"https:\/\/eltrabajo.cl\/portal\/wp-json\/wp\/v2\/comments?post=79058"}],"version-history":[{"count":0,"href":"https:\/\/eltrabajo.cl\/portal\/wp-json\/wp\/v2\/posts\/79058\/revisions"}],"wp:featuredmedia":[{"embeddable":true,"href":"https:\/\/eltrabajo.cl\/portal\/wp-json\/wp\/v2\/media\/79059"}],"wp:attachment":[{"href":"https:\/\/eltrabajo.cl\/portal\/wp-json\/wp\/v2\/media?parent=79058"}],"wp:term":[{"taxonomy":"category","embeddable":true,"href":"https:\/\/eltrabajo.cl\/portal\/wp-json\/wp\/v2\/categories?post=79058"},{"taxonomy":"post_tag","embeddable":true,"href":"https:\/\/eltrabajo.cl\/portal\/wp-json\/wp\/v2\/tags?post=79058"}],"curies":[{"name":"wp","href":"https:\/\/api.w.org\/{rel}","templated":true}]}}