{"id":79062,"date":"2017-05-22T06:00:26","date_gmt":"2017-05-22T10:00:26","guid":{"rendered":"http:\/\/www.eltrabajo.cl\/2017\/?p=79062"},"modified":"2017-05-22T06:00:26","modified_gmt":"2017-05-22T10:00:26","slug":"dirigente-vecinal-pide-a-las-autoridades-no-olvidarse-de-los-sectores-rurales","status":"publish","type":"post","link":"https:\/\/eltrabajo.cl\/portal\/dirigente-vecinal-pide-a-las-autoridades-no-olvidarse-de-los-sectores-rurales\/","title":{"rendered":"Dirigente vecinal pide a las autoridades no olvidarse de los sectores rurales"},"content":{"rendered":"<figure id=\"attachment_79063\" aria-describedby=\"caption-attachment-79063\" style=\"width: 580px\" class=\"wp-caption alignnone\"><img data-recalc-dims=\"1\" loading=\"lazy\" decoding=\"async\" class=\"size-full wp-image-79063\" src=\"https:\/\/i0.wp.com\/www.eltrabajo.cl\/2017\/wp-content\/uploads\/2017\/05\/Luis-Ortiz.jpg?resize=580%2C349\" alt=\"Luis Ortiz Velozo, presidente de la junta de vecinos de El Asiento.\" width=\"580\" height=\"349\" srcset=\"https:\/\/i0.wp.com\/eltrabajo.cl\/portal\/wp-content\/uploads\/2017\/05\/Luis-Ortiz.jpg?w=580&amp;ssl=1 580w, https:\/\/i0.wp.com\/eltrabajo.cl\/portal\/wp-content\/uploads\/2017\/05\/Luis-Ortiz.jpg?resize=200%2C120&amp;ssl=1 200w, https:\/\/i0.wp.com\/eltrabajo.cl\/portal\/wp-content\/uploads\/2017\/05\/Luis-Ortiz.jpg?resize=300%2C181&amp;ssl=1 300w, https:\/\/i0.wp.com\/eltrabajo.cl\/portal\/wp-content\/uploads\/2017\/05\/Luis-Ortiz.jpg?resize=249%2C150&amp;ssl=1 249w, https:\/\/i0.wp.com\/eltrabajo.cl\/portal\/wp-content\/uploads\/2017\/05\/Luis-Ortiz.jpg?resize=400%2C241&amp;ssl=1 400w\" sizes=\"auto, (max-width: 580px) 100vw, 580px\" \/><figcaption id=\"caption-attachment-79063\" class=\"wp-caption-text\">Luis Ortiz Velozo, presidente de la junta de vecinos de El Asiento.<\/figcaption><\/figure>\n<ul>\n<li><span style=\"color: #ff0000;\"><strong>Luis Ortiz Velozo, presidente junta vecinal El Asiento:<\/strong><\/span><\/li>\n<\/ul>\n<p>El presidente de la junta de vecinos de El Asiento, Luis Ortiz Velozo, dijo que fue lindo para ellos ver asfaltados algunos caminos del lugar, quedando algunos por bachear, para ello iban a hablar con la directora provincial de Vialidad para solucionar, sin embargo el paso de camiones con alto tonelaje est\u00e1n destruyendo los caminos del sector, por eso pide que las autoridades no se olviden del sector rural.<\/p>\n<p><strong>A GRAN VELOCIDAD<\/strong><br \/>\nDenunci\u00f3 que los camiones est\u00e1n pasando a una exceso de velocidad, \u00abporque no tenemos veredas, por el lugar transitan adultos mayores y ni\u00f1os, yo estoy aburrido de enviar cartas, el otro d\u00eda tratamos de tener un comunicado con OHL, porque son los camiones de H\u00e9ctor Soto los que est\u00e1n pasando por all\u00e1, entonces yo creo que exceden el m\u00e1ximo que dice la ley, pero yo no soy quien para fiscalizar eso, tienen que haber entes fiscalizadores como corresponde, yo a lo \u00fanico que voy es que de una vez por todas se empiece a poner mano dura, invito a Carabineros a fiscalizar, el tema de la velocidad ya lo conversamos personalmente con las personas de los cuadrantes y el Mayor est\u00e1 enterado, la capitana Fern\u00e1ndez tambi\u00e9n y se van a poner las pilas y yo quiero de una vez por todas el abuso de los sectores rurales\u00bb, dijo Ortiz a Diario El Trabajo.<br \/>\nEl presidente explic\u00f3 que desde donde se est\u00e1 sacando el material roquero no es en el cerro El Tabaco ni tampoco en los cipreses, \u00abpero s\u00ed donde est\u00e1 se est\u00e1 dejando la tierra suelta y si sigue lloviendo como ha sucedido en estos d\u00edas se nos puede venir un aluvi\u00f3n grande, nos vas a tomar y aparte de eso va arrastrar el relave que est\u00e1 en la minera, es peor para nosotros\u00bb, dijo el dirigente.<br \/>\nDenunci\u00f3 tambi\u00e9n que para prevenir no se ha hecho nada, exceptuando la limpieza del zanj\u00f3n de Bomberos, que es un zanj\u00f3n que baja todos los a\u00f1os, ellos saben c\u00f3mo es su sector y por ende les preocupa que su sector El Asiento est\u00e9 siendo afectado por este problema.<br \/>\nLas calles que est\u00e1n siendo afectadas por el paso de camiones son Calle La Planta y Finca, en donde se hace una especie de punta de diamante, es por ah\u00ed donde pasan los camiones.<\/p>\n","protected":false},"excerpt":{"rendered":"<p>Luis Ortiz Velozo, presidente junta vecinal El Asiento: El presidente de la junta de vecinos de El Asiento, Luis Ortiz Velozo, dijo que fue lindo para ellos ver asfaltados algunos caminos del&#8230;<\/p>\n","protected":false},"author":482,"featured_media":79063,"comment_status":"open","ping_status":"open","sticky":false,"template":"","format":"standard","meta":{"advanced_seo_description":"","jetpack_seo_html_title":"","jetpack_seo_noindex":false,"_jetpack_memberships_contains_paid_content":false,"footnotes":""},"categories":[15],"tags":[],"class_list":["post-79062","post","type-post","status-publish","format-standard","has-post-thumbnail","hentry","category-comunidad"],"jetpack_featured_media_url":"https:\/\/i0.wp.com\/eltrabajo.cl\/portal\/wp-content\/uploads\/2017\/05\/Luis-Ortiz.jpg?fit=580%2C349&ssl=1","jetpack_sharing_enabled":true,"jetpack_likes_enabled":true,"jetpack-related-posts":[],"_links":{"self":[{"href":"https:\/\/eltrabajo.cl\/portal\/wp-json\/wp\/v2\/posts\/79062","targetHints":{"allow":["GET"]}}],"collection":[{"href":"https:\/\/eltrabajo.cl\/portal\/wp-json\/wp\/v2\/posts"}],"about":[{"href":"https:\/\/eltrabajo.cl\/portal\/wp-json\/wp\/v2\/types\/post"}],"author":[{"embeddable":true,"href":"https:\/\/eltrabajo.cl\/portal\/wp-json\/wp\/v2\/users\/482"}],"replies":[{"embeddable":true,"href":"https:\/\/eltrabajo.cl\/portal\/wp-json\/wp\/v2\/comments?post=79062"}],"version-history":[{"count":0,"href":"https:\/\/eltrabajo.cl\/portal\/wp-json\/wp\/v2\/posts\/79062\/revisions"}],"wp:featuredmedia":[{"embeddable":true,"href":"https:\/\/eltrabajo.cl\/portal\/wp-json\/wp\/v2\/media\/79063"}],"wp:attachment":[{"href":"https:\/\/eltrabajo.cl\/portal\/wp-json\/wp\/v2\/media?parent=79062"}],"wp:term":[{"taxonomy":"category","embeddable":true,"href":"https:\/\/eltrabajo.cl\/portal\/wp-json\/wp\/v2\/categories?post=79062"},{"taxonomy":"post_tag","embeddable":true,"href":"https:\/\/eltrabajo.cl\/portal\/wp-json\/wp\/v2\/tags?post=79062"}],"curies":[{"name":"wp","href":"https:\/\/api.w.org\/{rel}","templated":true}]}}