{"id":79065,"date":"2017-05-22T06:01:50","date_gmt":"2017-05-22T10:01:50","guid":{"rendered":"http:\/\/www.eltrabajo.cl\/2017\/?p=79065"},"modified":"2017-05-22T06:01:50","modified_gmt":"2017-05-22T10:01:50","slug":"inauguran-nuevo-y-flamante-jardin-infantil-creciendo-en-las-acacias","status":"publish","type":"post","link":"https:\/\/eltrabajo.cl\/portal\/inauguran-nuevo-y-flamante-jardin-infantil-creciendo-en-las-acacias\/","title":{"rendered":"Inauguran nuevo y flamante Jard\u00edn Infantil \u2018Creciendo en Las Acacias\u2019"},"content":{"rendered":"<figure id=\"attachment_79066\" aria-describedby=\"caption-attachment-79066\" style=\"width: 580px\" class=\"wp-caption alignnone\"><img data-recalc-dims=\"1\" loading=\"lazy\" decoding=\"async\" class=\"size-full wp-image-79066\" src=\"https:\/\/i0.wp.com\/www.eltrabajo.cl\/2017\/wp-content\/uploads\/2017\/05\/Jardin1.jpg?resize=580%2C349\" alt=\"JARD\u00cdN NUEVO.- Vecinos y vecinas del sector de Las Acacias en un acto participativo y democr\u00e1tico bautizaron el nuevo establecimiento que pronto iniciar\u00e1 actividades.\" width=\"580\" height=\"349\" srcset=\"https:\/\/i0.wp.com\/eltrabajo.cl\/portal\/wp-content\/uploads\/2017\/05\/Jardin1.jpg?w=580&amp;ssl=1 580w, https:\/\/i0.wp.com\/eltrabajo.cl\/portal\/wp-content\/uploads\/2017\/05\/Jardin1.jpg?resize=200%2C120&amp;ssl=1 200w, https:\/\/i0.wp.com\/eltrabajo.cl\/portal\/wp-content\/uploads\/2017\/05\/Jardin1.jpg?resize=300%2C181&amp;ssl=1 300w, https:\/\/i0.wp.com\/eltrabajo.cl\/portal\/wp-content\/uploads\/2017\/05\/Jardin1.jpg?resize=249%2C150&amp;ssl=1 249w, https:\/\/i0.wp.com\/eltrabajo.cl\/portal\/wp-content\/uploads\/2017\/05\/Jardin1.jpg?resize=400%2C241&amp;ssl=1 400w\" sizes=\"auto, (max-width: 580px) 100vw, 580px\" \/><figcaption id=\"caption-attachment-79066\" class=\"wp-caption-text\">JARD\u00cdN NUEVO.- Vecinos y vecinas del sector de Las Acacias en un acto participativo y democr\u00e1tico bautizaron el nuevo establecimiento que pronto iniciar\u00e1 actividades.<\/figcaption><\/figure>\n<ul>\n<li><span style=\"color: #ff0000;\"><strong>Centro infantil est\u00e1 ubicado a un costado de Puente Enc\u00f3n:<\/strong><\/span><\/li>\n<\/ul>\n<p>Casi al llegar a Puente Enc\u00f3n se emplaza imponente y moderno el nuevo jard\u00edn infantil que ya complet\u00f3 el 100% de avance en las obras, por lo que se est\u00e1 trabajando en su implementaci\u00f3n para el inicio de clases. En un acto democr\u00e1tico, en el que se visualiz\u00f3 gran participaci\u00f3n y compromiso de los vecinos, se escogi\u00f3 la semana pasada el nombre del recinto que fue bautizado como \u2018Creciendo en Las Acacias\u2019. Se utiliz\u00f3 urna, papeletas para que dirigentes y ciudadanos en general pudieran ser parte de este importante hito.<br \/>\nPara completar esta actividad impulsada por la Unidad de Participaci\u00f3n Ciudadana de la Junji, la semana pasada el recinto abri\u00f3 sus puertas a la comunidad y autoridades, entre ellos el alcalde Patricio Freire y la directora regional de Junji, Carolina Morales, para realizar un recorrido que fue encabezado por el encargado de Meta Regional, Rodrigo Plaza y la arquitecta Muriel Toledo, quienes entregaron todos los detalles relacionados con materialidad, espacios, colores y dise\u00f1os de este establecimiento en el que se invirtieron cerca de un bill\u00f3n de pesos.<\/p>\n<p><strong>BIEN EQUIPADO<\/strong><br \/>\nEl nuevo jard\u00edn infantil, cuenta con dos salas cuna y dos niveles medios. Cada sala de actividades posee una sala de servicios higi\u00e9nicos para acoger a los 40 lactantes y 56 p\u00e1rvulos; sala de educadoras, sala comunitaria y de salud. Bodegas generales y did\u00e1cticas para cada nivel por separado. Patios de expansi\u00f3n en sala cuna y nivel medio. Patio general y cubierto. \u00c1rea de cocina, bodegas de aseo y alimentaci\u00f3n y ba\u00f1os por separado de manipuladoras y personal de aseo. Patio de servicio y accesos vehiculares separados.<br \/>\nLa directora regional de la Junji Valpara\u00edso, Carolina Morales Navarro, indic\u00f3 que entre las innovaciones est\u00e1n las ventanas de termopanel, sistemas de calefacci\u00f3n incorporada, circuito cerrado de TV para mayor seguridad, detectores de humo, dise\u00f1o paisaj\u00edstico y espacios cien por ciento accesibles para personas con movilidad reducida.<br \/>\n\u00abEstamos ad portas de abrir para la ciudadan\u00eda un recinto de primer nivel, con tecnolog\u00eda de punta y espacios amplios, luminosos, en el que los ni\u00f1os podr\u00e1n disfrutar de experiencias pedag\u00f3gicas en un ambiente grato y especial. El compromiso del Gobierno se hace carne con obras como esta, en la que se ha involucrado a toda una comunidad que estamos seguros nos recibir\u00e1 con los brazos abiertos una vez que iniciemos actividades para lo que estamos trabajando a toda m\u00e1quina\u00bb, indic\u00f3.<\/p>\n<figure id=\"attachment_79067\" aria-describedby=\"caption-attachment-79067\" style=\"width: 580px\" class=\"wp-caption alignnone\"><img data-recalc-dims=\"1\" loading=\"lazy\" decoding=\"async\" class=\"size-full wp-image-79067\" src=\"https:\/\/i0.wp.com\/www.eltrabajo.cl\/2017\/wp-content\/uploads\/2017\/05\/Jardin2.jpg?resize=580%2C350\" alt=\"VISTA A\u00c9REA.- As\u00ed se ve este edificio desde el cielo, este jard\u00edn infantil cuenta con dos salas cuna y dos niveles medios. Cada sala de actividades posee una sala de servicios higi\u00e9nicos para acoger a los 40  lactantes y 56 p\u00e1rvulos.\" width=\"580\" height=\"350\" srcset=\"https:\/\/i0.wp.com\/eltrabajo.cl\/portal\/wp-content\/uploads\/2017\/05\/Jardin2.jpg?w=580&amp;ssl=1 580w, https:\/\/i0.wp.com\/eltrabajo.cl\/portal\/wp-content\/uploads\/2017\/05\/Jardin2.jpg?resize=200%2C121&amp;ssl=1 200w, https:\/\/i0.wp.com\/eltrabajo.cl\/portal\/wp-content\/uploads\/2017\/05\/Jardin2.jpg?resize=300%2C181&amp;ssl=1 300w, https:\/\/i0.wp.com\/eltrabajo.cl\/portal\/wp-content\/uploads\/2017\/05\/Jardin2.jpg?resize=249%2C150&amp;ssl=1 249w, https:\/\/i0.wp.com\/eltrabajo.cl\/portal\/wp-content\/uploads\/2017\/05\/Jardin2.jpg?resize=400%2C241&amp;ssl=1 400w\" sizes=\"auto, (max-width: 580px) 100vw, 580px\" \/><figcaption id=\"caption-attachment-79067\" class=\"wp-caption-text\">VISTA A\u00c9REA.- As\u00ed se ve este edificio desde el cielo, este jard\u00edn infantil cuenta con dos salas cuna y dos niveles medios. Cada sala de actividades posee una sala de servicios higi\u00e9nicos para acoger a los 40 lactantes y 56 p\u00e1rvulos.<\/figcaption><\/figure>\n","protected":false},"excerpt":{"rendered":"<p>Centro infantil est\u00e1 ubicado a un costado de Puente Enc\u00f3n: Casi al llegar a Puente Enc\u00f3n se emplaza imponente y moderno el nuevo jard\u00edn infantil que ya complet\u00f3 el 100% de avance&#8230;<\/p>\n","protected":false},"author":482,"featured_media":79067,"comment_status":"open","ping_status":"open","sticky":false,"template":"","format":"standard","meta":{"advanced_seo_description":"","jetpack_seo_html_title":"","jetpack_seo_noindex":false,"_jetpack_memberships_contains_paid_content":false,"footnotes":""},"categories":[1],"tags":[],"class_list":["post-79065","post","type-post","status-publish","format-standard","has-post-thumbnail","hentry","category-cronica"],"jetpack_featured_media_url":"https:\/\/i0.wp.com\/eltrabajo.cl\/portal\/wp-content\/uploads\/2017\/05\/Jardin2.jpg?fit=580%2C350&ssl=1","jetpack_sharing_enabled":true,"jetpack_likes_enabled":true,"jetpack-related-posts":[],"_links":{"self":[{"href":"https:\/\/eltrabajo.cl\/portal\/wp-json\/wp\/v2\/posts\/79065","targetHints":{"allow":["GET"]}}],"collection":[{"href":"https:\/\/eltrabajo.cl\/portal\/wp-json\/wp\/v2\/posts"}],"about":[{"href":"https:\/\/eltrabajo.cl\/portal\/wp-json\/wp\/v2\/types\/post"}],"author":[{"embeddable":true,"href":"https:\/\/eltrabajo.cl\/portal\/wp-json\/wp\/v2\/users\/482"}],"replies":[{"embeddable":true,"href":"https:\/\/eltrabajo.cl\/portal\/wp-json\/wp\/v2\/comments?post=79065"}],"version-history":[{"count":0,"href":"https:\/\/eltrabajo.cl\/portal\/wp-json\/wp\/v2\/posts\/79065\/revisions"}],"wp:featuredmedia":[{"embeddable":true,"href":"https:\/\/eltrabajo.cl\/portal\/wp-json\/wp\/v2\/media\/79067"}],"wp:attachment":[{"href":"https:\/\/eltrabajo.cl\/portal\/wp-json\/wp\/v2\/media?parent=79065"}],"wp:term":[{"taxonomy":"category","embeddable":true,"href":"https:\/\/eltrabajo.cl\/portal\/wp-json\/wp\/v2\/categories?post=79065"},{"taxonomy":"post_tag","embeddable":true,"href":"https:\/\/eltrabajo.cl\/portal\/wp-json\/wp\/v2\/tags?post=79065"}],"curies":[{"name":"wp","href":"https:\/\/api.w.org\/{rel}","templated":true}]}}