{"id":79072,"date":"2017-05-22T06:03:40","date_gmt":"2017-05-22T10:03:40","guid":{"rendered":"http:\/\/www.eltrabajo.cl\/2017\/?p=79072"},"modified":"2017-05-22T06:03:40","modified_gmt":"2017-05-22T10:03:40","slug":"trasandino-cae-3-a-2-con-vallenar-y-desciende-a-la-tercera-division","status":"publish","type":"post","link":"https:\/\/eltrabajo.cl\/portal\/trasandino-cae-3-a-2-con-vallenar-y-desciende-a-la-tercera-division\/","title":{"rendered":"Trasandino cae 3 a 2 con Vallenar y desciende a la Tercera Divisi\u00f3n"},"content":{"rendered":"<figure id=\"attachment_79073\" aria-describedby=\"caption-attachment-79073\" style=\"width: 580px\" class=\"wp-caption alignnone\"><img data-recalc-dims=\"1\" loading=\"lazy\" decoding=\"async\" class=\"size-full wp-image-79073\" src=\"https:\/\/i0.wp.com\/www.eltrabajo.cl\/2017\/wp-content\/uploads\/2017\/05\/vallenar-trasandino.jpg?resize=580%2C349\" alt=\"Con dos ausencias sensibles y al mismo tiempo muy extra\u00f1as, Trasandino debi\u00f3 enfrentar a Deportes Vallenar. Al final los andinos perdieron 3 a 2 y lo que es peor bajaron a Tercera. (Foto: ANFP)\" width=\"580\" height=\"349\" srcset=\"https:\/\/i0.wp.com\/eltrabajo.cl\/portal\/wp-content\/uploads\/2017\/05\/vallenar-trasandino.jpg?w=580&amp;ssl=1 580w, https:\/\/i0.wp.com\/eltrabajo.cl\/portal\/wp-content\/uploads\/2017\/05\/vallenar-trasandino.jpg?resize=200%2C120&amp;ssl=1 200w, https:\/\/i0.wp.com\/eltrabajo.cl\/portal\/wp-content\/uploads\/2017\/05\/vallenar-trasandino.jpg?resize=300%2C181&amp;ssl=1 300w, https:\/\/i0.wp.com\/eltrabajo.cl\/portal\/wp-content\/uploads\/2017\/05\/vallenar-trasandino.jpg?resize=249%2C150&amp;ssl=1 249w, https:\/\/i0.wp.com\/eltrabajo.cl\/portal\/wp-content\/uploads\/2017\/05\/vallenar-trasandino.jpg?resize=400%2C241&amp;ssl=1 400w\" sizes=\"auto, (max-width: 580px) 100vw, 580px\" \/><figcaption id=\"caption-attachment-79073\" class=\"wp-caption-text\">Con dos ausencias sensibles y al mismo tiempo muy extra\u00f1as, Trasandino debi\u00f3 enfrentar a Deportes Vallenar. Al final los andinos perdieron 3 a 2 y lo que es peor bajaron a Tercera. (Foto: ANFP)<\/figcaption><\/figure>\n<ul>\n<li><span style=\"color: #ff0000;\"><strong>En el partido final de la temporada, los andinos no pudieron contar con dos jugadores, quienes simplemente no llegaron a la citaci\u00f3n. En la interna de \u2018El Tra\u2019 se habla derechamente en que en esta situaci\u00f3n habr\u00eda actuado el famoso \u2018Hombre del Malet\u00edn\u2019.<\/strong> <\/span><\/li>\n<\/ul>\n<p>Luchando contra el rival y situaciones externas muy graves y sospechosas, como por ejemplo el que su arquero titular (Carlos Gonz\u00e1lez) y un jugador de campo (Francisco Delgado) no hayan llegado a la citaci\u00f3n, Trasandino descendi\u00f3 a la Tercera Divisi\u00f3n al caer por 3 a 2 ante Deportes Vallenar.<br \/>\nLa p\u00e9sima conformaci\u00f3n del plantel por parte de los directivos y Gerardo Reinoso -el primer t\u00e9cnico de la temporada- desencaden\u00f3 en una mala campa\u00f1a que s\u00f3lo vino a mejorar algo con la llegada de Ricardo \u2018Manteca\u2019 Gonz\u00e1lez, pero pese a que en la parte intermedia del certamen dio la sensaci\u00f3n de que el equipo andino se salvar\u00eda, igual no se le pudo escapar de caer a Tercera.<br \/>\nAl duelo del s\u00e1bado \u2018El C\u00f3ndor\u2019 llegaba casi herido de muerte, porque al grupo se le hizo muy dif\u00edcil cargar con las ausencias de Gonz\u00e1les y Delgado, que de manera inexplicable y quiz\u00e1s por qu\u00e9 razones fallaron en el momento m\u00e1s trascendente de todo el torneo.<br \/>\nTrasandino alcanz\u00f3 a ilusionar a su hinchada que el milagro era posible cuando el juvenil Jorge Flores en el minuto 10 los adelant\u00f3 en el marcador. Una ventaja exigua pero que lograron sostener durante el resto del primer lapso.<br \/>\nLamentablemente los nortinos no alcanzaron a ponerse nerviosos, porque cuando reci\u00e9n hab\u00edan pasado 120 segundos del complemento, Jos\u00e9 Riquero nivel\u00f3 el marcador, situaci\u00f3n que ser\u00eda m\u00e1s negativa cuando el juez expuls\u00f3 a en el 53\u2019 a Javier Mu\u00f1oz.<br \/>\nCon el marcador igualado y un hombre menos, Trasandino, consciente que no pod\u00eda darse el lujo de empatar, sigui\u00f3 luchando por el triunfo, pero cuando se jugaba el minuto 65, Cristopher V\u00e1squez anot\u00f3 la segunda cifra para los atacame\u00f1os que desde ese instante sintieron que ya estaban salvados, porque al equipo de Los Andes les costaba 2 goles salvarse del descenso.<br \/>\nUna p\u00e9rdida de categor\u00eda es un hecho doloroso, que muchas veces marca a los jugadores y t\u00e9cnicos, y quiz\u00e1s por eso que \u2018El Tra\u2019 no baj\u00f3 los brazos, y por m\u00e1s golpeado que estuviera, batall\u00f3 para cambiar la historia; fue H\u00e9ctor Vega quien a los 70 entreg\u00f3 un envi\u00f3n an\u00edmico al conseguir el empate.<br \/>\nEl gol de \u2018El Caldillo\u2019 meti\u00f3 el lance en una hoguera de nervios, ya que la suerte de ambos equipos tambaleaba y su permanec\u00eda en la Segunda Divisi\u00f3n pend\u00eda de un hilo que lamentablemente se cort\u00f3 para el lado aconcag\u00fcino, cuando ya en el final Pablo Sanhueza anot\u00f3 el 3 a 2 final que desencaden\u00f3 y sell\u00f3 la ca\u00edda de Trasandino a la Tercera Divisi\u00f3n del f\u00fatbol chileno.<\/p>\n","protected":false},"excerpt":{"rendered":"<p>En el partido final de la temporada, los andinos no pudieron contar con dos jugadores, quienes simplemente no llegaron a la citaci\u00f3n. En la interna de \u2018El Tra\u2019 se habla derechamente en&#8230;<\/p>\n","protected":false},"author":482,"featured_media":79073,"comment_status":"open","ping_status":"open","sticky":false,"template":"","format":"standard","meta":{"advanced_seo_description":"","jetpack_seo_html_title":"","jetpack_seo_noindex":false,"_jetpack_memberships_contains_paid_content":false,"footnotes":""},"categories":[19],"tags":[],"class_list":["post-79072","post","type-post","status-publish","format-standard","has-post-thumbnail","hentry","category-deportes"],"jetpack_featured_media_url":"https:\/\/i0.wp.com\/eltrabajo.cl\/portal\/wp-content\/uploads\/2017\/05\/vallenar-trasandino.jpg?fit=580%2C349&ssl=1","jetpack_sharing_enabled":true,"jetpack_likes_enabled":true,"jetpack-related-posts":[],"_links":{"self":[{"href":"https:\/\/eltrabajo.cl\/portal\/wp-json\/wp\/v2\/posts\/79072","targetHints":{"allow":["GET"]}}],"collection":[{"href":"https:\/\/eltrabajo.cl\/portal\/wp-json\/wp\/v2\/posts"}],"about":[{"href":"https:\/\/eltrabajo.cl\/portal\/wp-json\/wp\/v2\/types\/post"}],"author":[{"embeddable":true,"href":"https:\/\/eltrabajo.cl\/portal\/wp-json\/wp\/v2\/users\/482"}],"replies":[{"embeddable":true,"href":"https:\/\/eltrabajo.cl\/portal\/wp-json\/wp\/v2\/comments?post=79072"}],"version-history":[{"count":0,"href":"https:\/\/eltrabajo.cl\/portal\/wp-json\/wp\/v2\/posts\/79072\/revisions"}],"wp:featuredmedia":[{"embeddable":true,"href":"https:\/\/eltrabajo.cl\/portal\/wp-json\/wp\/v2\/media\/79073"}],"wp:attachment":[{"href":"https:\/\/eltrabajo.cl\/portal\/wp-json\/wp\/v2\/media?parent=79072"}],"wp:term":[{"taxonomy":"category","embeddable":true,"href":"https:\/\/eltrabajo.cl\/portal\/wp-json\/wp\/v2\/categories?post=79072"},{"taxonomy":"post_tag","embeddable":true,"href":"https:\/\/eltrabajo.cl\/portal\/wp-json\/wp\/v2\/tags?post=79072"}],"curies":[{"name":"wp","href":"https:\/\/api.w.org\/{rel}","templated":true}]}}