{"id":79082,"date":"2017-05-22T06:05:55","date_gmt":"2017-05-22T10:05:55","guid":{"rendered":"http:\/\/www.eltrabajo.cl\/2017\/?p=79082"},"modified":"2017-05-22T06:05:55","modified_gmt":"2017-05-22T10:05:55","slug":"museo-de-historia-reabrira-sus-puertas-a-la-comunidad-en-el-dia-del-patrimonio","status":"publish","type":"post","link":"https:\/\/eltrabajo.cl\/portal\/museo-de-historia-reabrira-sus-puertas-a-la-comunidad-en-el-dia-del-patrimonio\/","title":{"rendered":"Museo de Historia reabrir\u00e1 sus puertas a la comunidad en el D\u00eda del Patrimonio"},"content":{"rendered":"<figure id=\"attachment_79086\" aria-describedby=\"caption-attachment-79086\" style=\"width: 580px\" class=\"wp-caption alignnone\"><img data-recalc-dims=\"1\" loading=\"lazy\" decoding=\"async\" class=\"size-full wp-image-79086\" src=\"https:\/\/i0.wp.com\/www.eltrabajo.cl\/2017\/wp-content\/uploads\/2017\/05\/Museo_Trio-1.jpg?resize=580%2C348\" alt=\"PROFESIONALES VOLUNTARIOS.- Carlos Coros, profesional del Museo Arqueol\u00f3gico de Los Andes y de la Universidad de Valpara\u00edso, junto a Pamela Maldonado y Mar\u00eda Luisa Castro, quienes  trabajan como voluntarias en el museo sanfelipe\u00f1o.\" width=\"580\" height=\"348\" srcset=\"https:\/\/i0.wp.com\/eltrabajo.cl\/portal\/wp-content\/uploads\/2017\/05\/Museo_Trio-1.jpg?w=580&amp;ssl=1 580w, https:\/\/i0.wp.com\/eltrabajo.cl\/portal\/wp-content\/uploads\/2017\/05\/Museo_Trio-1.jpg?resize=200%2C120&amp;ssl=1 200w, https:\/\/i0.wp.com\/eltrabajo.cl\/portal\/wp-content\/uploads\/2017\/05\/Museo_Trio-1.jpg?resize=300%2C180&amp;ssl=1 300w, https:\/\/i0.wp.com\/eltrabajo.cl\/portal\/wp-content\/uploads\/2017\/05\/Museo_Trio-1.jpg?resize=250%2C150&amp;ssl=1 250w, https:\/\/i0.wp.com\/eltrabajo.cl\/portal\/wp-content\/uploads\/2017\/05\/Museo_Trio-1.jpg?resize=400%2C240&amp;ssl=1 400w\" sizes=\"auto, (max-width: 580px) 100vw, 580px\" \/><figcaption id=\"caption-attachment-79086\" class=\"wp-caption-text\">PROFESIONALES VOLUNTARIOS.- Carlos Coros, profesional del Museo Arqueol\u00f3gico de Los Andes y de la Universidad de Valpara\u00edso, junto a Pamela Maldonado y Mar\u00eda Luisa Castro, quienes trabajan como voluntarias en el museo sanfelipe\u00f1o.<\/figcaption><\/figure>\n<ul>\n<li><span style=\"color: #ff0000;\"><strong>El pr\u00f3ximo domingo 28 de mayo:<\/strong><\/span><\/li>\n<\/ul>\n<p>El pr\u00f3ximo domingo 28 de mayo se conmemorar\u00e1 el D\u00eda del Patrimonio en San Felipe y una de las actividades destacadas a realizarse en esta comuna, ser\u00e1 la reapertura del Museo Hist\u00f3rico, el cual, presentar\u00e1 un nuevo gui\u00f3n a la comunidad, con salas tem\u00e1ticas que le otorgan un sentido distinto a su recorrido.<br \/>\nAs\u00ed lo describi\u00f3 Adela Cubillos Meza, presidenta del Sociedad de Historia y Arqueolog\u00eda de Aconcagua, quien anticip\u00f3 que la gran novedad es la nueva perspectiva con la que se presentar\u00e1 el museo a sus visitantes.<br \/>\n\u00abEste es un nuevo gui\u00f3n que se implement\u00f3 desde hace dos a\u00f1os y que tiene que ver no con una mirada cronol\u00f3gica, sino que desde la gente, de la comunidad, queremos que sea m\u00e1s entretenido para los ni\u00f1os, los colegios y las familias que nos vengan a visitar\u00bb, apunt\u00f3 Cubillos<br \/>\nAs\u00ed, el museo sanfelipe\u00f1o presentar\u00e1 nueva iluminaci\u00f3n en sus vitrinas y un reordenamiento de sus piezas, otorg\u00e1ndole un sentido distinto a su recorrido, con visitas guiadas por los mismos voluntarios que trabajan en el lugar.<\/p>\n<p><strong>SALAS TEM\u00c1TICAS<\/strong><br \/>\n\u00abEn este minuto tenemos habilitada la Sala Cultura Aconcagua (Arqueolog\u00eda), en la que se podr\u00e1 apreciar toda la cer\u00e1mica encontrada en los sitios de Bellavista, principalmente. La Sala 2 habla de San Felipe en el siglo XIX, ah\u00ed est\u00e1 el retrato de Diego Portales, personajes sanfelipe\u00f1os como Benjam\u00edn de Parras\u00eda y tambi\u00e9n el rol que jug\u00f3 Aconcagua en la independencia de Chile.<br \/>\nLa tercera sala habla de la vida en la casa y la vida religiosa: qu\u00e9 com\u00eda la gente; c\u00f3mo viv\u00eda; c\u00f3mo iba a la iglesia; d\u00f3nde se reclinaba; qu\u00e9 santos ten\u00edan en la casa, etc. Una cuarta sala presenta la industria y el comercio en San Felipe, comunicaciones tambi\u00e9n con la primera Radio de Aconcagua; en esa misma sala est\u00e1 Higiene y Salud: donde se destacan los objetos que pertenec\u00edan al doctor Segismundo Iturra. Finalmente, la pen\u00faltima sala es de Artes y Letras, con escritores y pintores Aconcag\u00fcinos\u00bb, detall\u00f3 la profesional, agregando que la \u00faltima sala con la tem\u00e1tica de Agricultura y Miner\u00eda, no estar\u00e1 lista para el mismo 28 de mayo, debido que a\u00fan faltan objetos por ordenar.<br \/>\nEl museo se encontraba en reacondicionamiento, desde diciembre del a\u00f1o pasado, enmarcado en un proyecto que tiene por t\u00edtulo Reencantar a los sanfelipe\u00f1os con el museo. A lo largo de los a\u00f1os sus salas se han montado con aportes entregados por los mismos sanfelipe\u00f1os e integrantes de la Sociedad de Historia.<br \/>\n\u00abEst\u00e1 toda la colecci\u00f3n de los Hermanos Aravena-Williams: su biblioteca, sus muebles y muchos objetos que hablan de la historia sanfelipe\u00f1a; tambi\u00e9n de la prehistoria\u00bb, inform\u00f3 Cubillos.<br \/>\nLos trabajos en el museo han sido desarrollados por voluntarios como Franchesca Bonati, Erasmo Herrera, Mar\u00eda Luisa Castro, estudiantes de la carrera de Pedagog\u00eda en Historia y Geograf\u00eda Universidad de Playa Ancha Sede San Felipe, Leonardo Car\u00e1metro, quien don\u00f3 los pedestales para el montaje del nuevo guion y Sergio Jara, miembro de la Sociedad de Historia, quien realiz\u00f3 una importante contribuci\u00f3n para remozar el museo.<\/p>\n<figure id=\"attachment_79085\" aria-describedby=\"caption-attachment-79085\" style=\"width: 580px\" class=\"wp-caption alignnone\"><img data-recalc-dims=\"1\" loading=\"lazy\" decoding=\"async\" class=\"size-full wp-image-79085\" src=\"https:\/\/i0.wp.com\/www.eltrabajo.cl\/2017\/wp-content\/uploads\/2017\/05\/Museo_Vitrina.jpg?resize=580%2C348\" alt=\"Desde esa fecha estar\u00e1 abierto a la comunidad de lunes a s\u00e1bado entre las 9:00 y las 13:00 horas y desde las 15:00 a las 18:00 horas.\" width=\"580\" height=\"348\" srcset=\"https:\/\/i0.wp.com\/eltrabajo.cl\/portal\/wp-content\/uploads\/2017\/05\/Museo_Vitrina.jpg?w=580&amp;ssl=1 580w, https:\/\/i0.wp.com\/eltrabajo.cl\/portal\/wp-content\/uploads\/2017\/05\/Museo_Vitrina.jpg?resize=200%2C120&amp;ssl=1 200w, https:\/\/i0.wp.com\/eltrabajo.cl\/portal\/wp-content\/uploads\/2017\/05\/Museo_Vitrina.jpg?resize=300%2C180&amp;ssl=1 300w, https:\/\/i0.wp.com\/eltrabajo.cl\/portal\/wp-content\/uploads\/2017\/05\/Museo_Vitrina.jpg?resize=250%2C150&amp;ssl=1 250w, https:\/\/i0.wp.com\/eltrabajo.cl\/portal\/wp-content\/uploads\/2017\/05\/Museo_Vitrina.jpg?resize=400%2C240&amp;ssl=1 400w\" sizes=\"auto, (max-width: 580px) 100vw, 580px\" \/><figcaption id=\"caption-attachment-79085\" class=\"wp-caption-text\">Desde esa fecha estar\u00e1 abierto a la comunidad de lunes a s\u00e1bado entre las 9:00 y las 13:00 horas y desde las 15:00 a las 18:00 horas.<\/figcaption><\/figure>\n<figure id=\"attachment_79083\" aria-describedby=\"caption-attachment-79083\" style=\"width: 580px\" class=\"wp-caption alignnone\"><img data-recalc-dims=\"1\" loading=\"lazy\" decoding=\"async\" class=\"size-full wp-image-79083\" src=\"https:\/\/i0.wp.com\/www.eltrabajo.cl\/2017\/wp-content\/uploads\/2017\/05\/Museo_Adela-Cubillos.jpg?resize=580%2C349\" alt=\"Adela Cubillos Meza, presidenta de la Sociedad de Historia y Arqueolog\u00eda de Aconcagua.\" width=\"580\" height=\"349\" srcset=\"https:\/\/i0.wp.com\/eltrabajo.cl\/portal\/wp-content\/uploads\/2017\/05\/Museo_Adela-Cubillos.jpg?w=580&amp;ssl=1 580w, https:\/\/i0.wp.com\/eltrabajo.cl\/portal\/wp-content\/uploads\/2017\/05\/Museo_Adela-Cubillos.jpg?resize=200%2C120&amp;ssl=1 200w, https:\/\/i0.wp.com\/eltrabajo.cl\/portal\/wp-content\/uploads\/2017\/05\/Museo_Adela-Cubillos.jpg?resize=300%2C181&amp;ssl=1 300w, https:\/\/i0.wp.com\/eltrabajo.cl\/portal\/wp-content\/uploads\/2017\/05\/Museo_Adela-Cubillos.jpg?resize=249%2C150&amp;ssl=1 249w, https:\/\/i0.wp.com\/eltrabajo.cl\/portal\/wp-content\/uploads\/2017\/05\/Museo_Adela-Cubillos.jpg?resize=400%2C241&amp;ssl=1 400w\" sizes=\"auto, (max-width: 580px) 100vw, 580px\" \/><figcaption id=\"caption-attachment-79083\" class=\"wp-caption-text\">Adela Cubillos Meza, presidenta de la Sociedad de Historia y Arqueolog\u00eda de Aconcagua.<\/figcaption><\/figure>\n","protected":false},"excerpt":{"rendered":"<p>El pr\u00f3ximo domingo 28 de mayo: El pr\u00f3ximo domingo 28 de mayo se conmemorar\u00e1 el D\u00eda del Patrimonio en San Felipe y una de las actividades destacadas a realizarse en esta comuna,&#8230;<\/p>\n","protected":false},"author":482,"featured_media":79085,"comment_status":"open","ping_status":"open","sticky":false,"template":"","format":"standard","meta":{"advanced_seo_description":"","jetpack_seo_html_title":"","jetpack_seo_noindex":false,"_jetpack_memberships_contains_paid_content":false,"footnotes":""},"categories":[15],"tags":[],"class_list":["post-79082","post","type-post","status-publish","format-standard","has-post-thumbnail","hentry","category-comunidad"],"jetpack_featured_media_url":"https:\/\/i0.wp.com\/eltrabajo.cl\/portal\/wp-content\/uploads\/2017\/05\/Museo_Vitrina.jpg?fit=580%2C348&ssl=1","jetpack_sharing_enabled":true,"jetpack_likes_enabled":true,"jetpack-related-posts":[],"_links":{"self":[{"href":"https:\/\/eltrabajo.cl\/portal\/wp-json\/wp\/v2\/posts\/79082","targetHints":{"allow":["GET"]}}],"collection":[{"href":"https:\/\/eltrabajo.cl\/portal\/wp-json\/wp\/v2\/posts"}],"about":[{"href":"https:\/\/eltrabajo.cl\/portal\/wp-json\/wp\/v2\/types\/post"}],"author":[{"embeddable":true,"href":"https:\/\/eltrabajo.cl\/portal\/wp-json\/wp\/v2\/users\/482"}],"replies":[{"embeddable":true,"href":"https:\/\/eltrabajo.cl\/portal\/wp-json\/wp\/v2\/comments?post=79082"}],"version-history":[{"count":0,"href":"https:\/\/eltrabajo.cl\/portal\/wp-json\/wp\/v2\/posts\/79082\/revisions"}],"wp:featuredmedia":[{"embeddable":true,"href":"https:\/\/eltrabajo.cl\/portal\/wp-json\/wp\/v2\/media\/79085"}],"wp:attachment":[{"href":"https:\/\/eltrabajo.cl\/portal\/wp-json\/wp\/v2\/media?parent=79082"}],"wp:term":[{"taxonomy":"category","embeddable":true,"href":"https:\/\/eltrabajo.cl\/portal\/wp-json\/wp\/v2\/categories?post=79082"},{"taxonomy":"post_tag","embeddable":true,"href":"https:\/\/eltrabajo.cl\/portal\/wp-json\/wp\/v2\/tags?post=79082"}],"curies":[{"name":"wp","href":"https:\/\/api.w.org\/{rel}","templated":true}]}}