{"id":79100,"date":"2017-05-23T06:02:01","date_gmt":"2017-05-23T10:02:01","guid":{"rendered":"http:\/\/www.eltrabajo.cl\/2017\/?p=79100"},"modified":"2017-05-23T06:02:01","modified_gmt":"2017-05-23T10:02:01","slug":"union-san-felipe-presentara-hoy-a-su-nuevo-director-tecnico","status":"publish","type":"post","link":"https:\/\/eltrabajo.cl\/portal\/union-san-felipe-presentara-hoy-a-su-nuevo-director-tecnico\/","title":{"rendered":"Uni\u00f3n San Felipe presentar\u00e1 hoy a su nuevo director t\u00e9cnico"},"content":{"rendered":"<figure id=\"attachment_79101\" aria-describedby=\"caption-attachment-79101\" style=\"width: 580px\" class=\"wp-caption alignnone\"><img data-recalc-dims=\"1\" loading=\"lazy\" decoding=\"async\" class=\"size-full wp-image-79101\" src=\"https:\/\/i0.wp.com\/www.eltrabajo.cl\/2017\/wp-content\/uploads\/2017\/05\/hernan-madrid.jpg?resize=580%2C349\" alt=\"Esta ma\u00f1ana Hern\u00e1n Madrid se convertir\u00e1 en el nuevo entrenador de Uni\u00f3n San Felipe.\" width=\"580\" height=\"349\" srcset=\"https:\/\/i0.wp.com\/eltrabajo.cl\/portal\/wp-content\/uploads\/2017\/05\/hernan-madrid.jpg?w=580&amp;ssl=1 580w, https:\/\/i0.wp.com\/eltrabajo.cl\/portal\/wp-content\/uploads\/2017\/05\/hernan-madrid.jpg?resize=200%2C120&amp;ssl=1 200w, https:\/\/i0.wp.com\/eltrabajo.cl\/portal\/wp-content\/uploads\/2017\/05\/hernan-madrid.jpg?resize=300%2C181&amp;ssl=1 300w, https:\/\/i0.wp.com\/eltrabajo.cl\/portal\/wp-content\/uploads\/2017\/05\/hernan-madrid.jpg?resize=249%2C150&amp;ssl=1 249w, https:\/\/i0.wp.com\/eltrabajo.cl\/portal\/wp-content\/uploads\/2017\/05\/hernan-madrid.jpg?resize=400%2C241&amp;ssl=1 400w\" sizes=\"auto, (max-width: 580px) 100vw, 580px\" \/><figcaption id=\"caption-attachment-79101\" class=\"wp-caption-text\">Esta ma\u00f1ana Hern\u00e1n Madrid se convertir\u00e1 en el nuevo entrenador de Uni\u00f3n San Felipe.<\/figcaption><\/figure>\n<p>A las once horas de este martes 23 de mayo, en la sede del club, ubicada en las intersecciones de las calles Navarro con santo Domingo, Hern\u00e1n Madrid Cataldo ser\u00e1 presentado como nuevo entrenador del primer equipo albirrojo.<br \/>\nEl joven profesional quien en su \u00e9poca de jugador activo milit\u00f3 en la UC, Huachipato, La Calera, San Luis, Antofagasta, se desempe\u00f1\u00f3 como volante central, tiene 36 a\u00f1os de edad (02-04-1981) y llega a Uni\u00f3n San Felipe para darle el vamos a una carrera como coach que tuvo su punto de partida cuando fue ayudante de campo de Fernando Vergara, cuando \u00e9ste dirigi\u00f3 a la Uni\u00f3n Espa\u00f1ola y posteriormente Deportes Antofagasta.<br \/>\nSi bien cierto Madrid Cataldo tiene nula experiencia al mando de un primer equipo profesional, igual se espera que cumpla de buena forma en el Un\u00ed Un\u00ed, debido a que es considerado un estratega con futuro, motivo por el cual opt\u00f3 por independizarse para comenzar a dirigir, aparte de ser un conocedor de la Primera B y todo el f\u00fatbol chileno, un motivo de peso por el cual la regencia albirroja se decidi\u00f3 para contar con sus servicios.<\/p>\n","protected":false},"excerpt":{"rendered":"<p>A las once horas de este martes 23 de mayo, en la sede del club, ubicada en las intersecciones de las calles Navarro con santo Domingo, Hern\u00e1n Madrid Cataldo ser\u00e1 presentado como&#8230;<\/p>\n","protected":false},"author":482,"featured_media":79101,"comment_status":"open","ping_status":"open","sticky":false,"template":"","format":"standard","meta":{"advanced_seo_description":"","jetpack_seo_html_title":"","jetpack_seo_noindex":false,"_jetpack_memberships_contains_paid_content":false,"footnotes":""},"categories":[19],"tags":[],"class_list":["post-79100","post","type-post","status-publish","format-standard","has-post-thumbnail","hentry","category-deportes"],"jetpack_featured_media_url":"https:\/\/i0.wp.com\/eltrabajo.cl\/portal\/wp-content\/uploads\/2017\/05\/hernan-madrid.jpg?fit=580%2C349&ssl=1","jetpack_sharing_enabled":true,"jetpack_likes_enabled":true,"jetpack-related-posts":[],"_links":{"self":[{"href":"https:\/\/eltrabajo.cl\/portal\/wp-json\/wp\/v2\/posts\/79100","targetHints":{"allow":["GET"]}}],"collection":[{"href":"https:\/\/eltrabajo.cl\/portal\/wp-json\/wp\/v2\/posts"}],"about":[{"href":"https:\/\/eltrabajo.cl\/portal\/wp-json\/wp\/v2\/types\/post"}],"author":[{"embeddable":true,"href":"https:\/\/eltrabajo.cl\/portal\/wp-json\/wp\/v2\/users\/482"}],"replies":[{"embeddable":true,"href":"https:\/\/eltrabajo.cl\/portal\/wp-json\/wp\/v2\/comments?post=79100"}],"version-history":[{"count":0,"href":"https:\/\/eltrabajo.cl\/portal\/wp-json\/wp\/v2\/posts\/79100\/revisions"}],"wp:featuredmedia":[{"embeddable":true,"href":"https:\/\/eltrabajo.cl\/portal\/wp-json\/wp\/v2\/media\/79101"}],"wp:attachment":[{"href":"https:\/\/eltrabajo.cl\/portal\/wp-json\/wp\/v2\/media?parent=79100"}],"wp:term":[{"taxonomy":"category","embeddable":true,"href":"https:\/\/eltrabajo.cl\/portal\/wp-json\/wp\/v2\/categories?post=79100"},{"taxonomy":"post_tag","embeddable":true,"href":"https:\/\/eltrabajo.cl\/portal\/wp-json\/wp\/v2\/tags?post=79100"}],"curies":[{"name":"wp","href":"https:\/\/api.w.org\/{rel}","templated":true}]}}