{"id":79103,"date":"2017-05-23T06:04:38","date_gmt":"2017-05-23T10:04:38","guid":{"rendered":"http:\/\/www.eltrabajo.cl\/2017\/?p=79103"},"modified":"2017-05-23T06:04:38","modified_gmt":"2017-05-23T10:04:38","slug":"presidenta-bachelet-coloco-primera-piedra-nuevo-complejo-los-libertadores","status":"publish","type":"post","link":"https:\/\/eltrabajo.cl\/portal\/presidenta-bachelet-coloco-primera-piedra-nuevo-complejo-los-libertadores\/","title":{"rendered":"Presidenta Bachelet coloc\u00f3 Primera Piedra nuevo Complejo Los Libertadores"},"content":{"rendered":"<figure id=\"attachment_79104\" aria-describedby=\"caption-attachment-79104\" style=\"width: 580px\" class=\"wp-caption alignnone\"><img data-recalc-dims=\"1\" loading=\"lazy\" decoding=\"async\" class=\"size-full wp-image-79104\" src=\"https:\/\/i0.wp.com\/www.eltrabajo.cl\/2017\/wp-content\/uploads\/2017\/05\/bachelet-primera-piedra.jpg?resize=580%2C348\" alt=\"La Presidenta Michelle Bachelet encabez\u00f3 la ceremonia de colocaci\u00f3n simb\u00f3lica de la primera piedra del nuevo complejo fronterizo Los Libertadores.\" width=\"580\" height=\"348\" srcset=\"https:\/\/i0.wp.com\/eltrabajo.cl\/portal\/wp-content\/uploads\/2017\/05\/bachelet-primera-piedra.jpg?w=580&amp;ssl=1 580w, https:\/\/i0.wp.com\/eltrabajo.cl\/portal\/wp-content\/uploads\/2017\/05\/bachelet-primera-piedra.jpg?resize=200%2C120&amp;ssl=1 200w, https:\/\/i0.wp.com\/eltrabajo.cl\/portal\/wp-content\/uploads\/2017\/05\/bachelet-primera-piedra.jpg?resize=300%2C180&amp;ssl=1 300w, https:\/\/i0.wp.com\/eltrabajo.cl\/portal\/wp-content\/uploads\/2017\/05\/bachelet-primera-piedra.jpg?resize=250%2C150&amp;ssl=1 250w, https:\/\/i0.wp.com\/eltrabajo.cl\/portal\/wp-content\/uploads\/2017\/05\/bachelet-primera-piedra.jpg?resize=400%2C240&amp;ssl=1 400w\" sizes=\"auto, (max-width: 580px) 100vw, 580px\" \/><figcaption id=\"caption-attachment-79104\" class=\"wp-caption-text\">La Presidenta Michelle Bachelet encabez\u00f3 la ceremonia de colocaci\u00f3n simb\u00f3lica de la primera piedra del nuevo complejo fronterizo Los Libertadores.<\/figcaption><\/figure>\n<ul>\n<li><span style=\"color: #ff0000;\"><strong>Recinto estar\u00e1 en operaciones durante el primer semestre de 2019.<\/strong><\/span><\/li>\n<\/ul>\n<p><strong>LOS ANDES.-<\/strong> Con la presencia de la Presidenta de la Rep\u00fablica Michelle Bachelet se llev\u00f3 adelante la ceremonia de colocaci\u00f3n de la primera piedra del nuevo complejo fronterizo Los Libertadores que comenzar\u00e1 a operar a mediados del a\u00f1o 2019.<br \/>\nEn la oportunidad, la Presidenta de la Rep\u00fablica se refiri\u00f3 a la importancia de mejorar las condiciones del complejo Los Libertadores acorde con el incremento del comercio con Argentina y tambi\u00e9n del aumento del tr\u00e1nsito de personas.<br \/>\n\u201cEsta positiva relaci\u00f3n entre naciones se refleja d\u00eda a d\u00eda en el constante traslado de personas, de veh\u00edculos y de mercanc\u00edas a trav\u00e9s de los distintos pasos que tenemos con Argentina, dentro de los cuales Los Libertadores es fundamental. Para eso estamos invirtiendo, para tener una infraestructura que nos permita hacer m\u00e1s eficiente el tr\u00e1nsito internacional y poder hacer frente al enorme y positivo aumento de tr\u00e1fico entre ambos pa\u00edses\u201d, declar\u00f3.<br \/>\nSubray\u00f3 que se van a agilizar los procesos, lo cual significar\u00e1 un menor tiempo de viaje: \u201cSe entregar\u00e1n mayores comodidades a los miles de viajeros que recorren en ambos sentidos este camino que nos une con nuestros vecinos. Chile es un pa\u00eds abierto al mundo e integrado plenamente a los intercambios globales y tambi\u00e9n con fuertes lazos con otros pa\u00edses de Sudam\u00e9rica\u201d.<br \/>\nRecord\u00f3 que en su reciente viaje a China comprob\u00f3 el inter\u00e9s del gigante asi\u00e1tico en participar de proyectos de inversi\u00f3n en nuestro pa\u00eds y ser su socio comercial.<br \/>\n\u201cEsta obra es parte de esa convicci\u00f3n y de ese esfuerzo, aqu\u00ed se van a invertir 87 millones de d\u00f3lares, es decir m\u00e1s de 56 mil millones de pesos en construir instalaciones con la mejor tecnolog\u00eda y la mayor comodidad para el tr\u00e1fico internacional. Esto va a permitir triplicar la capacidad para controlar veh\u00edculos livianos, que va a pasar de cinco, que atiende actualmente en forma simult\u00e1nea, a quince; en el caso de los buses la capacidad se va a duplicar, de dos a cuatro y en el caso de los camiones tambi\u00e9n se puede llegar a cuatro en forma simult\u00e1nea\u201d, manifest\u00f3 la Presidenta.<br \/>\nComent\u00f3 que se va a construir un edificio de 25 mil metros cuadrados con tres niveles y va a contar con zonas diferenciadas para el control de autom\u00f3viles, buses y camiones. \u201cAdem\u00e1s se va a construir un edificio para alojar a los funcionarios que con gran compromiso y dedicaci\u00f3n trabajan en un clima muy duro y aqu\u00ed a un nivel de 2.900 metros sobre el nivel del mar, tambi\u00e9n se va a construir una sub Comisar\u00eda de Carabineros, para el personal que apoya las labores de control fronterizo, entonces en total van a ser 32 mil metros cuadrados en la construcci\u00f3n de este nuevo complejo, lo cual va a permitir hacer m\u00e1s expedito el paso desde y hacia Argentina, mejorar el control de mercanc\u00edas, el control fitosanitario y tambi\u00e9n mejorar las condiciones de trabajo de los funcionarios que laboran en este paso\u201d, puntualiz\u00f3.<br \/>\nDijo que con ello se est\u00e1 respondiendo a las demandas actuales del tr\u00e1fico internacional y sobre todo a mejorar la calidad del servicio; \u201cya que de esa manera seguimos impulsando el turismo y el comercio en base a los buenos resultados que hemos obtenido estos \u00faltimos a\u00f1os, como lo refleja un aumento de un 35% del tr\u00e1fico vehicular de este a\u00f1o en relaci\u00f3n con el a\u00f1o pasado\u201d.<br \/>\nSubray\u00f3 que ahora comienza una nueva etapa en el Complejo Los Libertadores, \u201cel paso m\u00e1s importante y el de mayor simbolog\u00eda que tenemos con Argentina y el resto de los pa\u00edses del atl\u00e1ntico. Hace 200 a\u00f1os una parte del Ejercito Libertador cruz\u00f3 esta cordillera para comenzar un proyecto com\u00fan de la Independencia Latinoamericana y al d\u00eda de hoy continuamos trabajando por la prosperidad de nuestros pueblos en proyectos de colaboraci\u00f3n e integraci\u00f3n con el mundo, con inversi\u00f3n que estamos realizando en infraestructura en \u00e9ste y otros pasos fronterizos que son parte de nuestros esfuerzos concretos de cambiar las posibilidades de nuestra econom\u00eda y aprovechar de manera m\u00e1s eficiente y efectiva las oportunidades del comercio regional e internacional nos ofrecen\u201d, finaliz\u00f3 la Presidenta Bachelet.<br \/>\nPor su parte el Gobernador de Los Andes, Daniel Zamorano, destac\u00f3 que \u201cla idea es poder generar que los turistas, cuando visitan nuestro pa\u00eds en la puerta de entrada van a observar avance, modernidad y por otra parte mejorar y simplificar los tr\u00e1mites y que \u00e9ste sea r\u00e1pido y amable para que la gente que entra a nuestro pa\u00eds, lo haga contento y obviamente invitarlos a conocer nuestra provincia y regi\u00f3n\u201d.<br \/>\nAgreg\u00f3 que \u201cnosotros hemos hecho un importante esfuerzo para que la gente que viene por el Paso Los Libertadores se quede a conocer nuestra provincia y no podemos estar m\u00e1s contentos por la colocaci\u00f3n de la primera piedra, y decir que cuando este proyecto est\u00e9 listo va a ser un bienestar para todos quienes vivimos en la provincia de Los Andes\u201d.<br \/>\nFinalmente, el alcalde de Los Andes, Manuel Rivera, catalog\u00f3 como un hito trascendental para Los Andes y toda la provincia el poder mejorar el ingreso a Chile, favoreciendo el rol portuario que tiene la ciudad, \u201cya que es la principal puerta de entrada del corredor Bioce\u00e1nico desde el Atl\u00e1ntico al Pac\u00edfico y el principal Puerto Terrestre de Chile y para nosotros es muy relevante, ya que hace que esta Quinta Regi\u00f3n consolide su rol de vocaci\u00f3n de servicio log\u00edstico y tur\u00edstico en t\u00e9rminos integrales desde la condici\u00f3n del Primer Puerto Terrestre hasta los principales puertos mar\u00edtimos de la regi\u00f3n que son Valpara\u00edso y San Antonio\u201d.<\/p>\n<figure id=\"attachment_79105\" aria-describedby=\"caption-attachment-79105\" style=\"width: 580px\" class=\"wp-caption alignnone\"><img data-recalc-dims=\"1\" loading=\"lazy\" decoding=\"async\" class=\"size-full wp-image-79105\" src=\"https:\/\/i0.wp.com\/www.eltrabajo.cl\/2017\/wp-content\/uploads\/2017\/05\/bachelet.jpg?resize=580%2C349\" alt=\"La Presidenta Michelle Bachelet encabez\u00f3 la ceremonia de colocaci\u00f3n simb\u00f3lica de la primera piedra del nuevo complejo fronterizo Los Libertadores.\" width=\"580\" height=\"349\" srcset=\"https:\/\/i0.wp.com\/eltrabajo.cl\/portal\/wp-content\/uploads\/2017\/05\/bachelet.jpg?w=580&amp;ssl=1 580w, https:\/\/i0.wp.com\/eltrabajo.cl\/portal\/wp-content\/uploads\/2017\/05\/bachelet.jpg?resize=200%2C120&amp;ssl=1 200w, https:\/\/i0.wp.com\/eltrabajo.cl\/portal\/wp-content\/uploads\/2017\/05\/bachelet.jpg?resize=300%2C181&amp;ssl=1 300w, https:\/\/i0.wp.com\/eltrabajo.cl\/portal\/wp-content\/uploads\/2017\/05\/bachelet.jpg?resize=249%2C150&amp;ssl=1 249w, https:\/\/i0.wp.com\/eltrabajo.cl\/portal\/wp-content\/uploads\/2017\/05\/bachelet.jpg?resize=400%2C241&amp;ssl=1 400w\" sizes=\"auto, (max-width: 580px) 100vw, 580px\" \/><figcaption id=\"caption-attachment-79105\" class=\"wp-caption-text\">La Presidenta Michelle Bachelet encabez\u00f3 la ceremonia de colocaci\u00f3n simb\u00f3lica de la primera piedra del nuevo complejo fronterizo Los Libertadores.<\/figcaption><\/figure>\n","protected":false},"excerpt":{"rendered":"<p>Recinto estar\u00e1 en operaciones durante el primer semestre de 2019. LOS ANDES.- Con la presencia de la Presidenta de la Rep\u00fablica Michelle Bachelet se llev\u00f3 adelante la ceremonia de colocaci\u00f3n de la&#8230;<\/p>\n","protected":false},"author":482,"featured_media":79105,"comment_status":"open","ping_status":"open","sticky":false,"template":"","format":"standard","meta":{"advanced_seo_description":"","jetpack_seo_html_title":"","jetpack_seo_noindex":false,"_jetpack_memberships_contains_paid_content":false,"footnotes":""},"categories":[1],"tags":[],"class_list":["post-79103","post","type-post","status-publish","format-standard","has-post-thumbnail","hentry","category-cronica"],"jetpack_featured_media_url":"https:\/\/i0.wp.com\/eltrabajo.cl\/portal\/wp-content\/uploads\/2017\/05\/bachelet.jpg?fit=580%2C349&ssl=1","jetpack_sharing_enabled":true,"jetpack_likes_enabled":true,"jetpack-related-posts":[],"_links":{"self":[{"href":"https:\/\/eltrabajo.cl\/portal\/wp-json\/wp\/v2\/posts\/79103","targetHints":{"allow":["GET"]}}],"collection":[{"href":"https:\/\/eltrabajo.cl\/portal\/wp-json\/wp\/v2\/posts"}],"about":[{"href":"https:\/\/eltrabajo.cl\/portal\/wp-json\/wp\/v2\/types\/post"}],"author":[{"embeddable":true,"href":"https:\/\/eltrabajo.cl\/portal\/wp-json\/wp\/v2\/users\/482"}],"replies":[{"embeddable":true,"href":"https:\/\/eltrabajo.cl\/portal\/wp-json\/wp\/v2\/comments?post=79103"}],"version-history":[{"count":0,"href":"https:\/\/eltrabajo.cl\/portal\/wp-json\/wp\/v2\/posts\/79103\/revisions"}],"wp:featuredmedia":[{"embeddable":true,"href":"https:\/\/eltrabajo.cl\/portal\/wp-json\/wp\/v2\/media\/79105"}],"wp:attachment":[{"href":"https:\/\/eltrabajo.cl\/portal\/wp-json\/wp\/v2\/media?parent=79103"}],"wp:term":[{"taxonomy":"category","embeddable":true,"href":"https:\/\/eltrabajo.cl\/portal\/wp-json\/wp\/v2\/categories?post=79103"},{"taxonomy":"post_tag","embeddable":true,"href":"https:\/\/eltrabajo.cl\/portal\/wp-json\/wp\/v2\/tags?post=79103"}],"curies":[{"name":"wp","href":"https:\/\/api.w.org\/{rel}","templated":true}]}}