{"id":79107,"date":"2017-05-23T06:05:09","date_gmt":"2017-05-23T10:05:09","guid":{"rendered":"http:\/\/www.eltrabajo.cl\/2017\/?p=79107"},"modified":"2017-05-23T06:05:09","modified_gmt":"2017-05-23T10:05:09","slug":"para-el-10-de-junio-esta-contemplado-realizar-el-primer-festival-de-mascotas","status":"publish","type":"post","link":"https:\/\/eltrabajo.cl\/portal\/para-el-10-de-junio-esta-contemplado-realizar-el-primer-festival-de-mascotas\/","title":{"rendered":"Para el 10 de junio est\u00e1 contemplado realizar el Primer Festival de Mascotas"},"content":{"rendered":"<figure id=\"attachment_79108\" aria-describedby=\"caption-attachment-79108\" style=\"width: 580px\" class=\"wp-caption alignnone\"><img data-recalc-dims=\"1\" loading=\"lazy\" decoding=\"async\" class=\"size-full wp-image-79108\" src=\"https:\/\/i0.wp.com\/www.eltrabajo.cl\/2017\/wp-content\/uploads\/2017\/05\/festipet-freire-bravo-villaseca.jpg?resize=580%2C348\" alt=\"Alcalde de San Felipe Patricio Freire, junto a Mariana Bravo y Nicol\u00e1s Villaseca, productores del I Festipet de la comuna\" width=\"580\" height=\"348\" srcset=\"https:\/\/i0.wp.com\/eltrabajo.cl\/portal\/wp-content\/uploads\/2017\/05\/festipet-freire-bravo-villaseca.jpg?w=580&amp;ssl=1 580w, https:\/\/i0.wp.com\/eltrabajo.cl\/portal\/wp-content\/uploads\/2017\/05\/festipet-freire-bravo-villaseca.jpg?resize=200%2C120&amp;ssl=1 200w, https:\/\/i0.wp.com\/eltrabajo.cl\/portal\/wp-content\/uploads\/2017\/05\/festipet-freire-bravo-villaseca.jpg?resize=300%2C180&amp;ssl=1 300w, https:\/\/i0.wp.com\/eltrabajo.cl\/portal\/wp-content\/uploads\/2017\/05\/festipet-freire-bravo-villaseca.jpg?resize=250%2C150&amp;ssl=1 250w, https:\/\/i0.wp.com\/eltrabajo.cl\/portal\/wp-content\/uploads\/2017\/05\/festipet-freire-bravo-villaseca.jpg?resize=400%2C240&amp;ssl=1 400w\" sizes=\"auto, (max-width: 580px) 100vw, 580px\" \/><figcaption id=\"caption-attachment-79108\" class=\"wp-caption-text\">Alcalde de San Felipe Patricio Freire, junto a Mariana Bravo y Nicol\u00e1s Villaseca, productores del I Festipet de la comuna<\/figcaption><\/figure>\n<ul>\n<li><strong><span style=\"color: #ff0000;\">Atractiva actividad en el Club San Felipe:<\/span>\u00a0Evento contar\u00e1 con la presencia del Kennel Club Chile, entidad que mantiene el \u00fanico registro geneal\u00f3gico oficial del pa\u00eds, reconocido internacionalmente y donde se inscriben los perros de razas pura.<\/strong><\/li>\n<\/ul>\n<p>Atenci\u00f3n Veterinaria, peluquer\u00eda canina, exhibici\u00f3n de Agility y de Razas, charlas sobre la Ley de Tenencia Responsable, competencias y entretenidas sorpresas, tiene consideradas el I FestiPet San Felipe 2017, festival de mascotas que se desarrollar\u00e1 el s\u00e1bado 10 de junio, en el Club San Felipe, desde las 10 de la ma\u00f1ana.<br \/>\nEl evento que es impulsado desde la Municipalidad de San Felipe, tendr\u00e1 la destacada presencia del Kennel Club Chile, \u00fanica entidad reconocida internacionalmente, como garante de la pureza de los perros de todas las razas, y que constantemente recorre el pa\u00eds realizando exposiciones caninas, en donde se eval\u00faa la calidad y belleza de los ejemplares nacionales, adem\u00e1s de seleccionar los futuros reproductores.<br \/>\nLa informaci\u00f3n fue dada a conocer por Mariana Bravo, encargada del Programa de Tenencia Responsable de Mascotas de la Municipalidad de San Felipe, quien explic\u00f3 que la actividad est\u00e1 orientada a educar a la comunidad en torno a la Ley de Tenencia Responsable, que pr\u00f3ximamente ser\u00e1 promulgada a nivel nacional.<br \/>\n\u201cEst\u00e1 enfocado 100% en educaci\u00f3n, de lo que significar\u00e1 la nueva ley, tendremos stands informativos, charlas y adem\u00e1s todo lo relacionado con las mascotas, accesorios y hartas novedades. La idea es regalarle un d\u00eda a todas las mascotas del Valle de Aconcagua\u201d, expuso Bravo.<br \/>\nA su vez, Nicol\u00e1s Villaseca, productor de la Oficina de la Juventud del municipio sanfelipe\u00f1o, agreg\u00f3 que la iniciativa se ha desarrollado en otras comunas del pa\u00eds con \u201ctremendo \u00e9xito\u201d, ya que busca incluir a los animales como parte de la comunidad.<br \/>\n\u201cLa idea es tener una jornada entretenida, de esparcimiento para toda la familia\u2026 esto no est\u00e1 enfocado a un grupo etario espec\u00edfico, a los ni\u00f1os, madres y padres, que vayan con sus mascotas, habr\u00e1n actividades donde van a interactuar los perros que vienen de las distintas instituciones, con las familias\u2026 se har\u00e1n charlas sobre la Ley de Tenencia Responsable y el cuidado animal\u201d, explic\u00f3 Villaseca.<br \/>\nSeg\u00fan los organizadores, el evento no tiene restricci\u00f3n para ning\u00fan tipo de mascota, aunque se solicita que acuda a la actividad con todas las medidas de higiene y seguridad necesarias. \u201cSi van a llevar a su perro o su gato, que vayan con su correa, con su bozal si es necesario, la idea es fomentar la responsabilidad\u201d, detall\u00f3 el productor, agregando que existir\u00e1n puntos limpios, por lo que las familias deben llevar las bolsas necesarias para las fecas de sus mascotas.<br \/>\nFinalmente, el alcalde de San Felipe, Patricio Freire Canto, se mostr\u00f3 muy contento con el desarrollo de esta iniciativa, e invit\u00f3 a la comunidad a ser part\u00edcipe del evento.<br \/>\n\u201cHacemos un llamado a todos los vecinos no s\u00f3lo de San Felipe, de Aconcagua en general, para que participen de este festival, que va a ser uno de los hitos que tendremos este a\u00f1o en nuestra comuna\u201d, asever\u00f3 el edil.<\/p>\n<figure id=\"attachment_79109\" aria-describedby=\"caption-attachment-79109\" style=\"width: 580px\" class=\"wp-caption alignnone\"><img data-recalc-dims=\"1\" loading=\"lazy\" decoding=\"async\" class=\"size-full wp-image-79109\" src=\"https:\/\/i0.wp.com\/www.eltrabajo.cl\/2017\/wp-content\/uploads\/2017\/05\/festipet-afiche.jpg?resize=580%2C350\" alt=\"I FestiPet tendr\u00e1 como invitado estelar al Kennel Club Chile\" width=\"580\" height=\"350\" srcset=\"https:\/\/i0.wp.com\/eltrabajo.cl\/portal\/wp-content\/uploads\/2017\/05\/festipet-afiche.jpg?w=580&amp;ssl=1 580w, https:\/\/i0.wp.com\/eltrabajo.cl\/portal\/wp-content\/uploads\/2017\/05\/festipet-afiche.jpg?resize=200%2C121&amp;ssl=1 200w, https:\/\/i0.wp.com\/eltrabajo.cl\/portal\/wp-content\/uploads\/2017\/05\/festipet-afiche.jpg?resize=300%2C181&amp;ssl=1 300w, https:\/\/i0.wp.com\/eltrabajo.cl\/portal\/wp-content\/uploads\/2017\/05\/festipet-afiche.jpg?resize=249%2C150&amp;ssl=1 249w, https:\/\/i0.wp.com\/eltrabajo.cl\/portal\/wp-content\/uploads\/2017\/05\/festipet-afiche.jpg?resize=400%2C241&amp;ssl=1 400w\" sizes=\"auto, (max-width: 580px) 100vw, 580px\" \/><figcaption id=\"caption-attachment-79109\" class=\"wp-caption-text\">I FestiPet tendr\u00e1 como invitado estelar al Kennel Club Chile<\/figcaption><\/figure>\n","protected":false},"excerpt":{"rendered":"<p>Atractiva actividad en el Club San Felipe:\u00a0Evento contar\u00e1 con la presencia del Kennel Club Chile, entidad que mantiene el \u00fanico registro geneal\u00f3gico oficial del pa\u00eds, reconocido internacionalmente y donde se inscriben los&#8230;<\/p>\n","protected":false},"author":482,"featured_media":79109,"comment_status":"open","ping_status":"open","sticky":false,"template":"","format":"standard","meta":{"advanced_seo_description":"","jetpack_seo_html_title":"","jetpack_seo_noindex":false,"_jetpack_memberships_contains_paid_content":false,"footnotes":""},"categories":[1],"tags":[],"class_list":["post-79107","post","type-post","status-publish","format-standard","has-post-thumbnail","hentry","category-cronica"],"jetpack_featured_media_url":"https:\/\/i0.wp.com\/eltrabajo.cl\/portal\/wp-content\/uploads\/2017\/05\/festipet-afiche.jpg?fit=580%2C350&ssl=1","jetpack_sharing_enabled":true,"jetpack_likes_enabled":true,"jetpack-related-posts":[],"_links":{"self":[{"href":"https:\/\/eltrabajo.cl\/portal\/wp-json\/wp\/v2\/posts\/79107","targetHints":{"allow":["GET"]}}],"collection":[{"href":"https:\/\/eltrabajo.cl\/portal\/wp-json\/wp\/v2\/posts"}],"about":[{"href":"https:\/\/eltrabajo.cl\/portal\/wp-json\/wp\/v2\/types\/post"}],"author":[{"embeddable":true,"href":"https:\/\/eltrabajo.cl\/portal\/wp-json\/wp\/v2\/users\/482"}],"replies":[{"embeddable":true,"href":"https:\/\/eltrabajo.cl\/portal\/wp-json\/wp\/v2\/comments?post=79107"}],"version-history":[{"count":0,"href":"https:\/\/eltrabajo.cl\/portal\/wp-json\/wp\/v2\/posts\/79107\/revisions"}],"wp:featuredmedia":[{"embeddable":true,"href":"https:\/\/eltrabajo.cl\/portal\/wp-json\/wp\/v2\/media\/79109"}],"wp:attachment":[{"href":"https:\/\/eltrabajo.cl\/portal\/wp-json\/wp\/v2\/media?parent=79107"}],"wp:term":[{"taxonomy":"category","embeddable":true,"href":"https:\/\/eltrabajo.cl\/portal\/wp-json\/wp\/v2\/categories?post=79107"},{"taxonomy":"post_tag","embeddable":true,"href":"https:\/\/eltrabajo.cl\/portal\/wp-json\/wp\/v2\/tags?post=79107"}],"curies":[{"name":"wp","href":"https:\/\/api.w.org\/{rel}","templated":true}]}}