{"id":79111,"date":"2017-05-23T06:06:46","date_gmt":"2017-05-23T10:06:46","guid":{"rendered":"http:\/\/www.eltrabajo.cl\/2017\/?p=79111"},"modified":"2017-05-23T06:06:46","modified_gmt":"2017-05-23T10:06:46","slug":"tras-diversos-arreglos-a-fines-de-junio-entregarian-obras-viales-de-san-felipe","status":"publish","type":"post","link":"https:\/\/eltrabajo.cl\/portal\/tras-diversos-arreglos-a-fines-de-junio-entregarian-obras-viales-de-san-felipe\/","title":{"rendered":"Tras diversos arreglos a fines de junio entregar\u00edan obras viales de San Felipe"},"content":{"rendered":"<figure id=\"attachment_79113\" aria-describedby=\"caption-attachment-79113\" style=\"width: 578px\" class=\"wp-caption alignnone\"><img data-recalc-dims=\"1\" loading=\"lazy\" decoding=\"async\" class=\"size-full wp-image-79113\" src=\"https:\/\/i0.wp.com\/www.eltrabajo.cl\/2017\/wp-content\/uploads\/2017\/05\/baden.jpg?resize=578%2C350\" alt=\"Este es el bad\u00e9n que deber\u00e1 construirse de nuevo en Chacabuco con Salinas, por no cumplir con los est\u00e1ndares adecuados.\" width=\"578\" height=\"350\" srcset=\"https:\/\/i0.wp.com\/eltrabajo.cl\/portal\/wp-content\/uploads\/2017\/05\/baden.jpg?w=578&amp;ssl=1 578w, https:\/\/i0.wp.com\/eltrabajo.cl\/portal\/wp-content\/uploads\/2017\/05\/baden.jpg?resize=200%2C121&amp;ssl=1 200w, https:\/\/i0.wp.com\/eltrabajo.cl\/portal\/wp-content\/uploads\/2017\/05\/baden.jpg?resize=300%2C182&amp;ssl=1 300w, https:\/\/i0.wp.com\/eltrabajo.cl\/portal\/wp-content\/uploads\/2017\/05\/baden.jpg?resize=248%2C150&amp;ssl=1 248w, https:\/\/i0.wp.com\/eltrabajo.cl\/portal\/wp-content\/uploads\/2017\/05\/baden.jpg?resize=400%2C242&amp;ssl=1 400w\" sizes=\"auto, (max-width: 578px) 100vw, 578px\" \/><figcaption id=\"caption-attachment-79113\" class=\"wp-caption-text\">Este es el bad\u00e9n que deber\u00e1 construirse de nuevo en Chacabuco con Salinas, por no cumplir con los est\u00e1ndares adecuados.<\/figcaption><\/figure>\n<ul>\n<li><strong><span style=\"color: #ff0000;\">Ciclo V\u00edas y trabajos en las alamedas:<\/span>\u00a0Bad\u00e9n de Chacabuco con Salinas deber\u00e1 reconstruirse debido a que qued\u00f3 demasiado profundo.<\/strong><\/li>\n<\/ul>\n<p>El Serviu en su labor constante y permanente de fiscalizaciones a las obras p\u00fablicas, en este caso en San Felipe, con el fin de que se ejecuten de buena manera especialmente en la parte t\u00e9cnica, es que luego de recibir informes de laboratorios se encontraron que algunos pa\u00f1os de hormig\u00f3n no cumpl\u00edan con la resistencia exigida por norma.<br \/>\nLa informaci\u00f3n fue entregada por Nahuel Salas del Serviu San Felipe, indicando que la empresa tiene que cumplir con la normativa: \u201cAs\u00ed es que establecimos algunos pa\u00f1os de pavimentos que no cumpl\u00edan con la norma establecida, de tal modo que van a tener que ser reconstruidos, esto se produjo fundamentalmente en la avenida O\u2019Higgins Norte entre las calles Traslavi\u00f1a y Navarro hacia abajo hasta la avenida Maip\u00fa, donde hay unos pa\u00f1os intercalados\u201d, sostuvo Salas.<br \/>\nDijo que la explicaci\u00f3n entregada por la empresa tiene que ver con un problema suscitado en la planta que provee los hormigones que salieron con un defecto. Esto se visualiz\u00f3 una vez que Serviu tuvo los resultados de ensayos de laboratorio.<br \/>\nConsultado Nahuel Salas por otros lugares que hayan tenido problemas de este tipo, dijo que \u201chasta este momento no hemos detectado otros sectores, esto lo vamos analizando aleatoriamente en diversos sectores de forma tal que pudiera aparecer, pero hasta este minuto no. Ahora hay algunos pa\u00f1os de hormig\u00f3n que tambi\u00e9n presentan algunos defectos de construcci\u00f3n, como es el caso de un bad\u00e9n que est\u00e1 en la intersecci\u00f3n de la Avenida Chacabuco con Salinas, mucha gente se ha percatado que ah\u00ed hay como un salto, el bad\u00e9n qued\u00f3 con una altura que supera todos los est\u00e1ndares, de modo que eso se va tambi\u00e9n a reconstruir\u201d, dijo Salas.<br \/>\nNahuel Salas aprovech\u00f3 para decirle a la comunidad que est\u00e9 tranquila porque Serviu est\u00e1 encima efectuando sus controles, porque su obligaci\u00f3n es entregar a la comunidad un trabajo bien terminado.<br \/>\n<strong>&#8211; \u00bfCu\u00e1ndo debieran estar terminadas estas obras y entregadas al uso de la comunidad?<\/strong><br \/>\n&#8211; Originalmente el t\u00e9rmino de estas obras estaba considerado unos meses atr\u00e1s, sin embargo hemos tenido con la Municipalidad algunas conversaciones para no perjudicar tanto el tr\u00e1nsito de veh\u00edculos, de personas, de tal modo que en un principio se pensaba trabajar a todo el ancho de la calzada, como una manera de no perjudicar el tr\u00e1nsito, empezamos a trabajar a medias calzadas como se ha visto, esto signific\u00f3 un tiempo adicional de ejecuci\u00f3n, eso por un lado. Por eso ellos ten\u00edan considerado entregar las obras ahora en el mes de mayo, sin embargo tuvieron un problema que no dependi\u00f3 de ellos ni de la empresa.<br \/>\nEl problema tiene que ver con los asfaltos de color; \u201csi la comunidad se ha percatado, los asfaltos de la ciclo v\u00edas son de un color terracota que est\u00e1 incorporado, es decir no es pintura, est\u00e1 incorporado dentro de la mezcla, es decir eso nunca m\u00e1s se va a pintar, ese pigmento no se fabrica en Chile, son proveedores extranjeros y la planta que provee este asfalto de color es una en Chile y esa planta tuvo una demora por parte de los proveedores americanos, de tal modo que lleg\u00f3 la semana pasada a puerto el asfalto, de tal modo que eso nos atras\u00f3 la manera que estaba pronosticado. Nosotros pensamos que las obras debieran estar concluidas entre el 15 y el 25 de junio aproximadamente\u201d.<br \/>\nLas intervenciones pendientes ser\u00edan solamente las de los bandejones.<br \/>\nDecir que ayer comenzaron los trabajos en la intersecci\u00f3n de la Avenida Chacabuco con calle Portus.<br \/>\nOtros trabajos terminados corresponden a la Avenida O\u2019Higgins con Salinas, Dardignac.<\/p>\n<figure id=\"attachment_79112\" aria-describedby=\"caption-attachment-79112\" style=\"width: 580px\" class=\"wp-caption alignnone\"><img data-recalc-dims=\"1\" loading=\"lazy\" decoding=\"async\" class=\"size-full wp-image-79112\" src=\"https:\/\/i0.wp.com\/www.eltrabajo.cl\/2017\/wp-content\/uploads\/2017\/05\/baden-2.jpg?resize=580%2C350\" alt=\"Desde otra perspectiva, la vista panor\u00e1mica del bad\u00e9n que deber\u00e1 reconstruirse.\" width=\"580\" height=\"350\" srcset=\"https:\/\/i0.wp.com\/eltrabajo.cl\/portal\/wp-content\/uploads\/2017\/05\/baden-2.jpg?w=580&amp;ssl=1 580w, https:\/\/i0.wp.com\/eltrabajo.cl\/portal\/wp-content\/uploads\/2017\/05\/baden-2.jpg?resize=200%2C121&amp;ssl=1 200w, https:\/\/i0.wp.com\/eltrabajo.cl\/portal\/wp-content\/uploads\/2017\/05\/baden-2.jpg?resize=300%2C181&amp;ssl=1 300w, https:\/\/i0.wp.com\/eltrabajo.cl\/portal\/wp-content\/uploads\/2017\/05\/baden-2.jpg?resize=249%2C150&amp;ssl=1 249w, https:\/\/i0.wp.com\/eltrabajo.cl\/portal\/wp-content\/uploads\/2017\/05\/baden-2.jpg?resize=400%2C241&amp;ssl=1 400w\" sizes=\"auto, (max-width: 580px) 100vw, 580px\" \/><figcaption id=\"caption-attachment-79112\" class=\"wp-caption-text\">Desde otra perspectiva, la vista panor\u00e1mica del bad\u00e9n que deber\u00e1 reconstruirse.<\/figcaption><\/figure>\n","protected":false},"excerpt":{"rendered":"<p>Ciclo V\u00edas y trabajos en las alamedas:\u00a0Bad\u00e9n de Chacabuco con Salinas deber\u00e1 reconstruirse debido a que qued\u00f3 demasiado profundo. El Serviu en su labor constante y permanente de fiscalizaciones a las obras&#8230;<\/p>\n","protected":false},"author":482,"featured_media":79112,"comment_status":"open","ping_status":"open","sticky":false,"template":"","format":"standard","meta":{"advanced_seo_description":"","jetpack_seo_html_title":"","jetpack_seo_noindex":false,"_jetpack_memberships_contains_paid_content":false,"footnotes":""},"categories":[1],"tags":[],"class_list":["post-79111","post","type-post","status-publish","format-standard","has-post-thumbnail","hentry","category-cronica"],"jetpack_featured_media_url":"https:\/\/i0.wp.com\/eltrabajo.cl\/portal\/wp-content\/uploads\/2017\/05\/baden-2.jpg?fit=580%2C350&ssl=1","jetpack_sharing_enabled":true,"jetpack_likes_enabled":true,"jetpack-related-posts":[],"_links":{"self":[{"href":"https:\/\/eltrabajo.cl\/portal\/wp-json\/wp\/v2\/posts\/79111","targetHints":{"allow":["GET"]}}],"collection":[{"href":"https:\/\/eltrabajo.cl\/portal\/wp-json\/wp\/v2\/posts"}],"about":[{"href":"https:\/\/eltrabajo.cl\/portal\/wp-json\/wp\/v2\/types\/post"}],"author":[{"embeddable":true,"href":"https:\/\/eltrabajo.cl\/portal\/wp-json\/wp\/v2\/users\/482"}],"replies":[{"embeddable":true,"href":"https:\/\/eltrabajo.cl\/portal\/wp-json\/wp\/v2\/comments?post=79111"}],"version-history":[{"count":0,"href":"https:\/\/eltrabajo.cl\/portal\/wp-json\/wp\/v2\/posts\/79111\/revisions"}],"wp:featuredmedia":[{"embeddable":true,"href":"https:\/\/eltrabajo.cl\/portal\/wp-json\/wp\/v2\/media\/79112"}],"wp:attachment":[{"href":"https:\/\/eltrabajo.cl\/portal\/wp-json\/wp\/v2\/media?parent=79111"}],"wp:term":[{"taxonomy":"category","embeddable":true,"href":"https:\/\/eltrabajo.cl\/portal\/wp-json\/wp\/v2\/categories?post=79111"},{"taxonomy":"post_tag","embeddable":true,"href":"https:\/\/eltrabajo.cl\/portal\/wp-json\/wp\/v2\/tags?post=79111"}],"curies":[{"name":"wp","href":"https:\/\/api.w.org\/{rel}","templated":true}]}}