{"id":79120,"date":"2017-05-24T06:00:39","date_gmt":"2017-05-24T10:00:39","guid":{"rendered":"http:\/\/www.eltrabajo.cl\/2017\/?p=79120"},"modified":"2017-05-24T06:00:39","modified_gmt":"2017-05-24T10:00:39","slug":"mujer-de-los-andes-recibe-la-primera-bomba-de-insulina-por-ley-ricarte-soto","status":"publish","type":"post","link":"https:\/\/eltrabajo.cl\/portal\/mujer-de-los-andes-recibe-la-primera-bomba-de-insulina-por-ley-ricarte-soto\/","title":{"rendered":"Mujer de Los Andes recibe la primera bomba de insulina por Ley Ricarte Soto"},"content":{"rendered":"<figure id=\"attachment_79121\" aria-describedby=\"caption-attachment-79121\" style=\"width: 580px\" class=\"wp-caption alignnone\"><img data-recalc-dims=\"1\" loading=\"lazy\" decoding=\"async\" class=\"size-full wp-image-79121\" src=\"https:\/\/i0.wp.com\/www.eltrabajo.cl\/2017\/wp-content\/uploads\/2017\/05\/primera-bomba-insulina.jpg?resize=580%2C349\" alt=\"La se\u00f1ora Claudia Gonz\u00e1lez Oliva junto a su familia, quien se convirti\u00f3 en la primera paciente en recibir este dispositivo que le cambia la vida.\" width=\"580\" height=\"349\" srcset=\"https:\/\/i0.wp.com\/eltrabajo.cl\/portal\/wp-content\/uploads\/2017\/05\/primera-bomba-insulina.jpg?w=580&amp;ssl=1 580w, https:\/\/i0.wp.com\/eltrabajo.cl\/portal\/wp-content\/uploads\/2017\/05\/primera-bomba-insulina.jpg?resize=200%2C120&amp;ssl=1 200w, https:\/\/i0.wp.com\/eltrabajo.cl\/portal\/wp-content\/uploads\/2017\/05\/primera-bomba-insulina.jpg?resize=300%2C181&amp;ssl=1 300w, https:\/\/i0.wp.com\/eltrabajo.cl\/portal\/wp-content\/uploads\/2017\/05\/primera-bomba-insulina.jpg?resize=249%2C150&amp;ssl=1 249w, https:\/\/i0.wp.com\/eltrabajo.cl\/portal\/wp-content\/uploads\/2017\/05\/primera-bomba-insulina.jpg?resize=400%2C241&amp;ssl=1 400w\" sizes=\"auto, (max-width: 580px) 100vw, 580px\" \/><figcaption id=\"caption-attachment-79121\" class=\"wp-caption-text\">La se\u00f1ora Claudia Gonz\u00e1lez Oliva junto a su familia, quien se convirti\u00f3 en la primera paciente en recibir este dispositivo que le cambia la vida.<\/figcaption><\/figure>\n<p><strong>LOS ANDES.-<\/strong> Enorme felicidad provoc\u00f3 en la se\u00f1ora Claudia Gonz\u00e1lez Oliva y su familia, la recepci\u00f3n de la primera bomba de insulina con monitoreo continuo de glucosa que se entrega a un paciente adulto a trav\u00e9s de la Ley Ricarte Soto. Hace 34 a\u00f1os que la Sra. Claudia vive con diabetes tipo 1 inestable severa, y esta bomba le entrega las dosis precisas de insulina, para prevenir las hipoglicemias (baja de az\u00facar en la sangre) que en ocasiones pusieron en riesgo su vida.<br \/>\n\u201cCon esto mejora mi calidad de vida y me da m\u00e1s tranquilidad y tambi\u00e9n a mi familia, porque antes tuve bajas de az\u00facar por las que tuvieron que reanimarme, estuve a punto de morir. Entonces la bomba me alerta cuando vienen estas bajas de glicemia que no te dan s\u00edntomas y puedo reaccionar para prevenirlas\u201d, explica feliz la se\u00f1ora Claudia.<br \/>\nLa paciente se controla peri\u00f3dicamente en el Policl\u00ednico de Diabetes del Hospital San Juan de Dios de Los Andes (Hosla), equipo conformado por la Dra. Andrea Zapata, la enfermera Alexandra Zamora y la Nutricionista Claudia Ibaceta, quienes postularon a la paciente a los beneficios de la Ley 20.850, la que otorga tratamiento basado en la administraci\u00f3n de insulina, a trav\u00e9s de infusores subcut\u00e1neos continuos (bombas de insulina) para personas con diagn\u00f3stico de diabetes tipo 1 inestable severa. \u201cEstamos en permanente comunicaci\u00f3n como equipo para enfocar los tratamientos de cada profesional en las necesidades de cada paciente. Claudia necesitaba esta bomba de insulina para mejorar su calidad de vida y por eso la seleccionamos y postulamos al Ministerio de Salud\u201d, indic\u00f3 la Dra. Zapata.<br \/>\nAl respecto, la profesional agreg\u00f3 que el Hosla es un centro acreditado para tratamiento y seguimiento de bombas de insulina; y en dos a\u00f1os m\u00e1s el equipo se potenciar\u00e1 con la incorporaci\u00f3n del Dr. Rodrigo Ibaceta, quien se encuentra en periodo de especializaci\u00f3n. Con su incorporaci\u00f3n podr\u00e1n realizar el proceso integral en la entrega de las bombas de insulina, desde el diagn\u00f3stico, pasando por el tratamiento y hasta el seguimiento de los pacientes que las usan. \u201cMe siento orgullosa de nuestro equipo y de los pacientes que educamos y formamos en este proceso, porque con ellos logramos un aprendizaje mutuo para manejar su problema de salud\u201d, concluy\u00f3 la profesional.<br \/>\nEn tanto, la se\u00f1ora Claudia se siente esperanzada con el uso de este dispositivo en la vida diaria: \u201cCon la bomba una deja de vivir para la diabetes y comienza a vivir con la diabetes\u201d, explica esta esposa y madre de dos ni\u00f1as, que gracias a la Ley Ricarte Soto pudo acceder a la protecci\u00f3n financiera para un problema de salud cuyo tratamiento es de alto costo.<\/p>\n","protected":false},"excerpt":{"rendered":"<p>LOS ANDES.- Enorme felicidad provoc\u00f3 en la se\u00f1ora Claudia Gonz\u00e1lez Oliva y su familia, la recepci\u00f3n de la primera bomba de insulina con monitoreo continuo de glucosa que se entrega a un&#8230;<\/p>\n","protected":false},"author":482,"featured_media":79121,"comment_status":"open","ping_status":"open","sticky":false,"template":"","format":"standard","meta":{"advanced_seo_description":"","jetpack_seo_html_title":"","jetpack_seo_noindex":false,"_jetpack_memberships_contains_paid_content":false,"footnotes":""},"categories":[1],"tags":[],"class_list":["post-79120","post","type-post","status-publish","format-standard","has-post-thumbnail","hentry","category-cronica"],"jetpack_featured_media_url":"https:\/\/i0.wp.com\/eltrabajo.cl\/portal\/wp-content\/uploads\/2017\/05\/primera-bomba-insulina.jpg?fit=580%2C349&ssl=1","jetpack_sharing_enabled":true,"jetpack_likes_enabled":true,"jetpack-related-posts":[],"_links":{"self":[{"href":"https:\/\/eltrabajo.cl\/portal\/wp-json\/wp\/v2\/posts\/79120","targetHints":{"allow":["GET"]}}],"collection":[{"href":"https:\/\/eltrabajo.cl\/portal\/wp-json\/wp\/v2\/posts"}],"about":[{"href":"https:\/\/eltrabajo.cl\/portal\/wp-json\/wp\/v2\/types\/post"}],"author":[{"embeddable":true,"href":"https:\/\/eltrabajo.cl\/portal\/wp-json\/wp\/v2\/users\/482"}],"replies":[{"embeddable":true,"href":"https:\/\/eltrabajo.cl\/portal\/wp-json\/wp\/v2\/comments?post=79120"}],"version-history":[{"count":0,"href":"https:\/\/eltrabajo.cl\/portal\/wp-json\/wp\/v2\/posts\/79120\/revisions"}],"wp:featuredmedia":[{"embeddable":true,"href":"https:\/\/eltrabajo.cl\/portal\/wp-json\/wp\/v2\/media\/79121"}],"wp:attachment":[{"href":"https:\/\/eltrabajo.cl\/portal\/wp-json\/wp\/v2\/media?parent=79120"}],"wp:term":[{"taxonomy":"category","embeddable":true,"href":"https:\/\/eltrabajo.cl\/portal\/wp-json\/wp\/v2\/categories?post=79120"},{"taxonomy":"post_tag","embeddable":true,"href":"https:\/\/eltrabajo.cl\/portal\/wp-json\/wp\/v2\/tags?post=79120"}],"curies":[{"name":"wp","href":"https:\/\/api.w.org\/{rel}","templated":true}]}}