{"id":79128,"date":"2017-05-24T06:02:16","date_gmt":"2017-05-24T10:02:16","guid":{"rendered":"http:\/\/www.eltrabajo.cl\/2017\/?p=79128"},"modified":"2017-05-24T06:02:16","modified_gmt":"2017-05-24T10:02:16","slug":"con-exposicion-de-union-san-felipe-celebran-el-dia-del-patrimonio-cultural","status":"publish","type":"post","link":"https:\/\/eltrabajo.cl\/portal\/con-exposicion-de-union-san-felipe-celebran-el-dia-del-patrimonio-cultural\/","title":{"rendered":"Con exposici\u00f3n de Uni\u00f3n San Felipe celebran el D\u00eda del Patrimonio Cultural"},"content":{"rendered":"<figure id=\"attachment_79129\" aria-describedby=\"caption-attachment-79129\" style=\"width: 580px\" class=\"wp-caption alignnone\"><img data-recalc-dims=\"1\" loading=\"lazy\" decoding=\"async\" class=\"size-full wp-image-79129\" src=\"https:\/\/i0.wp.com\/www.eltrabajo.cl\/2017\/wp-content\/uploads\/2017\/05\/primer-equipo-de-uni%C3%B3n-sanfe.jpg?resize=580%2C349\" alt=\"LOS PRIMEROS.- Uni\u00f3n San Felipe hizo historia desde que se cre\u00f3 con la fusi\u00f3n del Tarcisio y el Internacional, aqu\u00ed con la primera formaci\u00f3n en 1956.\" width=\"580\" height=\"349\" srcset=\"https:\/\/i0.wp.com\/eltrabajo.cl\/portal\/wp-content\/uploads\/2017\/05\/primer-equipo-de-uni%C3%B3n-sanfe.jpg?w=580&amp;ssl=1 580w, https:\/\/i0.wp.com\/eltrabajo.cl\/portal\/wp-content\/uploads\/2017\/05\/primer-equipo-de-uni%C3%B3n-sanfe.jpg?resize=200%2C120&amp;ssl=1 200w, https:\/\/i0.wp.com\/eltrabajo.cl\/portal\/wp-content\/uploads\/2017\/05\/primer-equipo-de-uni%C3%B3n-sanfe.jpg?resize=300%2C181&amp;ssl=1 300w, https:\/\/i0.wp.com\/eltrabajo.cl\/portal\/wp-content\/uploads\/2017\/05\/primer-equipo-de-uni%C3%B3n-sanfe.jpg?resize=249%2C150&amp;ssl=1 249w, https:\/\/i0.wp.com\/eltrabajo.cl\/portal\/wp-content\/uploads\/2017\/05\/primer-equipo-de-uni%C3%B3n-sanfe.jpg?resize=400%2C241&amp;ssl=1 400w\" sizes=\"auto, (max-width: 580px) 100vw, 580px\" \/><figcaption id=\"caption-attachment-79129\" class=\"wp-caption-text\">LOS PRIMEROS.- Uni\u00f3n San Felipe hizo historia desde que se cre\u00f3 con la fusi\u00f3n del Tarcisio y el Internacional, aqu\u00ed con la primera formaci\u00f3n en 1956.<\/figcaption><\/figure>\n<ul>\n<li><span style=\"color: #ff0000;\"><strong>\u00abEl Un\u00ed Un\u00ed, patrimonio vivo de Aconcagua\u00bb:<\/strong><\/span><\/li>\n<\/ul>\n<p>Una actividad totalmente gratuita y dirigida a la familia para celebrar el D\u00eda del Patrimonio Cultural este 2017, est\u00e1n organizando \u2018Visita Aconcagua\u2019 junto al \u2018Club Deportivo Uni\u00f3n San Felipe\u2019. Se trata de una exposici\u00f3n de diversos objetos antiguos de valor patrimonial de Uni\u00f3n San Felipe.<br \/>\nComo se sabe, este domingo 28 de mayo se celebrar\u00e1 \u00a0una versi\u00f3n m\u00e1s del D\u00eda del Patrimonio Cultural, instancia creada el a\u00f1o 2000 y a la cual convocan el Ministerio de Educaci\u00f3n, el Consejo de la Cultura, la Direcci\u00f3n de Bibliotecas, Archivos y Museos (Dibam) y el Consejo de Monumentos Nacionales. A\u00f1o a a\u00f1o son muchas las instituciones p\u00fablicas y privadas que se suman a participar \u00a0de este gran evento, que pone en valor los elementos \u00a0materiales e inmateriales que conforman el acervo cultural de nuestro \u00a0pa\u00eds y sus comunidades.<\/p>\n<p><strong>\u00abEl Un\u00ed Un\u00ed, patrimonio vivo de Aconcagua\u00bb. \u00a0 \u00a0<\/strong><br \/>\nEl Consejo de Monumentos Nacionales ha enmarcado esta versi\u00f3n del DPC, como oportunidad para reconocer al deporte y los juegos tradicionales como depositarios de las memorias de nuestras comunidades.<br \/>\nPor ello, \u00a0el Club de Deportivo Uni\u00f3n San Felipe invita a visitar la exposici\u00f3n de objetos patrimoniales compuesta de copas, camisetas, libros, fotograf\u00edas. Adem\u00e1s, el p\u00fablico asistente podr\u00e1 interactuar con exjugadores e hinchas, los cuales ser\u00e1n los encargados de guiar las vistas, aportando sus vivencias y an\u00e9cdotas.<br \/>\nLa invitaci\u00f3n entonces es a recuperar la memoria y la historia de esta instituci\u00f3n social anidada en el coraz\u00f3n de los aconcag\u00fcinos.<br \/>\nLa actividad tendr\u00e1 lugar este domingo desde las 15 a las 19 horas en la sede del Club San Felipe, calle Navarro 1101 (esquina Santo Domingo).<br \/>\nM\u00e1s Informaciones en +56 9 79253345. visitaaconcagua@gmail.com. https:\/\/www.facebook.com\/Visita Aconcagua.<\/p>\n<figure id=\"attachment_79130\" aria-describedby=\"caption-attachment-79130\" style=\"width: 580px\" class=\"wp-caption alignnone\"><img data-recalc-dims=\"1\" loading=\"lazy\" decoding=\"async\" class=\"size-full wp-image-79130\" src=\"https:\/\/i0.wp.com\/www.eltrabajo.cl\/2017\/wp-content\/uploads\/2017\/05\/san-felipe-1971.jpg?resize=580%2C348\" alt=\"El glorioso Uni\u00f3n San Felipe que se coron\u00f3 campe\u00f3n los a\u00f1os 1970 y 1971.\" width=\"580\" height=\"348\" srcset=\"https:\/\/i0.wp.com\/eltrabajo.cl\/portal\/wp-content\/uploads\/2017\/05\/san-felipe-1971.jpg?w=580&amp;ssl=1 580w, https:\/\/i0.wp.com\/eltrabajo.cl\/portal\/wp-content\/uploads\/2017\/05\/san-felipe-1971.jpg?resize=200%2C120&amp;ssl=1 200w, https:\/\/i0.wp.com\/eltrabajo.cl\/portal\/wp-content\/uploads\/2017\/05\/san-felipe-1971.jpg?resize=300%2C180&amp;ssl=1 300w, https:\/\/i0.wp.com\/eltrabajo.cl\/portal\/wp-content\/uploads\/2017\/05\/san-felipe-1971.jpg?resize=250%2C150&amp;ssl=1 250w, https:\/\/i0.wp.com\/eltrabajo.cl\/portal\/wp-content\/uploads\/2017\/05\/san-felipe-1971.jpg?resize=400%2C240&amp;ssl=1 400w\" sizes=\"auto, (max-width: 580px) 100vw, 580px\" \/><figcaption id=\"caption-attachment-79130\" class=\"wp-caption-text\">El glorioso Uni\u00f3n San Felipe que se coron\u00f3 campe\u00f3n los a\u00f1os 1970 y 1971.<\/figcaption><\/figure>\n","protected":false},"excerpt":{"rendered":"<p>\u00abEl Un\u00ed Un\u00ed, patrimonio vivo de Aconcagua\u00bb: Una actividad totalmente gratuita y dirigida a la familia para celebrar el D\u00eda del Patrimonio Cultural este 2017, est\u00e1n organizando \u2018Visita Aconcagua\u2019 junto al \u2018Club&#8230;<\/p>\n","protected":false},"author":482,"featured_media":79130,"comment_status":"open","ping_status":"open","sticky":false,"template":"","format":"standard","meta":{"advanced_seo_description":"","jetpack_seo_html_title":"","jetpack_seo_noindex":false,"_jetpack_memberships_contains_paid_content":false,"footnotes":""},"categories":[15],"tags":[],"class_list":["post-79128","post","type-post","status-publish","format-standard","has-post-thumbnail","hentry","category-comunidad"],"jetpack_featured_media_url":"https:\/\/i0.wp.com\/eltrabajo.cl\/portal\/wp-content\/uploads\/2017\/05\/san-felipe-1971.jpg?fit=580%2C348&ssl=1","jetpack_sharing_enabled":true,"jetpack_likes_enabled":true,"jetpack-related-posts":[],"_links":{"self":[{"href":"https:\/\/eltrabajo.cl\/portal\/wp-json\/wp\/v2\/posts\/79128","targetHints":{"allow":["GET"]}}],"collection":[{"href":"https:\/\/eltrabajo.cl\/portal\/wp-json\/wp\/v2\/posts"}],"about":[{"href":"https:\/\/eltrabajo.cl\/portal\/wp-json\/wp\/v2\/types\/post"}],"author":[{"embeddable":true,"href":"https:\/\/eltrabajo.cl\/portal\/wp-json\/wp\/v2\/users\/482"}],"replies":[{"embeddable":true,"href":"https:\/\/eltrabajo.cl\/portal\/wp-json\/wp\/v2\/comments?post=79128"}],"version-history":[{"count":0,"href":"https:\/\/eltrabajo.cl\/portal\/wp-json\/wp\/v2\/posts\/79128\/revisions"}],"wp:featuredmedia":[{"embeddable":true,"href":"https:\/\/eltrabajo.cl\/portal\/wp-json\/wp\/v2\/media\/79130"}],"wp:attachment":[{"href":"https:\/\/eltrabajo.cl\/portal\/wp-json\/wp\/v2\/media?parent=79128"}],"wp:term":[{"taxonomy":"category","embeddable":true,"href":"https:\/\/eltrabajo.cl\/portal\/wp-json\/wp\/v2\/categories?post=79128"},{"taxonomy":"post_tag","embeddable":true,"href":"https:\/\/eltrabajo.cl\/portal\/wp-json\/wp\/v2\/tags?post=79128"}],"curies":[{"name":"wp","href":"https:\/\/api.w.org\/{rel}","templated":true}]}}