{"id":79135,"date":"2017-05-24T06:04:46","date_gmt":"2017-05-24T10:04:46","guid":{"rendered":"http:\/\/www.eltrabajo.cl\/2017\/?p=79135"},"modified":"2017-05-24T06:04:46","modified_gmt":"2017-05-24T10:04:46","slug":"delincuentes-propinan-paliza-a-hombre-para-arrebatarle-sus-especies","status":"publish","type":"post","link":"https:\/\/eltrabajo.cl\/portal\/delincuentes-propinan-paliza-a-hombre-para-arrebatarle-sus-especies\/","title":{"rendered":"Delincuentes propinan paliza a hombre para arrebatarle sus especies"},"content":{"rendered":"<figure id=\"attachment_79139\" aria-describedby=\"caption-attachment-79139\" style=\"width: 580px\" class=\"wp-caption alignnone\"><img data-recalc-dims=\"1\" loading=\"lazy\" decoding=\"async\" class=\"size-full wp-image-79139\" src=\"https:\/\/i0.wp.com\/www.eltrabajo.cl\/2017\/wp-content\/uploads\/2017\/05\/DETENIDO-LLAY-LLAY-copia.jpg?resize=580%2C350\" alt=\"Los sujetos fueron detenidos por Carabineros de Llay Llay tras ser sindicados por la v\u00edctima como autores del delito de robo con violencia.\" width=\"580\" height=\"350\" srcset=\"https:\/\/i0.wp.com\/eltrabajo.cl\/portal\/wp-content\/uploads\/2017\/05\/DETENIDO-LLAY-LLAY-copia.jpg?w=580&amp;ssl=1 580w, https:\/\/i0.wp.com\/eltrabajo.cl\/portal\/wp-content\/uploads\/2017\/05\/DETENIDO-LLAY-LLAY-copia.jpg?resize=200%2C121&amp;ssl=1 200w, https:\/\/i0.wp.com\/eltrabajo.cl\/portal\/wp-content\/uploads\/2017\/05\/DETENIDO-LLAY-LLAY-copia.jpg?resize=300%2C181&amp;ssl=1 300w, https:\/\/i0.wp.com\/eltrabajo.cl\/portal\/wp-content\/uploads\/2017\/05\/DETENIDO-LLAY-LLAY-copia.jpg?resize=249%2C150&amp;ssl=1 249w, https:\/\/i0.wp.com\/eltrabajo.cl\/portal\/wp-content\/uploads\/2017\/05\/DETENIDO-LLAY-LLAY-copia.jpg?resize=400%2C241&amp;ssl=1 400w\" sizes=\"auto, (max-width: 580px) 100vw, 580px\" \/><figcaption id=\"caption-attachment-79139\" class=\"wp-caption-text\">Los sujetos fueron detenidos por Carabineros de Llay Llay tras ser sindicados por la v\u00edctima como autores del delito de robo con violencia.<\/figcaption><\/figure>\n<ul>\n<li><strong><span style=\"color: #ff0000;\">Robo con Violencia en Llay Llay:<\/span> Carabineros captur\u00f3 a dos de los involucrados identificados por la v\u00edctima, quien circulaba junto a su pareja, siendo atacado por tres sujetos que le arrebataron su chaqueta y un tel\u00e9fono celular.<\/strong><\/li>\n<\/ul>\n<p>En la calle Ignacio Carrera Pinto de la comuna de Llay Llay se produjo un robo con violencia, resultando v\u00edctima una pareja que circulaba por esa arteria, siendo abordados por tres delincuentes que por medio de golpes de pu\u00f1o redujeron al hombre para apoderarse de una chaqueta y su tel\u00e9fono celular.<br \/>\nEl hecho ocurrido en horas de la noche de este s\u00e1bado, fue denunciado por el afectado, quien proporcion\u00f3 los antecedentes del caso a Carabineros, indicando que los delincuentes lo golpearon en su rostro y lo arrojaron al suelo para apoderarse de sus pertenencias.<br \/>\nLos uniformados, tras acoger la denuncia, trasladaron a la v\u00edctima hasta el Hospital de esa localidad, percat\u00e1ndose que en las afueras de ese centro asistencial se encontraba uno de los autores del robo, siendo individualizado por la v\u00edctima, procediendo Carabineros a su detenci\u00f3n.<br \/>\nParalelamente los funcionarios policiales manten\u00edan detenido a otro sujeto por una orden de aprehensi\u00f3n vigente, quien se encontraba dentro del centro hospitalario y que fue reconocido por la v\u00edctima como un segundo autor del robo del cual result\u00f3 v\u00edctima. Pese a la captura de estos dos sujetos, no se logr\u00f3 la recuperaci\u00f3n de las especies.<br \/>\nLos imputados fueron individualizados como J.C.G.T (27) sin antecedentes delictuales y Querub\u00edn Gonzalo Lara Mauna, de 44 a\u00f1os de edad, quien cuenta con antecedentes por robo con intimidaci\u00f3n y porte ilegal de arma de fuego.<br \/>\nAmbos detenidos fueron formalizados por la Fiscal\u00eda por el delito de robo con violencia, quedando sujetos a m\u00ednimas cautelares de arresto domiciliario nocturno, la prohibici\u00f3n de acercarse a la v\u00edctima y arraigo nacional mientras dure el proceso de investigaci\u00f3n.<br \/>\n<strong>Pablo Salinas Sald\u00edas<\/strong><\/p>\n","protected":false},"excerpt":{"rendered":"<p>Robo con Violencia en Llay Llay: Carabineros captur\u00f3 a dos de los involucrados identificados por la v\u00edctima, quien circulaba junto a su pareja, siendo atacado por tres sujetos que le arrebataron su&#8230;<\/p>\n","protected":false},"author":482,"featured_media":79139,"comment_status":"open","ping_status":"open","sticky":false,"template":"","format":"standard","meta":{"advanced_seo_description":"","jetpack_seo_html_title":"","jetpack_seo_noindex":false,"_jetpack_memberships_contains_paid_content":false,"footnotes":""},"categories":[21],"tags":[],"class_list":["post-79135","post","type-post","status-publish","format-standard","has-post-thumbnail","hentry","category-policial"],"jetpack_featured_media_url":"https:\/\/i0.wp.com\/eltrabajo.cl\/portal\/wp-content\/uploads\/2017\/05\/DETENIDO-LLAY-LLAY-copia.jpg?fit=580%2C350&ssl=1","jetpack_sharing_enabled":true,"jetpack_likes_enabled":true,"jetpack-related-posts":[],"_links":{"self":[{"href":"https:\/\/eltrabajo.cl\/portal\/wp-json\/wp\/v2\/posts\/79135","targetHints":{"allow":["GET"]}}],"collection":[{"href":"https:\/\/eltrabajo.cl\/portal\/wp-json\/wp\/v2\/posts"}],"about":[{"href":"https:\/\/eltrabajo.cl\/portal\/wp-json\/wp\/v2\/types\/post"}],"author":[{"embeddable":true,"href":"https:\/\/eltrabajo.cl\/portal\/wp-json\/wp\/v2\/users\/482"}],"replies":[{"embeddable":true,"href":"https:\/\/eltrabajo.cl\/portal\/wp-json\/wp\/v2\/comments?post=79135"}],"version-history":[{"count":0,"href":"https:\/\/eltrabajo.cl\/portal\/wp-json\/wp\/v2\/posts\/79135\/revisions"}],"wp:featuredmedia":[{"embeddable":true,"href":"https:\/\/eltrabajo.cl\/portal\/wp-json\/wp\/v2\/media\/79139"}],"wp:attachment":[{"href":"https:\/\/eltrabajo.cl\/portal\/wp-json\/wp\/v2\/media?parent=79135"}],"wp:term":[{"taxonomy":"category","embeddable":true,"href":"https:\/\/eltrabajo.cl\/portal\/wp-json\/wp\/v2\/categories?post=79135"},{"taxonomy":"post_tag","embeddable":true,"href":"https:\/\/eltrabajo.cl\/portal\/wp-json\/wp\/v2\/tags?post=79135"}],"curies":[{"name":"wp","href":"https:\/\/api.w.org\/{rel}","templated":true}]}}