{"id":79178,"date":"2017-05-26T06:00:16","date_gmt":"2017-05-26T10:00:16","guid":{"rendered":"http:\/\/www.eltrabajo.cl\/2017\/?p=79178"},"modified":"2017-05-26T06:00:16","modified_gmt":"2017-05-26T10:00:16","slug":"mas-de-900-familias-beneficiadas-con-el-programa-de-pasajes","status":"publish","type":"post","link":"https:\/\/eltrabajo.cl\/portal\/mas-de-900-familias-beneficiadas-con-el-programa-de-pasajes\/","title":{"rendered":"M\u00e1s de 900 familias beneficiadas con el \u2018programa de pasajes\u2019"},"content":{"rendered":"<figure id=\"attachment_79179\" aria-describedby=\"caption-attachment-79179\" style=\"width: 580px\" class=\"wp-caption alignnone\"><img data-recalc-dims=\"1\" loading=\"lazy\" decoding=\"async\" class=\"size-full wp-image-79179\" src=\"https:\/\/i0.wp.com\/www.eltrabajo.cl\/2017\/wp-content\/uploads\/2017\/05\/Pablo-Silva-director-Dideco-San-Felipe.jpg?resize=580%2C349\" alt=\"Pablo Silva, Director de Desarrollo Comunitario (Dideco) San Felipe.\" width=\"580\" height=\"349\" srcset=\"https:\/\/i0.wp.com\/eltrabajo.cl\/portal\/wp-content\/uploads\/2017\/05\/Pablo-Silva-director-Dideco-San-Felipe.jpg?w=580&amp;ssl=1 580w, https:\/\/i0.wp.com\/eltrabajo.cl\/portal\/wp-content\/uploads\/2017\/05\/Pablo-Silva-director-Dideco-San-Felipe.jpg?resize=200%2C120&amp;ssl=1 200w, https:\/\/i0.wp.com\/eltrabajo.cl\/portal\/wp-content\/uploads\/2017\/05\/Pablo-Silva-director-Dideco-San-Felipe.jpg?resize=300%2C181&amp;ssl=1 300w, https:\/\/i0.wp.com\/eltrabajo.cl\/portal\/wp-content\/uploads\/2017\/05\/Pablo-Silva-director-Dideco-San-Felipe.jpg?resize=249%2C150&amp;ssl=1 249w, https:\/\/i0.wp.com\/eltrabajo.cl\/portal\/wp-content\/uploads\/2017\/05\/Pablo-Silva-director-Dideco-San-Felipe.jpg?resize=400%2C241&amp;ssl=1 400w\" sizes=\"auto, (max-width: 580px) 100vw, 580px\" \/><figcaption id=\"caption-attachment-79179\" class=\"wp-caption-text\">Pablo Silva, Director de Desarrollo Comunitario (Dideco) San Felipe.<\/figcaption><\/figure>\n<ul>\n<li><strong><span style=\"color: #ff0000;\">Para alumnos que cursan estudios superiores fuera del Valle:<\/span>\u00a0Beneficiados recibir\u00e1n cuatro boletos ida y vuelta para utilizarlos durante el primer semestre y cinco para usar la segunda parte del 2017.<\/strong><\/li>\n<\/ul>\n<p>A partir del s\u00e1bado 3 de junio, las 926 familias sanfelipe\u00f1as que este a\u00f1o resultaron beneficiadas por el programa de pasajes que la Municipalidad de San Felipe otorga a los estudiantes que cursan carreras universitarias en otras ciudades y regiones del pa\u00eds, podr\u00e1n retirar el dossier con sus boletos en dependencias de la Direcci\u00f3n de Desarrollo Comunitario (Dideco), ubicadas en Salinas #381.<br \/>\nAs\u00ed lo indic\u00f3 Pablo Silva, director de la Dideco San Felipe, quien destac\u00f3 la inversi\u00f3n de 52 millones de pesos que realiza el municipio sanfelipe\u00f1o para tratar de aliviar la carga econ\u00f3mica que implica tener un hijo (a) estudiando fuera del Valle de Aconcagua.<br \/>\n\u201cEs un poquito m\u00e1s de un pasaje por mes, son cuatro boletos ida y vuelta para el primer semestre y cinco para el segundo semestre. Desde el a\u00f1o pasado, a trav\u00e9s de los diagn\u00f3sticos que hicimos, nos dimos cuenta que entregar un dossier era mucho m\u00e1s f\u00e1cil, porque cuando entreg\u00e1bamos mensual, hab\u00edan ciertas dificultades\u201d, detall\u00f3 el personero municipal.<br \/>\nCabe destacar que desde el a\u00f1o 2016, dentro del Programa de Pasajes, el municipio sanfelipe\u00f1o beneficia a estudiantes que cursan sus estudios superiores en otras regiones m\u00e1s apartadas y no s\u00f3lo en las ciudades de Vi\u00f1a del Mar, Valpara\u00edso y Santiago.<br \/>\n\u201cTenemos estudiantes que residen en lugares m\u00e1s apartados que la zona central\u2026 el a\u00f1o pasado beneficiamos a estudiantes que viajan a Iquique, Antofagasta y en el segundo semestre una de Valdivia\u201d, record\u00f3 el Dideco.<br \/>\nSilva mencion\u00f3 que fueron 958 postulantes, de los cuales 26 pertenec\u00edan a otras comunas y un n\u00famero menor que no cumpl\u00edan con la calificaci\u00f3n para obtener el beneficio. De todas formas, el profesional hizo un llamado para que todas las familias que postularon se acerquen hasta la Dideco San Felipe, incluso aquellas que no aparecen beneficiadas, para que sean informadas del por qu\u00e9 no aparecen en la lista de aprobados.<\/p>\n","protected":false},"excerpt":{"rendered":"<p>Para alumnos que cursan estudios superiores fuera del Valle:\u00a0Beneficiados recibir\u00e1n cuatro boletos ida y vuelta para utilizarlos durante el primer semestre y cinco para usar la segunda parte del 2017. A partir&#8230;<\/p>\n","protected":false},"author":482,"featured_media":79179,"comment_status":"open","ping_status":"open","sticky":false,"template":"","format":"standard","meta":{"advanced_seo_description":"","jetpack_seo_html_title":"","jetpack_seo_noindex":false,"_jetpack_memberships_contains_paid_content":false,"footnotes":""},"categories":[1],"tags":[],"class_list":["post-79178","post","type-post","status-publish","format-standard","has-post-thumbnail","hentry","category-cronica"],"jetpack_featured_media_url":"https:\/\/i0.wp.com\/eltrabajo.cl\/portal\/wp-content\/uploads\/2017\/05\/Pablo-Silva-director-Dideco-San-Felipe.jpg?fit=580%2C349&ssl=1","jetpack_sharing_enabled":true,"jetpack_likes_enabled":true,"jetpack-related-posts":[],"_links":{"self":[{"href":"https:\/\/eltrabajo.cl\/portal\/wp-json\/wp\/v2\/posts\/79178","targetHints":{"allow":["GET"]}}],"collection":[{"href":"https:\/\/eltrabajo.cl\/portal\/wp-json\/wp\/v2\/posts"}],"about":[{"href":"https:\/\/eltrabajo.cl\/portal\/wp-json\/wp\/v2\/types\/post"}],"author":[{"embeddable":true,"href":"https:\/\/eltrabajo.cl\/portal\/wp-json\/wp\/v2\/users\/482"}],"replies":[{"embeddable":true,"href":"https:\/\/eltrabajo.cl\/portal\/wp-json\/wp\/v2\/comments?post=79178"}],"version-history":[{"count":0,"href":"https:\/\/eltrabajo.cl\/portal\/wp-json\/wp\/v2\/posts\/79178\/revisions"}],"wp:featuredmedia":[{"embeddable":true,"href":"https:\/\/eltrabajo.cl\/portal\/wp-json\/wp\/v2\/media\/79179"}],"wp:attachment":[{"href":"https:\/\/eltrabajo.cl\/portal\/wp-json\/wp\/v2\/media?parent=79178"}],"wp:term":[{"taxonomy":"category","embeddable":true,"href":"https:\/\/eltrabajo.cl\/portal\/wp-json\/wp\/v2\/categories?post=79178"},{"taxonomy":"post_tag","embeddable":true,"href":"https:\/\/eltrabajo.cl\/portal\/wp-json\/wp\/v2\/tags?post=79178"}],"curies":[{"name":"wp","href":"https:\/\/api.w.org\/{rel}","templated":true}]}}