{"id":79189,"date":"2017-05-26T06:02:04","date_gmt":"2017-05-26T10:02:04","guid":{"rendered":"http:\/\/www.eltrabajo.cl\/2017\/?p=79189"},"modified":"2017-05-26T06:02:04","modified_gmt":"2017-05-26T10:02:04","slug":"realizan-torneo-en-memoria-de-pablo-apablaza-en-complejo-del-uni","status":"publish","type":"post","link":"https:\/\/eltrabajo.cl\/portal\/realizan-torneo-en-memoria-de-pablo-apablaza-en-complejo-del-uni\/","title":{"rendered":"Realizan torneo en memoria de Pablo Apablaza en Complejo del Un\u00ed"},"content":{"rendered":"<figure id=\"attachment_79190\" aria-describedby=\"caption-attachment-79190\" style=\"width: 580px\" class=\"wp-caption alignnone\"><img data-recalc-dims=\"1\" loading=\"lazy\" decoding=\"async\" class=\"size-full wp-image-79190\" src=\"https:\/\/i0.wp.com\/www.eltrabajo.cl\/2017\/wp-content\/uploads\/2017\/05\/pablo-apablaza.jpg?resize=580%2C348\" alt=\"Desde muy temprano ma\u00f1ana s\u00e1bado se estar\u00e1 realizando un torneo de Escuelas de F\u00fatbol que llevar\u00e1 el nombre de Pablo Apablaza.\" width=\"580\" height=\"348\" srcset=\"https:\/\/i0.wp.com\/eltrabajo.cl\/portal\/wp-content\/uploads\/2017\/05\/pablo-apablaza.jpg?w=580&amp;ssl=1 580w, https:\/\/i0.wp.com\/eltrabajo.cl\/portal\/wp-content\/uploads\/2017\/05\/pablo-apablaza.jpg?resize=200%2C120&amp;ssl=1 200w, https:\/\/i0.wp.com\/eltrabajo.cl\/portal\/wp-content\/uploads\/2017\/05\/pablo-apablaza.jpg?resize=300%2C180&amp;ssl=1 300w, https:\/\/i0.wp.com\/eltrabajo.cl\/portal\/wp-content\/uploads\/2017\/05\/pablo-apablaza.jpg?resize=250%2C150&amp;ssl=1 250w, https:\/\/i0.wp.com\/eltrabajo.cl\/portal\/wp-content\/uploads\/2017\/05\/pablo-apablaza.jpg?resize=400%2C240&amp;ssl=1 400w\" sizes=\"auto, (max-width: 580px) 100vw, 580px\" \/><figcaption id=\"caption-attachment-79190\" class=\"wp-caption-text\">Desde muy temprano ma\u00f1ana s\u00e1bado se estar\u00e1 realizando un torneo de Escuelas de F\u00fatbol que llevar\u00e1 el nombre de Pablo Apablaza.<\/figcaption><\/figure>\n<p>Una ma\u00f1ana especial, la que seguro tendr\u00e1 muchos tintes de emotividad, ser\u00e1 la que ma\u00f1ana se har\u00e1 sentir en el Complejo Deportivo de Uni\u00f3n San Felipe, cuando a partir de las 9:30 horas empiece a rodar el bal\u00f3n en el Torneo de Escuelas de F\u00fatbol \u2018Pablo Apablaza Le\u00f3n\u2019, evento con el cual se rendir\u00e1 tributo al fallecido juvenil albirrojo.<br \/>\nLas series en las que habr\u00e1 competencia ser\u00e1n las categor\u00edas Penecas (4-5-6 y 7 a\u00f1os) e Infantil (8-9 y 10 a\u00f1os) y los talleres que participar\u00e1n ser\u00e1n las Escuelas de F\u00fatbol de: Amigos de Trasandino, Uni\u00f3n Espa\u00f1ola, Pueblo Azul Universidad de Chile, Municipal de Rinconada, Alejo Rodr\u00edguez y Uni\u00f3n San Felipe.<\/p>\n","protected":false},"excerpt":{"rendered":"<p>Una ma\u00f1ana especial, la que seguro tendr\u00e1 muchos tintes de emotividad, ser\u00e1 la que ma\u00f1ana se har\u00e1 sentir en el Complejo Deportivo de Uni\u00f3n San Felipe, cuando a partir de las 9:30&#8230;<\/p>\n","protected":false},"author":482,"featured_media":79190,"comment_status":"open","ping_status":"open","sticky":false,"template":"","format":"standard","meta":{"advanced_seo_description":"","jetpack_seo_html_title":"","jetpack_seo_noindex":false,"_jetpack_memberships_contains_paid_content":false,"footnotes":""},"categories":[15],"tags":[],"class_list":["post-79189","post","type-post","status-publish","format-standard","has-post-thumbnail","hentry","category-comunidad"],"jetpack_featured_media_url":"https:\/\/i0.wp.com\/eltrabajo.cl\/portal\/wp-content\/uploads\/2017\/05\/pablo-apablaza.jpg?fit=580%2C348&ssl=1","jetpack_sharing_enabled":true,"jetpack_likes_enabled":true,"jetpack-related-posts":[],"_links":{"self":[{"href":"https:\/\/eltrabajo.cl\/portal\/wp-json\/wp\/v2\/posts\/79189","targetHints":{"allow":["GET"]}}],"collection":[{"href":"https:\/\/eltrabajo.cl\/portal\/wp-json\/wp\/v2\/posts"}],"about":[{"href":"https:\/\/eltrabajo.cl\/portal\/wp-json\/wp\/v2\/types\/post"}],"author":[{"embeddable":true,"href":"https:\/\/eltrabajo.cl\/portal\/wp-json\/wp\/v2\/users\/482"}],"replies":[{"embeddable":true,"href":"https:\/\/eltrabajo.cl\/portal\/wp-json\/wp\/v2\/comments?post=79189"}],"version-history":[{"count":0,"href":"https:\/\/eltrabajo.cl\/portal\/wp-json\/wp\/v2\/posts\/79189\/revisions"}],"wp:featuredmedia":[{"embeddable":true,"href":"https:\/\/eltrabajo.cl\/portal\/wp-json\/wp\/v2\/media\/79190"}],"wp:attachment":[{"href":"https:\/\/eltrabajo.cl\/portal\/wp-json\/wp\/v2\/media?parent=79189"}],"wp:term":[{"taxonomy":"category","embeddable":true,"href":"https:\/\/eltrabajo.cl\/portal\/wp-json\/wp\/v2\/categories?post=79189"},{"taxonomy":"post_tag","embeddable":true,"href":"https:\/\/eltrabajo.cl\/portal\/wp-json\/wp\/v2\/tags?post=79189"}],"curies":[{"name":"wp","href":"https:\/\/api.w.org\/{rel}","templated":true}]}}