{"id":79192,"date":"2017-05-26T06:04:00","date_gmt":"2017-05-26T10:04:00","guid":{"rendered":"http:\/\/www.eltrabajo.cl\/2017\/?p=79192"},"modified":"2017-05-26T06:04:00","modified_gmt":"2017-05-26T10:04:00","slug":"pronostican-helada-de-2-grados-bajo-cero-para-este-fin-de-semana","status":"publish","type":"post","link":"https:\/\/eltrabajo.cl\/portal\/pronostican-helada-de-2-grados-bajo-cero-para-este-fin-de-semana\/","title":{"rendered":"Pronostican helada de 2 grados bajo cero para este fin de semana"},"content":{"rendered":"<figure id=\"attachment_79193\" aria-describedby=\"caption-attachment-79193\" style=\"width: 580px\" class=\"wp-caption alignnone\"><img data-recalc-dims=\"1\" loading=\"lazy\" decoding=\"async\" class=\"size-full wp-image-79193\" src=\"https:\/\/i0.wp.com\/www.eltrabajo.cl\/2017\/wp-content\/uploads\/2017\/05\/Helada_Miguel-Cuevas.jpg?resize=580%2C348\" alt=\"Encargado de la estaci\u00f3n meteorol\u00f3gica de la Escuela Agr\u00edcola, Miguel Cuevas.\" width=\"580\" height=\"348\" srcset=\"https:\/\/i0.wp.com\/eltrabajo.cl\/portal\/wp-content\/uploads\/2017\/05\/Helada_Miguel-Cuevas.jpg?w=580&amp;ssl=1 580w, https:\/\/i0.wp.com\/eltrabajo.cl\/portal\/wp-content\/uploads\/2017\/05\/Helada_Miguel-Cuevas.jpg?resize=200%2C120&amp;ssl=1 200w, https:\/\/i0.wp.com\/eltrabajo.cl\/portal\/wp-content\/uploads\/2017\/05\/Helada_Miguel-Cuevas.jpg?resize=300%2C180&amp;ssl=1 300w, https:\/\/i0.wp.com\/eltrabajo.cl\/portal\/wp-content\/uploads\/2017\/05\/Helada_Miguel-Cuevas.jpg?resize=250%2C150&amp;ssl=1 250w, https:\/\/i0.wp.com\/eltrabajo.cl\/portal\/wp-content\/uploads\/2017\/05\/Helada_Miguel-Cuevas.jpg?resize=400%2C240&amp;ssl=1 400w\" sizes=\"auto, (max-width: 580px) 100vw, 580px\" \/><figcaption id=\"caption-attachment-79193\" class=\"wp-caption-text\">Encargado de la estaci\u00f3n meteorol\u00f3gica de la Escuela Agr\u00edcola, Miguel Cuevas.<\/figcaption><\/figure>\n<p>Ayer nos envolvi\u00f3 otra lluvia bendita, hace una semana nos inund\u00f3 las calles un frente lluvioso y para este fin de semana est\u00e1 pronosticado un g\u00e9lido frente fr\u00edo, el que como m\u00ednimo registrar\u00e1 temperaturas de 2 grados bajo cero, una helada que promete tambi\u00e9n terminar con las hojas de los frutos carozos (que tienen cuesco), para as\u00ed instalarse casi de forma definitiva el invierno por llegar.<br \/>\nLa informaci\u00f3n la entreg\u00f3 el encargado de la estaci\u00f3n meteorol\u00f3gica de la Escuela Agr\u00edcola, Miguel Cuevas a Diario El Trabajo.<br \/>\n\u00abEsta helada o frente fr\u00edo, empezar\u00e1 temprano el s\u00e1bado y desaparecer\u00e1 durante el d\u00eda lunes. No habr\u00e1 lluvias. Es importante se\u00f1alar que en materia de lluvias este a\u00f1o estamos por sobre el 103% m\u00e1s que el 2016 a esta misma fecha, eso es muy bueno para nuestra agricultura, ya que a esta misma fecha ten\u00edamos 71,1mm. el a\u00f1o pasado, y ahora llevamos 85,4 mm. En cuanto a la zona cordillera, habr\u00e1 mucha nieve, tambi\u00e9n eso es bueno, pues \u00e9sta endurecer\u00e1 la que cay\u00f3 por toneladas hace una semana, as\u00ed que esperamos un invierno muy positivo, decir que entonces a abrigarnos y cuidarnos todos. Lo peor que nos podr\u00eda pasar es que el clima se pusiera c\u00e1lido, ah\u00ed s\u00ed que nos da\u00f1ar\u00eda la fruta\u00bb, dijo Cuevas.<\/p>\n<p><strong>A PREPARARSE<\/strong><br \/>\nLa helada que nos impactar\u00e1 este fin de semana es un fen\u00f3meno meteorol\u00f3gico que consiste en un descenso de la temperatura ambiente a niveles inferiores al punto de congelaci\u00f3n del agua, y hace que el agua o el vapor que est\u00e1 en el aire se congele, deposit\u00e1ndose en forma de hielo en las superficies.<br \/>\nM\u00e1s precisamente, la Organizaci\u00f3n Meteorol\u00f3gica Mundial habla de helada en el suelo, en referencia a diversos tipos de cobertura de hielo sobre el suelo, producidas por la deposici\u00f3n directa del vapor de agua. La helada negra es cuando una helada se produce con mayor presi\u00f3n. Las plantas suelen destruirse del todo.<br \/>\nRoberto Gonz\u00e1lez Short<\/p>\n<figure id=\"attachment_79194\" aria-describedby=\"caption-attachment-79194\" style=\"width: 580px\" class=\"wp-caption alignnone\"><img data-recalc-dims=\"1\" loading=\"lazy\" decoding=\"async\" class=\"size-full wp-image-79194\" src=\"https:\/\/i0.wp.com\/www.eltrabajo.cl\/2017\/wp-content\/uploads\/2017\/05\/Helada1.jpg?resize=580%2C348\" alt=\"As\u00ed luc\u00eda Almendral Alto la semana pasada, luego que nev\u00f3 durante algunos minutos. (Archivo)\" width=\"580\" height=\"348\" srcset=\"https:\/\/i0.wp.com\/eltrabajo.cl\/portal\/wp-content\/uploads\/2017\/05\/Helada1.jpg?w=580&amp;ssl=1 580w, https:\/\/i0.wp.com\/eltrabajo.cl\/portal\/wp-content\/uploads\/2017\/05\/Helada1.jpg?resize=200%2C120&amp;ssl=1 200w, https:\/\/i0.wp.com\/eltrabajo.cl\/portal\/wp-content\/uploads\/2017\/05\/Helada1.jpg?resize=300%2C180&amp;ssl=1 300w, https:\/\/i0.wp.com\/eltrabajo.cl\/portal\/wp-content\/uploads\/2017\/05\/Helada1.jpg?resize=250%2C150&amp;ssl=1 250w, https:\/\/i0.wp.com\/eltrabajo.cl\/portal\/wp-content\/uploads\/2017\/05\/Helada1.jpg?resize=400%2C240&amp;ssl=1 400w\" sizes=\"auto, (max-width: 580px) 100vw, 580px\" \/><figcaption id=\"caption-attachment-79194\" class=\"wp-caption-text\">As\u00ed luc\u00eda Almendral Alto la semana pasada, luego que nev\u00f3 durante algunos minutos. (Archivo)<\/figcaption><\/figure>\n","protected":false},"excerpt":{"rendered":"<p>Ayer nos envolvi\u00f3 otra lluvia bendita, hace una semana nos inund\u00f3 las calles un frente lluvioso y para este fin de semana est\u00e1 pronosticado un g\u00e9lido frente fr\u00edo, el que como m\u00ednimo&#8230;<\/p>\n","protected":false},"author":482,"featured_media":79194,"comment_status":"open","ping_status":"open","sticky":false,"template":"","format":"standard","meta":{"advanced_seo_description":"","jetpack_seo_html_title":"","jetpack_seo_noindex":false,"_jetpack_memberships_contains_paid_content":false,"footnotes":""},"categories":[1],"tags":[],"class_list":["post-79192","post","type-post","status-publish","format-standard","has-post-thumbnail","hentry","category-cronica"],"jetpack_featured_media_url":"https:\/\/i0.wp.com\/eltrabajo.cl\/portal\/wp-content\/uploads\/2017\/05\/Helada1.jpg?fit=580%2C348&ssl=1","jetpack_sharing_enabled":true,"jetpack_likes_enabled":true,"jetpack-related-posts":[],"_links":{"self":[{"href":"https:\/\/eltrabajo.cl\/portal\/wp-json\/wp\/v2\/posts\/79192","targetHints":{"allow":["GET"]}}],"collection":[{"href":"https:\/\/eltrabajo.cl\/portal\/wp-json\/wp\/v2\/posts"}],"about":[{"href":"https:\/\/eltrabajo.cl\/portal\/wp-json\/wp\/v2\/types\/post"}],"author":[{"embeddable":true,"href":"https:\/\/eltrabajo.cl\/portal\/wp-json\/wp\/v2\/users\/482"}],"replies":[{"embeddable":true,"href":"https:\/\/eltrabajo.cl\/portal\/wp-json\/wp\/v2\/comments?post=79192"}],"version-history":[{"count":0,"href":"https:\/\/eltrabajo.cl\/portal\/wp-json\/wp\/v2\/posts\/79192\/revisions"}],"wp:featuredmedia":[{"embeddable":true,"href":"https:\/\/eltrabajo.cl\/portal\/wp-json\/wp\/v2\/media\/79194"}],"wp:attachment":[{"href":"https:\/\/eltrabajo.cl\/portal\/wp-json\/wp\/v2\/media?parent=79192"}],"wp:term":[{"taxonomy":"category","embeddable":true,"href":"https:\/\/eltrabajo.cl\/portal\/wp-json\/wp\/v2\/categories?post=79192"},{"taxonomy":"post_tag","embeddable":true,"href":"https:\/\/eltrabajo.cl\/portal\/wp-json\/wp\/v2\/tags?post=79192"}],"curies":[{"name":"wp","href":"https:\/\/api.w.org\/{rel}","templated":true}]}}